{"id":15317,"date":"2025-10-26T22:17:49","date_gmt":"2025-10-26T22:17:49","guid":{"rendered":"https:\/\/nsf.pt\/?p=15317"},"modified":"2025-10-26T22:17:50","modified_gmt":"2025-10-26T22:17:50","slug":"para-onde-caminha-o-bloco-de-esquerda","status":"publish","type":"post","link":"https:\/\/nsf.pt\/index.php\/2025\/10\/26\/para-onde-caminha-o-bloco-de-esquerda\/","title":{"rendered":"Para onde caminha o Bloco de Esquerda?"},"content":{"rendered":"\n<h2 class=\"wp-block-heading\">A responsabilidade da situa\u00e7\u00e3o do Bloco<\/h2>\n\n\n\n<h3 class=\"wp-block-heading has-vivid-red-color has-text-color\">por M\u00e1rio Tom\u00e9, in Facebook<\/h3>\n\n\n\n<p>Tenho visto muitos camaradas escandalizados com a imagem. Ela apenas representa simbolicamente a entrega da cabe\u00e7a da coordenadora &#8211; evocando uma hist\u00f3ria b\u00edblica de Herodes, Salom\u00e9 e Jo\u00e3o Baptista &#8211; para limpar os mandadores da responsabilidade da situa\u00e7\u00e3o do Bloco. Esta evoca\u00e7\u00e3o simb\u00f3lica \u00e9 importante e adequada. Todos sabemos que a responsabilidade da situa\u00e7\u00e3o do Bloco \u00e9:<\/p>\n\n\n\n<p>Em primeiro lugar do colectivo dos seus militantes que se demitiram de criticar consequentemente a direc\u00e7\u00e3o e de gerarem ou apoiarem alternativas que lhes foram apresentadas ao longo do tempo nas v\u00e1rias conven\u00e7\u00f5es.<\/p>\n\n\n\n<p>\u00c9 em seguida dos fundadores\/afundadores que contando com a atitude contemplativa da milit\u00e2ncia, de que abusaram com o prest\u00edgio ganho enquanto fundadores e primeiros deputados do Bloco, orientaram os aderentes para aceitarem o Parlamento como centro da actividade pol\u00edtica dissuadindo a forma\u00e7\u00e3o de n\u00facleos e at\u00e9 condenando e atacando a sua forma\u00e7\u00e3o a camaradas que se batiam consequentemente por isso na justa perspectiva de que \u00e9 a\u00ed que se constr\u00f3i e aprofunda a rela\u00e7\u00e3o do partido com o povo. Os resultados conseguidos incluindo a Geringon\u00e7a, foram gerando a disputa pelo poder entre tend\u00eancias que s\u00e3o uma excresc\u00eancia no pensamento revolucion\u00e1rio que deu origem ao Bloco substituindo a milit\u00e2ncia (at\u00e9 passaram a chamar-lhe ades\u00e3o -ou ader\u00eancia?) pela disputa cristalizada do poder, em vez de estimularem a luta pelo poder do povo e dos trabalhadores. Para tal o Bloco assentou a sua organiza\u00e7\u00e3o nos funcion\u00e1rios e na burocracia.<\/p>\n\n\n\n<p>O funcionamento da Geringon\u00e7a gerou a adequa\u00e7\u00e3o \u00e0 solu\u00e7\u00e3o de poder com o PS (a Mariana convencida a dizer enfaticamente da Tribuna da Conven\u00e7\u00e3o de 2017: \u201cvamos pr\u00f3 governo \u201c e essa ilus\u00e3o transcorreu para o pr\u00f3prio eleitorado que quando o Bloco com raz\u00e3o chumbou or\u00e7amento do PS o penalizou brutalmente, s\u00f3 faltando chamar-lhe traidor!<\/p>\n\n\n\n<p>O Bloco, os seus \u201cafundadores\u201d e logo a sua direc\u00e7\u00e3o passaram a pensar a pol\u00edtica, quer nacional quer internacionalmente, contra a estrat\u00e9gia revolucion\u00e1ria que o fez nascer, logo adoptando t\u00e1cticas ad hoc. O que interessava passou a ser estar \u00e0 tona, manter a hip\u00f3tese de alian\u00e7as com o PS &#8211; que tamb\u00e9m j\u00e1 nem PS \u00e9: a b\u00f3ia furou.<\/p>\n\n\n\n<p>Do ponto de vista da geopol\u00edtica, mantendo o slogan contra a NATO, em tempo de guerra na Europa adequou-se \u00e0 estrat\u00e9gia dos EUA primeiro, depois \u00e0 da UE e completa ced\u00eancia ao armamento- primeiro votou depois foi a correr abster-se- e j\u00e1 s\u00f3 quando n\u00e3o tinha outra hip\u00f3tese passou a clamar pela paz mas\u2026<\/p>\n\n\n\n<p>Isto tudo quando nasceu para estar na primeira linha da luta contra o capital e contra a guerra.<\/p>\n\n\n\n<p>A direc\u00e7\u00e3o do Bloco est\u00e1 a chapinhar na lama do oportunismo e muito dificilmente dela se escapar\u00e1 porque para al\u00e9m da quebra da sua alma pol\u00edtica quebrou tamb\u00e9m eticamente, pela forma como tratou alguns dos melhores camaradas para pop o poder sect\u00e1rio, gerando ainda um esp\u00edrito clubista de defesa da camisola e n\u00e3o da justeza politica.<\/p>\n\n\n\n<p>Isto para saudar o Pedro Soares pelo seu \u201cdesplante\u201d que parece ter perturbado alguns camaradas.<\/p>\n\n\n\n<p>O pensamento cr\u00edtico jamais se pode curvar a preconceitos \u201cevang\u00e9licos\u201d.<\/p>\n\n\n\n<p>Texto original <a href=\"https:\/\/www.facebook.com\/mario.tome.10\">AQUI<\/a><\/p>\n","protected":false},"excerpt":{"rendered":"<p>A responsabilidade da situa\u00e7\u00e3o do Bloco por M\u00e1rio Tom\u00e9, in Facebook Tenho visto muitos camaradas&#8230;<\/p>\n","protected":false},"author":2,"featured_media":15318,"comment_status":"open","ping_status":"open","sticky":true,"template":"","format":"standard","meta":{"sfsi_plus_gutenberg_text_before_share":"","sfsi_plus_gutenberg_show_text_before_share":"","sfsi_plus_gutenberg_icon_type":"","sfsi_plus_gutenberg_icon_alignemt":"","sfsi_plus_gutenburg_max_per_row":"","ngg_post_thumbnail":0,"footnotes":""},"categories":[238,528],"tags":[706],"featured_image_urls":{"full":["https:\/\/nsf.pt\/wp-content\/uploads\/2025\/10\/tome.jpg",684,379,false],"thumbnail":["https:\/\/nsf.pt\/wp-content\/uploads\/2025\/10\/tome-150x150.jpg",150,150,true],"medium":["https:\/\/nsf.pt\/wp-content\/uploads\/2025\/10\/tome-300x166.jpg",300,166,true],"medium_large":["https:\/\/nsf.pt\/wp-content\/uploads\/2025\/10\/tome.jpg",640,355,false],"large":["https:\/\/nsf.pt\/wp-content\/uploads\/2025\/10\/tome.jpg",640,355,false],"1536x1536":["https:\/\/nsf.pt\/wp-content\/uploads\/2025\/10\/tome.jpg",684,379,false],"2048x2048":["https:\/\/nsf.pt\/wp-content\/uploads\/2025\/10\/tome.jpg",684,379,false],"covernews-slider-full":["https:\/\/nsf.pt\/wp-content\/uploads\/2025\/10\/tome.jpg",684,379,false],"covernews-slider-center":["https:\/\/nsf.pt\/wp-content\/uploads\/2025\/10\/tome.jpg",684,379,false],"covernews-featured":["https:\/\/nsf.pt\/wp-content\/uploads\/2025\/10\/tome.jpg",684,379,false],"covernews-medium":["https:\/\/nsf.pt\/wp-content\/uploads\/2025\/10\/tome-540x340.jpg",540,340,true],"covernews-medium-square":["https:\/\/nsf.pt\/wp-content\/uploads\/2025\/10\/tome-400x250.jpg",400,250,true]},"author_info":{"info":["Carlos Ribeiro"]},"category_info":"<a href=\"https:\/\/nsf.pt\/index.php\/category\/destaque\/\" rel=\"category tag\">DESTAQUE<\/a> <a href=\"https:\/\/nsf.pt\/index.php\/category\/o-debate-na-esquerda\/\" rel=\"category tag\">O DEBATE NA ESQUERDA<\/a>","tag_info":"O DEBATE NA ESQUERDA","comment_count":"0","_links":{"self":[{"href":"https:\/\/nsf.pt\/index.php\/wp-json\/wp\/v2\/posts\/15317"}],"collection":[{"href":"https:\/\/nsf.pt\/index.php\/wp-json\/wp\/v2\/posts"}],"about":[{"href":"https:\/\/nsf.pt\/index.php\/wp-json\/wp\/v2\/types\/post"}],"author":[{"embeddable":true,"href":"https:\/\/nsf.pt\/index.php\/wp-json\/wp\/v2\/users\/2"}],"replies":[{"embeddable":true,"href":"https:\/\/nsf.pt\/index.php\/wp-json\/wp\/v2\/comments?post=15317"}],"version-history":[{"count":1,"href":"https:\/\/nsf.pt\/index.php\/wp-json\/wp\/v2\/posts\/15317\/revisions"}],"predecessor-version":[{"id":15319,"href":"https:\/\/nsf.pt\/index.php\/wp-json\/wp\/v2\/posts\/15317\/revisions\/15319"}],"wp:featuredmedia":[{"embeddable":true,"href":"https:\/\/nsf.pt\/index.php\/wp-json\/wp\/v2\/media\/15318"}],"wp:attachment":[{"href":"https:\/\/nsf.pt\/index.php\/wp-json\/wp\/v2\/media?parent=15317"}],"wp:term":[{"taxonomy":"category","embeddable":true,"href":"https:\/\/nsf.pt\/index.php\/wp-json\/wp\/v2\/categories?post=15317"},{"taxonomy":"post_tag","embeddable":true,"href":"https:\/\/nsf.pt\/index.php\/wp-json\/wp\/v2\/tags?post=15317"}],"curies":[{"name":"wp","href":"https:\/\/api.w.org\/{rel}","templated":true}]}}