{"id":15342,"date":"2025-11-03T10:45:41","date_gmt":"2025-11-03T10:45:41","guid":{"rendered":"https:\/\/nsf.pt\/?p=15342"},"modified":"2025-11-03T10:45:42","modified_gmt":"2025-11-03T10:45:42","slug":"um-congresso-de-se-lhe-tirar-o-chapeu","status":"publish","type":"post","link":"https:\/\/nsf.pt\/index.php\/2025\/11\/03\/um-congresso-de-se-lhe-tirar-o-chapeu\/","title":{"rendered":"Um congresso de se lhe tirar o chap\u00e9u"},"content":{"rendered":"\n<h2 class=\"wp-block-heading\">Um evento com ideias, com opini\u00f5es sustentadas, com propostas e desafios e com reencontros com muitos abra\u00e7os \u00e0 mistura <\/h2>\n\n\n\n<p><\/p>\n\n\n\n<h3 class=\"wp-block-heading has-vivid-red-color has-text-color\">EDUCA\u00c7\u00c3O DE SEGUNDA OPORTUNIDADE \u2013 Congresso Internacional do Porto [2]<\/h3>\n\n\n\n<p>E se um congresso sobre educa\u00e7\u00e3o come\u00e7asse com uma aluna, com uma\u00a0voz ritmada em tom de rap, com\u00a0m\u00fasica, com arte, com a express\u00e3o tranquila de uma revolta surda, com a alegria de proclamar e declamar, com arrog\u00e2ncia humilde de tomar o palco por direito pr\u00f3prio, de dizer sem gritar e, assim, atingir o alvo sem d\u00f3 nem piedade sinalizando que o evento n\u00e3o \u00e9 para encher pneus, mas antes para dar um salto em frente, ir mais al\u00e9m. Exprimiu a vontade e a esperan\u00e7a de quem j\u00e1 \u00e9 obreiro de algo de novo e de melhor. Uma aluna-artes\u00e3 que talha ela pr\u00f3pria o seu futuro e que veio abrir as portas. Foi aplaudida com emo\u00e7\u00e3o.\u00a0<\/p>\n\n\n\n<div style=\"height:16px\" aria-hidden=\"true\" class=\"wp-block-spacer\"><\/div>\n\n\n\n<figure class=\"wp-block-gallery has-nested-images columns-default is-cropped wp-block-gallery-1 is-layout-flex wp-block-gallery-is-layout-flex\">\n<figure class=\"wp-block-image size-large\"><img decoding=\"async\" loading=\"lazy\" width=\"796\" height=\"300\" data-id=\"15343\" src=\"https:\/\/nsf.pt\/wp-content\/uploads\/2025\/11\/CONG2.jpg\" alt=\"\" class=\"wp-image-15343\" srcset=\"https:\/\/nsf.pt\/wp-content\/uploads\/2025\/11\/CONG2.jpg 796w, https:\/\/nsf.pt\/wp-content\/uploads\/2025\/11\/CONG2-300x113.jpg 300w, https:\/\/nsf.pt\/wp-content\/uploads\/2025\/11\/CONG2-768x289.jpg 768w\" sizes=\"(max-width: 796px) 100vw, 796px\" \/><\/figure>\n<\/figure>\n\n\n\n<div style=\"height:22px\" aria-hidden=\"true\" class=\"wp-block-spacer\"><\/div>\n\n\n\n<h2 class=\"wp-block-heading\">Em que consistiu este evento?\u00a0<\/h2>\n\n\n\n<p>[excertos da comunica\u00e7\u00e3o p\u00f3s-Congresso de Luis Mesquita, Diretor da Escola de Segunda Oportunidade]\u00a0<\/p>\n\n\n\n<p>O 2\u00ba Congresso Internacional de Educa\u00e7\u00e3o de Segunda Oportunidade, realizado a 31 de Outubro de 2025, no audit\u00f3rio principal da Faculdade de Psicologia e Ci\u00eancias da Educa\u00e7\u00e3o da Universidade do Porto, foi organiza\u00e7\u00e3o pela AE2O, a institui\u00e7\u00e3o fundadora da iniciativa em Portugal.&nbsp;<\/p>\n\n\n\n<p>Com a realiza\u00e7\u00e3o do Congresso foram celebrados, este ano 2025, 20 anos de vida, tendo o evento sido levado a efeito em parceria com a E2O Portugal, a FPCEUP, o CIIE, o CIP &#8211; IPP e a ESE-IPP. \u00a0<\/p>\n\n\n\n<div style=\"height:17px\" aria-hidden=\"true\" class=\"wp-block-spacer\"><\/div>\n\n\n\n<figure class=\"wp-block-gallery has-nested-images columns-default is-cropped wp-block-gallery-3 is-layout-flex wp-block-gallery-is-layout-flex\">\n<figure class=\"wp-block-image size-large\"><img decoding=\"async\" loading=\"lazy\" width=\"800\" height=\"600\" data-id=\"15344\" src=\"https:\/\/nsf.pt\/wp-content\/uploads\/2025\/11\/IMG_1991.jpeg\" alt=\"\" class=\"wp-image-15344\" srcset=\"https:\/\/nsf.pt\/wp-content\/uploads\/2025\/11\/IMG_1991.jpeg 800w, https:\/\/nsf.pt\/wp-content\/uploads\/2025\/11\/IMG_1991-300x225.jpeg 300w, https:\/\/nsf.pt\/wp-content\/uploads\/2025\/11\/IMG_1991-768x576.jpeg 768w\" sizes=\"(max-width: 800px) 100vw, 800px\" \/><\/figure>\n\n\n\n<figure class=\"wp-block-image size-large\"><img decoding=\"async\" loading=\"lazy\" width=\"800\" height=\"600\" data-id=\"15345\" src=\"https:\/\/nsf.pt\/wp-content\/uploads\/2025\/11\/IMG_2044.jpeg\" alt=\"\" class=\"wp-image-15345\" srcset=\"https:\/\/nsf.pt\/wp-content\/uploads\/2025\/11\/IMG_2044.jpeg 800w, https:\/\/nsf.pt\/wp-content\/uploads\/2025\/11\/IMG_2044-300x225.jpeg 300w, https:\/\/nsf.pt\/wp-content\/uploads\/2025\/11\/IMG_2044-768x576.jpeg 768w\" sizes=\"(max-width: 800px) 100vw, 800px\" \/><\/figure>\n<\/figure>\n\n\n\n<div style=\"height:22px\" aria-hidden=\"true\" class=\"wp-block-spacer\"><\/div>\n\n\n\n<h2 class=\"wp-block-heading\">Participantes e dinamizadores<\/h2>\n\n\n\n<p>O Congresso contou com mais de 200 participantes presentes no grande audit\u00f3rio 2A da FPCEUP tendo ainda sido transmitido em <em>streaming<\/em> para visualiza\u00e7\u00f5es \u00e0 dist\u00e2ncia.&nbsp;<\/p>\n\n\n\n<p>Um grupo muito alargado de conferencistas e de moderadores dos diferentes pain\u00e9is, que s\u00e3o importantes refer\u00eancias nacionais e internacionais em educa\u00e7\u00e3o, como Ant\u00f3nio N\u00f3voa, Jo\u00e3o Costa, Lic\u00ednio Lima, Joaquim Azevedo, Alberto Melo, Luis Rothes, Rui Marques, Ricardo Rodrigues, Poliksena Hardalova, M\u00e1rio Cruz, Eunice Macedo, Sofia Almeida Santos, Carlos Ribeiro, Am\u00e9lia Veiga, Maria Jos\u00e9 Magalh\u00e3es, Luis Mesquita, forneceu ao encontro uma base particularmente profunda e por vezes significativamente cr\u00edtica sobre os temas da educa\u00e7\u00e3o que \u00a0acabou por proporcionar a todos os presentes uma reflex\u00e3o estrat\u00e9gica sobre o papel e o futuro \u00a0da educa\u00e7\u00e3o de segunda oportunidade.\u00a0<\/p>\n\n\n\n<div style=\"height:29px\" aria-hidden=\"true\" class=\"wp-block-spacer\"><\/div>\n\n\n\n<figure class=\"wp-block-gallery has-nested-images columns-default is-cropped wp-block-gallery-5 is-layout-flex wp-block-gallery-is-layout-flex\">\n<figure class=\"wp-block-image size-large\"><img decoding=\"async\" loading=\"lazy\" width=\"800\" height=\"600\" data-id=\"15346\" src=\"https:\/\/nsf.pt\/wp-content\/uploads\/2025\/11\/IMG_2022.jpeg\" alt=\"\" class=\"wp-image-15346\" srcset=\"https:\/\/nsf.pt\/wp-content\/uploads\/2025\/11\/IMG_2022.jpeg 800w, https:\/\/nsf.pt\/wp-content\/uploads\/2025\/11\/IMG_2022-300x225.jpeg 300w, https:\/\/nsf.pt\/wp-content\/uploads\/2025\/11\/IMG_2022-768x576.jpeg 768w\" sizes=\"(max-width: 800px) 100vw, 800px\" \/><\/figure>\n\n\n\n<figure class=\"wp-block-image size-large\"><img decoding=\"async\" loading=\"lazy\" width=\"800\" height=\"600\" data-id=\"15349\" src=\"https:\/\/nsf.pt\/wp-content\/uploads\/2025\/11\/IMG_2025.jpeg\" alt=\"\" class=\"wp-image-15349\" srcset=\"https:\/\/nsf.pt\/wp-content\/uploads\/2025\/11\/IMG_2025.jpeg 800w, https:\/\/nsf.pt\/wp-content\/uploads\/2025\/11\/IMG_2025-300x225.jpeg 300w, https:\/\/nsf.pt\/wp-content\/uploads\/2025\/11\/IMG_2025-768x576.jpeg 768w\" sizes=\"(max-width: 800px) 100vw, 800px\" \/><\/figure>\n\n\n\n<figure class=\"wp-block-image size-large\"><img decoding=\"async\" loading=\"lazy\" width=\"800\" height=\"600\" data-id=\"15347\" src=\"https:\/\/nsf.pt\/wp-content\/uploads\/2025\/11\/IMG_2026.jpeg\" alt=\"\" class=\"wp-image-15347\" srcset=\"https:\/\/nsf.pt\/wp-content\/uploads\/2025\/11\/IMG_2026.jpeg 800w, https:\/\/nsf.pt\/wp-content\/uploads\/2025\/11\/IMG_2026-300x225.jpeg 300w, https:\/\/nsf.pt\/wp-content\/uploads\/2025\/11\/IMG_2026-768x576.jpeg 768w\" sizes=\"(max-width: 800px) 100vw, 800px\" \/><\/figure>\n\n\n\n<figure class=\"wp-block-image size-large\"><img decoding=\"async\" loading=\"lazy\" width=\"800\" height=\"600\" data-id=\"15351\" src=\"https:\/\/nsf.pt\/wp-content\/uploads\/2025\/11\/IMG_2027.jpeg\" alt=\"\" class=\"wp-image-15351\" srcset=\"https:\/\/nsf.pt\/wp-content\/uploads\/2025\/11\/IMG_2027.jpeg 800w, https:\/\/nsf.pt\/wp-content\/uploads\/2025\/11\/IMG_2027-300x225.jpeg 300w, https:\/\/nsf.pt\/wp-content\/uploads\/2025\/11\/IMG_2027-768x576.jpeg 768w\" sizes=\"(max-width: 800px) 100vw, 800px\" \/><\/figure>\n\n\n\n<figure class=\"wp-block-image size-large\"><img decoding=\"async\" loading=\"lazy\" width=\"1024\" height=\"564\" data-id=\"15336\" src=\"https:\/\/nsf.pt\/wp-content\/uploads\/2025\/11\/CON1-1024x564.jpg\" alt=\"\" class=\"wp-image-15336\" srcset=\"https:\/\/nsf.pt\/wp-content\/uploads\/2025\/11\/CON1-1024x564.jpg 1024w, https:\/\/nsf.pt\/wp-content\/uploads\/2025\/11\/CON1-300x165.jpg 300w, https:\/\/nsf.pt\/wp-content\/uploads\/2025\/11\/CON1-768x423.jpg 768w, https:\/\/nsf.pt\/wp-content\/uploads\/2025\/11\/CON1.jpg 1234w\" sizes=\"(max-width: 1024px) 100vw, 1024px\" \/><\/figure>\n\n\n\n<figure class=\"wp-block-image size-large\"><img decoding=\"async\" loading=\"lazy\" width=\"800\" height=\"600\" data-id=\"15350\" src=\"https:\/\/nsf.pt\/wp-content\/uploads\/2025\/11\/IMG_2042.jpeg\" alt=\"\" class=\"wp-image-15350\" srcset=\"https:\/\/nsf.pt\/wp-content\/uploads\/2025\/11\/IMG_2042.jpeg 800w, https:\/\/nsf.pt\/wp-content\/uploads\/2025\/11\/IMG_2042-300x225.jpeg 300w, https:\/\/nsf.pt\/wp-content\/uploads\/2025\/11\/IMG_2042-768x576.jpeg 768w\" sizes=\"(max-width: 800px) 100vw, 800px\" \/><\/figure>\n<\/figure>\n\n\n\n<div style=\"height:23px\" aria-hidden=\"true\" class=\"wp-block-spacer\"><\/div>\n\n\n\n<h2 class=\"wp-block-heading\">Experi\u00eancias europeias\u00a0<\/h2>\n\n\n\n<p>Convidados estrangeiros representando as redes nacionais de Espanha, a rede Europeia de E2C e as E2C iniciais do projeto piloto europeu, Marta Cid e Jean Marc Heyberger &nbsp;Barbara Brodigan e Bert Pelzer, introduziram a experi\u00eancia e olhar cr\u00edtico europeu sobre os temas em debate&nbsp;. Todos eles apresentaram comunica\u00e7\u00f5es muito relevantes, que s\u00e3o agora patrim\u00f3nio do campo da educa\u00e7\u00e3o de segunda oportunidade. &nbsp;<\/p>\n\n\n\n<p>O Congresso contou ainda com a participa\u00e7\u00e3o de v\u00e1rios jovens da E2O de Matosinhos, com interven\u00e7\u00f5es art\u00edsticas e apresentando os diferentes conferencistas. Um dia memor\u00e1vel, cheio de encontros e de aprendizagens.\u00a0<\/p>\n\n\n\n<div style=\"height:29px\" aria-hidden=\"true\" class=\"wp-block-spacer\"><\/div>\n\n\n\n<figure class=\"wp-block-gallery has-nested-images columns-default is-cropped wp-block-gallery-7 is-layout-flex wp-block-gallery-is-layout-flex\">\n<figure class=\"wp-block-image size-full\"><img decoding=\"async\" loading=\"lazy\" width=\"881\" height=\"548\" data-id=\"15354\" src=\"https:\/\/nsf.pt\/wp-content\/uploads\/2025\/11\/CONG45.jpg\" alt=\"\" class=\"wp-image-15354\" srcset=\"https:\/\/nsf.pt\/wp-content\/uploads\/2025\/11\/CONG45.jpg 881w, https:\/\/nsf.pt\/wp-content\/uploads\/2025\/11\/CONG45-300x187.jpg 300w, https:\/\/nsf.pt\/wp-content\/uploads\/2025\/11\/CONG45-768x478.jpg 768w, https:\/\/nsf.pt\/wp-content\/uploads\/2025\/11\/CONG45-400x250.jpg 400w\" sizes=\"(max-width: 881px) 100vw, 881px\" \/><\/figure>\n\n\n\n<figure class=\"wp-block-image size-large\"><img decoding=\"async\" loading=\"lazy\" width=\"800\" height=\"600\" data-id=\"15353\" src=\"https:\/\/nsf.pt\/wp-content\/uploads\/2025\/11\/IMG_2040-1.jpeg\" alt=\"\" class=\"wp-image-15353\" srcset=\"https:\/\/nsf.pt\/wp-content\/uploads\/2025\/11\/IMG_2040-1.jpeg 800w, https:\/\/nsf.pt\/wp-content\/uploads\/2025\/11\/IMG_2040-1-300x225.jpeg 300w, https:\/\/nsf.pt\/wp-content\/uploads\/2025\/11\/IMG_2040-1-768x576.jpeg 768w\" sizes=\"(max-width: 800px) 100vw, 800px\" \/><\/figure>\n<\/figure>\n\n\n\n<p><\/p>\n\n\n\n<p><\/p>\n\n\n\n<h3 class=\"wp-block-heading\">V\u00cdDEO COM AS IMAGENS DO CONGRESSO &#8211; FPCEUP<\/h3>\n\n\n\n<div style=\"height:17px\" aria-hidden=\"true\" class=\"wp-block-spacer\"><\/div>\n\n\n\n<figure class=\"wp-block-embed is-type-video is-provider-youtube wp-block-embed-youtube wp-embed-aspect-16-9 wp-has-aspect-ratio\"><div class=\"wp-block-embed__wrapper\">\n<iframe loading=\"lazy\" title=\"2\u00ba Congresso Internacional de Educa\u00e7\u00e3o de Segunda Oportunidade\" width=\"640\" height=\"360\" src=\"https:\/\/www.youtube.com\/embed\/UIEqYfZHDWc?feature=oembed\" frameborder=\"0\" allow=\"accelerometer; autoplay; clipboard-write; encrypted-media; gyroscope; picture-in-picture; web-share\" referrerpolicy=\"strict-origin-when-cross-origin\" allowfullscreen><\/iframe>\n<\/div><\/figure>\n\n\n\n<p><\/p>\n","protected":false},"excerpt":{"rendered":"<p>Um evento com ideias, com opini\u00f5es sustentadas, com propostas e desafios e com reencontros com&#8230;<\/p>\n","protected":false},"author":2,"featured_media":15352,"comment_status":"open","ping_status":"open","sticky":true,"template":"","format":"standard","meta":{"sfsi_plus_gutenberg_text_before_share":"","sfsi_plus_gutenberg_show_text_before_share":"","sfsi_plus_gutenberg_icon_type":"","sfsi_plus_gutenberg_icon_alignemt":"","sfsi_plus_gutenburg_max_per_row":"","ngg_post_thumbnail":0,"footnotes":""},"categories":[238,520],"tags":[629],"featured_image_urls":{"full":["https:\/\/nsf.pt\/wp-content\/uploads\/2025\/11\/IMG_1995.jpeg",800,600,false],"thumbnail":["https:\/\/nsf.pt\/wp-content\/uploads\/2025\/11\/IMG_1995-150x150.jpeg",150,150,true],"medium":["https:\/\/nsf.pt\/wp-content\/uploads\/2025\/11\/IMG_1995-300x225.jpeg",300,225,true],"medium_large":["https:\/\/nsf.pt\/wp-content\/uploads\/2025\/11\/IMG_1995-768x576.jpeg",640,480,true],"large":["https:\/\/nsf.pt\/wp-content\/uploads\/2025\/11\/IMG_1995.jpeg",640,480,false],"1536x1536":["https:\/\/nsf.pt\/wp-content\/uploads\/2025\/11\/IMG_1995.jpeg",800,600,false],"2048x2048":["https:\/\/nsf.pt\/wp-content\/uploads\/2025\/11\/IMG_1995.jpeg",800,600,false],"covernews-slider-full":["https:\/\/nsf.pt\/wp-content\/uploads\/2025\/11\/IMG_1995.jpeg",800,600,false],"covernews-slider-center":["https:\/\/nsf.pt\/wp-content\/uploads\/2025\/11\/IMG_1995-800x500.jpeg",800,500,true],"covernews-featured":["https:\/\/nsf.pt\/wp-content\/uploads\/2025\/11\/IMG_1995.jpeg",800,600,false],"covernews-medium":["https:\/\/nsf.pt\/wp-content\/uploads\/2025\/11\/IMG_1995-540x340.jpeg",540,340,true],"covernews-medium-square":["https:\/\/nsf.pt\/wp-content\/uploads\/2025\/11\/IMG_1995-400x250.jpeg",400,250,true]},"author_info":{"info":["Carlos Ribeiro"]},"category_info":"<a href=\"https:\/\/nsf.pt\/index.php\/category\/destaque\/\" rel=\"category tag\">DESTAQUE<\/a> <a href=\"https:\/\/nsf.pt\/index.php\/category\/educacao\/\" rel=\"category tag\">EDUCA\u00c7\u00c3O<\/a>","tag_info":"EDUCA\u00c7\u00c3O","comment_count":"0","_links":{"self":[{"href":"https:\/\/nsf.pt\/index.php\/wp-json\/wp\/v2\/posts\/15342"}],"collection":[{"href":"https:\/\/nsf.pt\/index.php\/wp-json\/wp\/v2\/posts"}],"about":[{"href":"https:\/\/nsf.pt\/index.php\/wp-json\/wp\/v2\/types\/post"}],"author":[{"embeddable":true,"href":"https:\/\/nsf.pt\/index.php\/wp-json\/wp\/v2\/users\/2"}],"replies":[{"embeddable":true,"href":"https:\/\/nsf.pt\/index.php\/wp-json\/wp\/v2\/comments?post=15342"}],"version-history":[{"count":1,"href":"https:\/\/nsf.pt\/index.php\/wp-json\/wp\/v2\/posts\/15342\/revisions"}],"predecessor-version":[{"id":15355,"href":"https:\/\/nsf.pt\/index.php\/wp-json\/wp\/v2\/posts\/15342\/revisions\/15355"}],"wp:featuredmedia":[{"embeddable":true,"href":"https:\/\/nsf.pt\/index.php\/wp-json\/wp\/v2\/media\/15352"}],"wp:attachment":[{"href":"https:\/\/nsf.pt\/index.php\/wp-json\/wp\/v2\/media?parent=15342"}],"wp:term":[{"taxonomy":"category","embeddable":true,"href":"https:\/\/nsf.pt\/index.php\/wp-json\/wp\/v2\/categories?post=15342"},{"taxonomy":"post_tag","embeddable":true,"href":"https:\/\/nsf.pt\/index.php\/wp-json\/wp\/v2\/tags?post=15342"}],"curies":[{"name":"wp","href":"https:\/\/api.w.org\/{rel}","templated":true}]}}