{"id":15447,"date":"2025-11-10T18:44:18","date_gmt":"2025-11-10T18:44:18","guid":{"rendered":"https:\/\/nsf.pt\/?p=15447"},"modified":"2025-11-10T18:44:19","modified_gmt":"2025-11-10T18:44:19","slug":"algarve-acolhe-a-primeira-agrovila","status":"publish","type":"post","link":"https:\/\/nsf.pt\/index.php\/2025\/11\/10\/algarve-acolhe-a-primeira-agrovila\/","title":{"rendered":"Algarve acolhe a primeira AgroVILA"},"content":{"rendered":"\n<h2 class=\"wp-block-heading\">Uma nova <strong> rede que aproxima produtores e consumidores locais<\/strong><\/h2>\n\n\n\n<p><\/p>\n\n\n\n<p>A Associa\u00e7\u00e3o In Loco vai inaugurar, no pr\u00f3ximo dia 27 de novembro de 2025, \u00e0s 17h00, a AgroVILA do Algarve, nas suas instala\u00e7\u00f5es em S\u00e3o Br\u00e1s de Alportel.<\/p>\n\n\n\n<h2 class=\"wp-block-heading\">Plataforma colaborativa<\/h2>\n\n\n\n<p><br>A iniciativa integra a rede nacional AgroVILA, uma plataforma colaborativa que aproxima produtores e consumidores, em todas as regi\u00f5es, promovendo circuitos curtos de comercializa\u00e7\u00e3o, pre\u00e7os justos e uma alimenta\u00e7\u00e3o mais sustent\u00e1vel e local.\u00a0<\/p>\n\n\n\n<p>A AgroVILA permite gerir encomendas, entregas e pagamentos de forma simples, criando \u201cvilas digitais\u201d de proximidade em todo o territ\u00f3rio. Cada vila \u00e9 coordenada por um gestor local e pode envolver agricultores, consumidores.<\/p>\n\n\n\n<p><\/p>\n\n\n\n<h2 class=\"wp-block-heading\">Rela\u00e7\u00f5es de confian\u00e7a<\/h2>\n\n\n\n<p>\u201cQueremos que a Vila AgroVILA Algarve seja o ponto de partida para uma nova rede regional, enraizada no territ\u00f3rio e feita de rela\u00e7\u00f5es de confian\u00e7a entre quem produz e quem consome\u201d destaca Artur Greg\u00f3rio, coordenador do projeto AgroVila na Associa\u00e7\u00e3o In Loco.&nbsp;<\/p>\n\n\n\n<p>A inaugura\u00e7\u00e3o contar\u00e1 com um momento de conv\u00edvio entre produtores e consumidores, acompanhado por uma sopa de legumes confecionada com produtos locais.&nbsp;<\/p>\n\n\n\n<p>Esta primeira Vila AgroVILA Algarve funcionar\u00e1 em S\u00e3o Br\u00e1s de Alportel, na sede da Associa\u00e7\u00e3o In Loco, todas as quintas-feiras, com entregas de produtores entre as 09h30 e as 14h30, e levantamento de cabazes pelos consumidores entre as 16h30 e as 19h30.&nbsp;<\/p>\n\n\n\n<p>O evento \u00e9 aberto a produtores e a consumidores, bem como a toda a comunidade.<\/p>\n\n\n\n<p>A inscri\u00e7\u00e3o \u00e9 gratuita, mas obrigat\u00f3ria, atrav\u00e9s do formul\u00e1rio: <strong><u><a rel=\"noreferrer noopener\" target=\"_blank\" href=\"https:\/\/forms.gle\/6QF6RC4RxHCY2qpJA\">Inscreva-se aqui<\/a><\/u><\/strong> &#8211; para participar e integrar a comunidade.&nbsp;<\/p>\n\n\n\n<p><\/p>\n\n\n\n<h2 class=\"wp-block-heading\">O que \u00e9 o projeto AGROvila?<\/h2>\n\n\n\n<p class=\"has-luminous-vivid-amber-background-color has-background\">O projeto AGROvila est\u00e1 focado num dos aspetos cruciais para a agricultura familiar que \u00e9 o acesso&nbsp;ao mercado a pre\u00e7os justos. Nas \u00faltimas d\u00e9cadas, o retalho alimentar sofreu grandes mudan\u00e7as,&nbsp;sobretudo com a entrada de Portugal na (ent\u00e3o) Comunidade Europeia e com a entrada em cena das&nbsp;grandes empresas de distribui\u00e7\u00e3o, com claro preju\u00edzo para os pequenos produtores. Por outro lado,&nbsp;os consumidores come\u00e7am hoje a procurar mais a produ\u00e7\u00e3o local e sazonal, desde logo por quest\u00f5es&nbsp;de qualidade alimentar, mas tamb\u00e9m por preocupa\u00e7\u00f5es ambientais e sociais.<\/p>\n\n\n\n<p class=\"has-luminous-vivid-amber-background-color has-background\">O projeto AGROvila visa aproximar estes atores atrav\u00e9s da cria\u00e7\u00e3o de comunidades de consumo em&nbsp;circuitos curtos com o apoio de uma plataforma digital nacional acess\u00edvel a todos os produtores locais&nbsp;e todos os consumidores que permite promover e encurtar os circuitos curtos com benef\u00edcios para&nbsp;ambas as partes.<\/p>\n\n\n\n<p>Mais informa\u00e7\u00f5es sobre o projeto dispon\u00edveis em <a rel=\"noreferrer noopener\" href=\"https:\/\/agrovila.org\/\" target=\"_blank\">https:\/\/agrovila.org\/<\/a><\/p>\n\n\n\n<div style=\"height:31px\" aria-hidden=\"true\" class=\"wp-block-spacer\"><\/div>\n\n\n\n<figure class=\"wp-block-gallery has-nested-images columns-default is-cropped wp-block-gallery-1 is-layout-flex wp-block-gallery-is-layout-flex\">\n<figure class=\"wp-block-image size-large\"><img decoding=\"async\" loading=\"lazy\" width=\"347\" height=\"278\" data-id=\"15448\" src=\"https:\/\/nsf.pt\/wp-content\/uploads\/2025\/11\/agrovila2.jpg\" alt=\"\" class=\"wp-image-15448\" srcset=\"https:\/\/nsf.pt\/wp-content\/uploads\/2025\/11\/agrovila2.jpg 347w, https:\/\/nsf.pt\/wp-content\/uploads\/2025\/11\/agrovila2-300x240.jpg 300w\" sizes=\"(max-width: 347px) 100vw, 347px\" \/><\/figure>\n<\/figure>\n","protected":false},"excerpt":{"rendered":"<p>Uma nova rede que aproxima produtores e consumidores locais A Associa\u00e7\u00e3o In Loco vai inaugurar,&#8230;<\/p>\n","protected":false},"author":2,"featured_media":15449,"comment_status":"open","ping_status":"open","sticky":true,"template":"","format":"standard","meta":{"sfsi_plus_gutenberg_text_before_share":"","sfsi_plus_gutenberg_show_text_before_share":"","sfsi_plus_gutenberg_icon_type":"","sfsi_plus_gutenberg_icon_alignemt":"","sfsi_plus_gutenburg_max_per_row":"","ngg_post_thumbnail":0,"footnotes":""},"categories":[238,446],"tags":[583],"featured_image_urls":{"full":["https:\/\/nsf.pt\/wp-content\/uploads\/2025\/11\/agrovila.jpg",417,320,false],"thumbnail":["https:\/\/nsf.pt\/wp-content\/uploads\/2025\/11\/agrovila-150x150.jpg",150,150,true],"medium":["https:\/\/nsf.pt\/wp-content\/uploads\/2025\/11\/agrovila-300x230.jpg",300,230,true],"medium_large":["https:\/\/nsf.pt\/wp-content\/uploads\/2025\/11\/agrovila.jpg",417,320,false],"large":["https:\/\/nsf.pt\/wp-content\/uploads\/2025\/11\/agrovila.jpg",417,320,false],"1536x1536":["https:\/\/nsf.pt\/wp-content\/uploads\/2025\/11\/agrovila.jpg",417,320,false],"2048x2048":["https:\/\/nsf.pt\/wp-content\/uploads\/2025\/11\/agrovila.jpg",417,320,false],"covernews-slider-full":["https:\/\/nsf.pt\/wp-content\/uploads\/2025\/11\/agrovila.jpg",417,320,false],"covernews-slider-center":["https:\/\/nsf.pt\/wp-content\/uploads\/2025\/11\/agrovila.jpg",417,320,false],"covernews-featured":["https:\/\/nsf.pt\/wp-content\/uploads\/2025\/11\/agrovila.jpg",417,320,false],"covernews-medium":["https:\/\/nsf.pt\/wp-content\/uploads\/2025\/11\/agrovila.jpg",417,320,false],"covernews-medium-square":["https:\/\/nsf.pt\/wp-content\/uploads\/2025\/11\/agrovila-400x250.jpg",400,250,true]},"author_info":{"info":["Carlos Ribeiro"]},"category_info":"<a href=\"https:\/\/nsf.pt\/index.php\/category\/destaque\/\" rel=\"category tag\">DESTAQUE<\/a> <a href=\"https:\/\/nsf.pt\/index.php\/category\/transicoes\/\" rel=\"category tag\">TRANSI\u00c7\u00d5ES<\/a>","tag_info":"TRANSI\u00c7\u00d5ES","comment_count":"0","_links":{"self":[{"href":"https:\/\/nsf.pt\/index.php\/wp-json\/wp\/v2\/posts\/15447"}],"collection":[{"href":"https:\/\/nsf.pt\/index.php\/wp-json\/wp\/v2\/posts"}],"about":[{"href":"https:\/\/nsf.pt\/index.php\/wp-json\/wp\/v2\/types\/post"}],"author":[{"embeddable":true,"href":"https:\/\/nsf.pt\/index.php\/wp-json\/wp\/v2\/users\/2"}],"replies":[{"embeddable":true,"href":"https:\/\/nsf.pt\/index.php\/wp-json\/wp\/v2\/comments?post=15447"}],"version-history":[{"count":1,"href":"https:\/\/nsf.pt\/index.php\/wp-json\/wp\/v2\/posts\/15447\/revisions"}],"predecessor-version":[{"id":15450,"href":"https:\/\/nsf.pt\/index.php\/wp-json\/wp\/v2\/posts\/15447\/revisions\/15450"}],"wp:featuredmedia":[{"embeddable":true,"href":"https:\/\/nsf.pt\/index.php\/wp-json\/wp\/v2\/media\/15449"}],"wp:attachment":[{"href":"https:\/\/nsf.pt\/index.php\/wp-json\/wp\/v2\/media?parent=15447"}],"wp:term":[{"taxonomy":"category","embeddable":true,"href":"https:\/\/nsf.pt\/index.php\/wp-json\/wp\/v2\/categories?post=15447"},{"taxonomy":"post_tag","embeddable":true,"href":"https:\/\/nsf.pt\/index.php\/wp-json\/wp\/v2\/tags?post=15447"}],"curies":[{"name":"wp","href":"https:\/\/api.w.org\/{rel}","templated":true}]}}