{"id":15518,"date":"2025-11-17T13:04:17","date_gmt":"2025-11-17T13:04:17","guid":{"rendered":"https:\/\/nsf.pt\/?p=15518"},"modified":"2025-11-17T13:04:19","modified_gmt":"2025-11-17T13:04:19","slug":"rui-simoes-na-casa-comum","status":"publish","type":"post","link":"https:\/\/nsf.pt\/index.php\/2025\/11\/17\/rui-simoes-na-casa-comum\/","title":{"rendered":"Rui Sim\u00f5es na Casa Comum"},"content":{"rendered":"\n<h2 class=\"wp-block-heading\">Bom Povo Portugu\u00eas foi exibido e houve debate no final<\/h2>\n\n\n\n<p><\/p>\n\n\n\n<h2 class=\"wp-block-heading has-vivid-red-color has-text-color\">25 DE NOVEMBRO &#8211; O que h\u00e1 ainda para contar<\/h2>\n\n\n\n<h3 class=\"wp-block-heading has-black-color has-text-color\">Por Rui Sim\u00f5es, in Facebook<\/h3>\n\n\n\n<h3 class=\"wp-block-heading\">Ciclo CinePREC, imagens de um pa\u00eds poss\u00edvel, 15 de novembro 21h &#8211; Bom Povo Portugu\u00eas, Rui Sim\u00f5es &#8211; 1980<\/h3>\n\n\n\n<p>Ontem, a salinha da Casa do Comum estava cheia de espectadores que pela primeira vez assistiam a este velho Bom Povo, gostei! Gostei de sentir o interesse pelo Prec, mas tamb\u00e9m o prazer de verem Cinema, que apreciaram, e pela conversa que se seguiu, com muitas preocupa\u00e7\u00f5es. <\/p>\n\n\n\n<ul>\n<li>Como sair deste impasse onde estamos metidos? <\/li>\n\n\n\n<li>O que fazer para reconquistar o espa\u00e7o urbano perdido em favor dos neg\u00f3cios milion\u00e1rios que o turismo transporta? <\/li>\n\n\n\n<li>Como resistir \u00e0s propostas das leis laborais que querem tirar mais direitos aos trabalhadores?<\/li>\n\n\n\n<li>Como fazer para resistir a uma extrema direita radical? <\/li>\n\n\n\n<li>Porqu\u00ea a esquerda n\u00e3o faz uma auto critica e volta a ter uma voz que consiga alterar o panorama actual? <\/li>\n<\/ul>\n\n\n\n<p>Reconhecer os erros do passado, aqui e ailleurs, assumir que assim n\u00e3o vamos l\u00e1, o &#8220;l\u00e1&#8221; \u00e9 a tal ideia de PREC de solidariedade para com os mais desfavorecidos de luta por uma melhor condi\u00e7\u00e3o de vida para Todos, TODOS. <\/p>\n\n\n\n<p>A conversa estava boa, o Bairro continua, apesar de tudo, a ser um Alto Bairro, pelo menos nesta Casa do Comum. Quando sa\u00edmos lev\u00e1mos com o bafo da turistada, que encharcada se arrastava pelas Atalaias. Na Rosa, na Di\u00e1rio de Noticias, na Fi\u00e9is de Deus, na do Norte, nas G\u00e1veas, at\u00e9 \u00e0 Miseric\u00f3rdia, a noite e a confus\u00e3o j\u00e1 iam longe. A chuva miudinha aumentou de intensidade e l\u00e1 cheguei a casa em boas condi\u00e7\u00f5es, e a pensar, s\u00f3 mesmo estes jovens do PREC \u00e9 que me faziam sair de casa. <\/p>\n\n\n\n<p>Obrigado. Valeu a pena! J\u00e1 tinha saudades do bairro e da juventude que luta. Boa noite, a Luta Continua.<\/p>\n\n\n\n<div style=\"height:33px\" aria-hidden=\"true\" class=\"wp-block-spacer\"><\/div>\n\n\n\n<figure class=\"wp-block-image size-large\"><img decoding=\"async\" loading=\"lazy\" width=\"1024\" height=\"735\" src=\"https:\/\/nsf.pt\/wp-content\/uploads\/2025\/11\/prec-1024x735.jpg\" alt=\"\" class=\"wp-image-15519\" srcset=\"https:\/\/nsf.pt\/wp-content\/uploads\/2025\/11\/prec-1024x735.jpg 1024w, https:\/\/nsf.pt\/wp-content\/uploads\/2025\/11\/prec-300x215.jpg 300w, https:\/\/nsf.pt\/wp-content\/uploads\/2025\/11\/prec-768x551.jpg 768w, https:\/\/nsf.pt\/wp-content\/uploads\/2025\/11\/prec.jpg 1199w\" sizes=\"(max-width: 1024px) 100vw, 1024px\" \/><\/figure>\n\n\n\n<div style=\"height:18px\" aria-hidden=\"true\" class=\"wp-block-spacer\"><\/div>\n\n\n\n<p>[<em>Transcri\u00e7\u00e3o autorizada pelo autor<\/em>] . Fotografia de destaque em Cine.pt <\/p>\n","protected":false},"excerpt":{"rendered":"<p>Bom Povo Portugu\u00eas foi exibido e houve debate no final 25 DE NOVEMBRO &#8211; O&#8230;<\/p>\n","protected":false},"author":2,"featured_media":15521,"comment_status":"open","ping_status":"open","sticky":true,"template":"","format":"standard","meta":{"sfsi_plus_gutenberg_text_before_share":"","sfsi_plus_gutenberg_show_text_before_share":"","sfsi_plus_gutenberg_icon_type":"","sfsi_plus_gutenberg_icon_alignemt":"","sfsi_plus_gutenburg_max_per_row":"","ngg_post_thumbnail":0,"footnotes":""},"categories":[605,669,238],"tags":[727],"featured_image_urls":{"full":["https:\/\/nsf.pt\/wp-content\/uploads\/2025\/11\/BomP-imagem.jpg",1061,697,false],"thumbnail":["https:\/\/nsf.pt\/wp-content\/uploads\/2025\/11\/BomP-imagem-150x150.jpg",150,150,true],"medium":["https:\/\/nsf.pt\/wp-content\/uploads\/2025\/11\/BomP-imagem-300x197.jpg",300,197,true],"medium_large":["https:\/\/nsf.pt\/wp-content\/uploads\/2025\/11\/BomP-imagem-768x505.jpg",640,421,true],"large":["https:\/\/nsf.pt\/wp-content\/uploads\/2025\/11\/BomP-imagem-1024x673.jpg",640,421,true],"1536x1536":["https:\/\/nsf.pt\/wp-content\/uploads\/2025\/11\/BomP-imagem.jpg",1061,697,false],"2048x2048":["https:\/\/nsf.pt\/wp-content\/uploads\/2025\/11\/BomP-imagem.jpg",1061,697,false],"covernews-slider-full":["https:\/\/nsf.pt\/wp-content\/uploads\/2025\/11\/BomP-imagem.jpg",1061,697,false],"covernews-slider-center":["https:\/\/nsf.pt\/wp-content\/uploads\/2025\/11\/BomP-imagem-800x500.jpg",800,500,true],"covernews-featured":["https:\/\/nsf.pt\/wp-content\/uploads\/2025\/11\/BomP-imagem-1024x673.jpg",1024,673,true],"covernews-medium":["https:\/\/nsf.pt\/wp-content\/uploads\/2025\/11\/BomP-imagem-540x340.jpg",540,340,true],"covernews-medium-square":["https:\/\/nsf.pt\/wp-content\/uploads\/2025\/11\/BomP-imagem-400x250.jpg",400,250,true]},"author_info":{"info":["Carlos Ribeiro"]},"category_info":"<a href=\"https:\/\/nsf.pt\/index.php\/category\/25-de-novembro\/\" rel=\"category tag\">25 de novembro<\/a> <a href=\"https:\/\/nsf.pt\/index.php\/category\/cinema\/\" rel=\"category tag\">CINEMA<\/a> <a href=\"https:\/\/nsf.pt\/index.php\/category\/destaque\/\" rel=\"category tag\">DESTAQUE<\/a>","tag_info":"DESTAQUE","comment_count":"0","_links":{"self":[{"href":"https:\/\/nsf.pt\/index.php\/wp-json\/wp\/v2\/posts\/15518"}],"collection":[{"href":"https:\/\/nsf.pt\/index.php\/wp-json\/wp\/v2\/posts"}],"about":[{"href":"https:\/\/nsf.pt\/index.php\/wp-json\/wp\/v2\/types\/post"}],"author":[{"embeddable":true,"href":"https:\/\/nsf.pt\/index.php\/wp-json\/wp\/v2\/users\/2"}],"replies":[{"embeddable":true,"href":"https:\/\/nsf.pt\/index.php\/wp-json\/wp\/v2\/comments?post=15518"}],"version-history":[{"count":2,"href":"https:\/\/nsf.pt\/index.php\/wp-json\/wp\/v2\/posts\/15518\/revisions"}],"predecessor-version":[{"id":15522,"href":"https:\/\/nsf.pt\/index.php\/wp-json\/wp\/v2\/posts\/15518\/revisions\/15522"}],"wp:featuredmedia":[{"embeddable":true,"href":"https:\/\/nsf.pt\/index.php\/wp-json\/wp\/v2\/media\/15521"}],"wp:attachment":[{"href":"https:\/\/nsf.pt\/index.php\/wp-json\/wp\/v2\/media?parent=15518"}],"wp:term":[{"taxonomy":"category","embeddable":true,"href":"https:\/\/nsf.pt\/index.php\/wp-json\/wp\/v2\/categories?post=15518"},{"taxonomy":"post_tag","embeddable":true,"href":"https:\/\/nsf.pt\/index.php\/wp-json\/wp\/v2\/tags?post=15518"}],"curies":[{"name":"wp","href":"https:\/\/api.w.org\/{rel}","templated":true}]}}