{"id":15528,"date":"2025-11-17T18:52:29","date_gmt":"2025-11-17T18:52:29","guid":{"rendered":"https:\/\/nsf.pt\/?p=15528"},"modified":"2025-11-17T18:53:38","modified_gmt":"2025-11-17T18:53:38","slug":"irene-pimentel-em-estremoz","status":"publish","type":"post","link":"https:\/\/nsf.pt\/index.php\/2025\/11\/17\/irene-pimentel-em-estremoz\/","title":{"rendered":"Irene Pimentel em Estremoz"},"content":{"rendered":"\n<h2 class=\"wp-block-heading\">AGENDA &#8211; 22 de novembro de 2025, 16h00 Sociedade de Artistas Estremocense<\/h2>\n\n\n\n<p><\/p>\n\n\n\n<h3 class=\"wp-block-heading has-vivid-red-color has-text-color\">25 DE NOVEMBRO &#8211; O que h\u00e1 ainda por contar<\/h3>\n\n\n\n<p>No dia 22 de Novembro (s\u00e1bado) Irene Pimentel estar\u00e1 em Estremoz onde abordar\u00e1 o tema de atualidade relativo \u00e0 data do 25 de Novembro de 1975, na Sociedade de Artistas Estremocense, pelas 16,00 horas.<\/p>\n\n\n\n<p>A Sociedade dos Artistas Estremocense, reconhecida localmente como\u00a0<em>\u201cOs Artistas\u201d<\/em>, celebrou recentemente os seus 165 anos de exist\u00eancia. Fundada em 1860 por artes\u00e3os locais, esta institui\u00e7\u00e3o cultural e recreativa de Estremoz tem sido, desde ent\u00e3o, um pilar fundamental na promo\u00e7\u00e3o da cultura, do conv\u00edvio e da solidariedade na comunidade estremocense.<\/p>\n\n\n\n<p><\/p>\n\n\n\n<div style=\"height:40px\" aria-hidden=\"true\" class=\"wp-block-spacer\"><\/div>\n\n\n\n<figure class=\"wp-block-image size-large\"><img decoding=\"async\" loading=\"lazy\" width=\"1024\" height=\"724\" src=\"https:\/\/nsf.pt\/wp-content\/uploads\/2025\/11\/IRENE-1024x724.jpg\" alt=\"\" class=\"wp-image-15529\" srcset=\"https:\/\/nsf.pt\/wp-content\/uploads\/2025\/11\/IRENE-1024x724.jpg 1024w, https:\/\/nsf.pt\/wp-content\/uploads\/2025\/11\/IRENE-300x212.jpg 300w, https:\/\/nsf.pt\/wp-content\/uploads\/2025\/11\/IRENE-768x543.jpg 768w, https:\/\/nsf.pt\/wp-content\/uploads\/2025\/11\/IRENE.jpg 1191w\" sizes=\"(max-width: 1024px) 100vw, 1024px\" \/><\/figure>\n","protected":false},"excerpt":{"rendered":"<p>AGENDA &#8211; 22 de novembro de 2025, 16h00 Sociedade de Artistas Estremocense 25 DE NOVEMBRO&#8230;<\/p>\n","protected":false},"author":2,"featured_media":15530,"comment_status":"open","ping_status":"open","sticky":true,"template":"","format":"standard","meta":{"sfsi_plus_gutenberg_text_before_share":"","sfsi_plus_gutenberg_show_text_before_share":"","sfsi_plus_gutenberg_icon_type":"","sfsi_plus_gutenberg_icon_alignemt":"","sfsi_plus_gutenburg_max_per_row":"","ngg_post_thumbnail":0,"footnotes":""},"categories":[605,207],"tags":[133],"featured_image_urls":{"full":["https:\/\/nsf.pt\/wp-content\/uploads\/2025\/11\/SOC-ARTISTAS-ESTREMOCENCES.jpg",653,388,false],"thumbnail":["https:\/\/nsf.pt\/wp-content\/uploads\/2025\/11\/SOC-ARTISTAS-ESTREMOCENCES-150x150.jpg",150,150,true],"medium":["https:\/\/nsf.pt\/wp-content\/uploads\/2025\/11\/SOC-ARTISTAS-ESTREMOCENCES-300x178.jpg",300,178,true],"medium_large":["https:\/\/nsf.pt\/wp-content\/uploads\/2025\/11\/SOC-ARTISTAS-ESTREMOCENCES.jpg",640,380,false],"large":["https:\/\/nsf.pt\/wp-content\/uploads\/2025\/11\/SOC-ARTISTAS-ESTREMOCENCES.jpg",640,380,false],"1536x1536":["https:\/\/nsf.pt\/wp-content\/uploads\/2025\/11\/SOC-ARTISTAS-ESTREMOCENCES.jpg",653,388,false],"2048x2048":["https:\/\/nsf.pt\/wp-content\/uploads\/2025\/11\/SOC-ARTISTAS-ESTREMOCENCES.jpg",653,388,false],"covernews-slider-full":["https:\/\/nsf.pt\/wp-content\/uploads\/2025\/11\/SOC-ARTISTAS-ESTREMOCENCES.jpg",653,388,false],"covernews-slider-center":["https:\/\/nsf.pt\/wp-content\/uploads\/2025\/11\/SOC-ARTISTAS-ESTREMOCENCES.jpg",653,388,false],"covernews-featured":["https:\/\/nsf.pt\/wp-content\/uploads\/2025\/11\/SOC-ARTISTAS-ESTREMOCENCES.jpg",653,388,false],"covernews-medium":["https:\/\/nsf.pt\/wp-content\/uploads\/2025\/11\/SOC-ARTISTAS-ESTREMOCENCES-540x340.jpg",540,340,true],"covernews-medium-square":["https:\/\/nsf.pt\/wp-content\/uploads\/2025\/11\/SOC-ARTISTAS-ESTREMOCENCES-400x250.jpg",400,250,true]},"author_info":{"info":["Carlos Ribeiro"]},"category_info":"<a href=\"https:\/\/nsf.pt\/index.php\/category\/25-de-novembro\/\" rel=\"category tag\">25 de novembro<\/a> <a href=\"https:\/\/nsf.pt\/index.php\/category\/agenda-2\/\" rel=\"category tag\">AGENDA<\/a>","tag_info":"AGENDA","comment_count":"0","_links":{"self":[{"href":"https:\/\/nsf.pt\/index.php\/wp-json\/wp\/v2\/posts\/15528"}],"collection":[{"href":"https:\/\/nsf.pt\/index.php\/wp-json\/wp\/v2\/posts"}],"about":[{"href":"https:\/\/nsf.pt\/index.php\/wp-json\/wp\/v2\/types\/post"}],"author":[{"embeddable":true,"href":"https:\/\/nsf.pt\/index.php\/wp-json\/wp\/v2\/users\/2"}],"replies":[{"embeddable":true,"href":"https:\/\/nsf.pt\/index.php\/wp-json\/wp\/v2\/comments?post=15528"}],"version-history":[{"count":1,"href":"https:\/\/nsf.pt\/index.php\/wp-json\/wp\/v2\/posts\/15528\/revisions"}],"predecessor-version":[{"id":15531,"href":"https:\/\/nsf.pt\/index.php\/wp-json\/wp\/v2\/posts\/15528\/revisions\/15531"}],"wp:featuredmedia":[{"embeddable":true,"href":"https:\/\/nsf.pt\/index.php\/wp-json\/wp\/v2\/media\/15530"}],"wp:attachment":[{"href":"https:\/\/nsf.pt\/index.php\/wp-json\/wp\/v2\/media?parent=15528"}],"wp:term":[{"taxonomy":"category","embeddable":true,"href":"https:\/\/nsf.pt\/index.php\/wp-json\/wp\/v2\/categories?post=15528"},{"taxonomy":"post_tag","embeddable":true,"href":"https:\/\/nsf.pt\/index.php\/wp-json\/wp\/v2\/tags?post=15528"}],"curies":[{"name":"wp","href":"https:\/\/api.w.org\/{rel}","templated":true}]}}