{"id":15563,"date":"2025-11-19T09:43:27","date_gmt":"2025-11-19T09:43:27","guid":{"rendered":"https:\/\/nsf.pt\/?p=15563"},"modified":"2025-11-19T09:43:28","modified_gmt":"2025-11-19T09:43:28","slug":"amilcar-cabral-na-aja-lisboa","status":"publish","type":"post","link":"https:\/\/nsf.pt\/index.php\/2025\/11\/19\/amilcar-cabral-na-aja-lisboa\/","title":{"rendered":"Amilcar Cabral na AJA Lisboa"},"content":{"rendered":"\n<h2 class=\"wp-block-heading\">AGENDA &#8211; <strong>20 de novembro \u00e0s 18<\/strong>H30 <\/h2>\n\n\n\n<p><\/p>\n\n\n\n<p>\u00c9 j\u00e1 amanh\u00e3&nbsp;(dia&nbsp;<strong>20 de novembro \u00e0s 18h30<\/strong>)<strong>&nbsp;<\/strong>que&nbsp;o N\u00facleo AJA Lisboa recebe a exibi\u00e7\u00e3o do&nbsp;<strong>document\u00e1rio \u201cAm\u00edlcar Cabral: Cora\u00e7\u00e3o Pan-Africano e Revolucion\u00e1rio\u201d<\/strong>&nbsp;(2025), realizado por&nbsp;<strong>Carlos Pronzato<\/strong>.<\/p>\n\n\n\n<p>O filme aborda o percurso de&nbsp;<strong>Am\u00edlcar Cabral (1924\u20131973)<\/strong>, nascido em Bafat\u00e1 e assassinado em Conacri, engenheiro agr\u00edcola, organizador pol\u00edtico, te\u00f3rico marxista e diplomata guineense e cabo-verdiano. \u00c0 frente do PAIGC, Cabral foi o principal respons\u00e1vel pela liberta\u00e7\u00e3o e independ\u00eancia da Guin\u00e9-Bissau e de Cabo Verde do dom\u00ednio colonial portugu\u00eas.&nbsp;<br>A partir de depoimentos de investigadores e ativistas pol\u00edticos da di\u00e1spora cabo-verdiana e guineense em Lisboa, o document\u00e1rio tra\u00e7a a trajet\u00f3ria de Cabral e o impacto do seu pensamento na luta pela autodetermina\u00e7\u00e3o africana.<\/p>\n\n\n\n<p><strong>Entrada:<\/strong>\u00a05 Ajas<\/p>\n\n\n\n<p>FONTE: AFA Lisboa<\/p>\n\n\n\n<div style=\"height:34px\" aria-hidden=\"true\" class=\"wp-block-spacer\"><\/div>\n\n\n\n<h2 class=\"wp-block-heading\">A PROP\u00d3SITO<\/h2>\n\n\n\n<div style=\"height:22px\" aria-hidden=\"true\" class=\"wp-block-spacer\"><\/div>\n\n\n\n<figure class=\"wp-block-embed is-type-video is-provider-youtube wp-block-embed-youtube wp-embed-aspect-16-9 wp-has-aspect-ratio\"><div class=\"wp-block-embed__wrapper\">\n<iframe loading=\"lazy\" title=\"DOCUMENTA\u0301RIO AMI\u0301LCAR CABRAL 12 09 24\" width=\"640\" height=\"360\" src=\"https:\/\/www.youtube.com\/embed\/cJixWAgJyDs?feature=oembed\" frameborder=\"0\" allow=\"accelerometer; autoplay; clipboard-write; encrypted-media; gyroscope; picture-in-picture; web-share\" referrerpolicy=\"strict-origin-when-cross-origin\" allowfullscreen><\/iframe>\n<\/div><\/figure>\n","protected":false},"excerpt":{"rendered":"<p>AGENDA &#8211; 20 de novembro \u00e0s 18H30 \u00c9 j\u00e1 amanh\u00e3&nbsp;(dia&nbsp;20 de novembro \u00e0s 18h30)&nbsp;que&nbsp;o N\u00facleo&#8230;<\/p>\n","protected":false},"author":2,"featured_media":15564,"comment_status":"open","ping_status":"open","sticky":true,"template":"","format":"standard","meta":{"sfsi_plus_gutenberg_text_before_share":"","sfsi_plus_gutenberg_show_text_before_share":"","sfsi_plus_gutenberg_icon_type":"","sfsi_plus_gutenberg_icon_alignemt":"","sfsi_plus_gutenburg_max_per_row":"","ngg_post_thumbnail":0,"footnotes":""},"categories":[207,669],"tags":[104],"featured_image_urls":{"full":["https:\/\/nsf.pt\/wp-content\/uploads\/2025\/11\/Amilcar-Cabral-1.png",1200,875,false],"thumbnail":["https:\/\/nsf.pt\/wp-content\/uploads\/2025\/11\/Amilcar-Cabral-1-150x150.png",150,150,true],"medium":["https:\/\/nsf.pt\/wp-content\/uploads\/2025\/11\/Amilcar-Cabral-1-300x219.png",300,219,true],"medium_large":["https:\/\/nsf.pt\/wp-content\/uploads\/2025\/11\/Amilcar-Cabral-1-768x560.png",640,467,true],"large":["https:\/\/nsf.pt\/wp-content\/uploads\/2025\/11\/Amilcar-Cabral-1-1024x747.png",640,467,true],"1536x1536":["https:\/\/nsf.pt\/wp-content\/uploads\/2025\/11\/Amilcar-Cabral-1.png",1200,875,false],"2048x2048":["https:\/\/nsf.pt\/wp-content\/uploads\/2025\/11\/Amilcar-Cabral-1.png",1200,875,false],"covernews-slider-full":["https:\/\/nsf.pt\/wp-content\/uploads\/2025\/11\/Amilcar-Cabral-1-1115x715.png",1115,715,true],"covernews-slider-center":["https:\/\/nsf.pt\/wp-content\/uploads\/2025\/11\/Amilcar-Cabral-1-800x500.png",800,500,true],"covernews-featured":["https:\/\/nsf.pt\/wp-content\/uploads\/2025\/11\/Amilcar-Cabral-1-1024x747.png",1024,747,true],"covernews-medium":["https:\/\/nsf.pt\/wp-content\/uploads\/2025\/11\/Amilcar-Cabral-1-540x340.png",540,340,true],"covernews-medium-square":["https:\/\/nsf.pt\/wp-content\/uploads\/2025\/11\/Amilcar-Cabral-1-400x250.png",400,250,true]},"author_info":{"info":["Carlos Ribeiro"]},"category_info":"<a href=\"https:\/\/nsf.pt\/index.php\/category\/agenda-2\/\" rel=\"category tag\">AGENDA<\/a> <a href=\"https:\/\/nsf.pt\/index.php\/category\/cinema\/\" rel=\"category tag\">CINEMA<\/a>","tag_info":"CINEMA","comment_count":"0","_links":{"self":[{"href":"https:\/\/nsf.pt\/index.php\/wp-json\/wp\/v2\/posts\/15563"}],"collection":[{"href":"https:\/\/nsf.pt\/index.php\/wp-json\/wp\/v2\/posts"}],"about":[{"href":"https:\/\/nsf.pt\/index.php\/wp-json\/wp\/v2\/types\/post"}],"author":[{"embeddable":true,"href":"https:\/\/nsf.pt\/index.php\/wp-json\/wp\/v2\/users\/2"}],"replies":[{"embeddable":true,"href":"https:\/\/nsf.pt\/index.php\/wp-json\/wp\/v2\/comments?post=15563"}],"version-history":[{"count":1,"href":"https:\/\/nsf.pt\/index.php\/wp-json\/wp\/v2\/posts\/15563\/revisions"}],"predecessor-version":[{"id":15566,"href":"https:\/\/nsf.pt\/index.php\/wp-json\/wp\/v2\/posts\/15563\/revisions\/15566"}],"wp:featuredmedia":[{"embeddable":true,"href":"https:\/\/nsf.pt\/index.php\/wp-json\/wp\/v2\/media\/15564"}],"wp:attachment":[{"href":"https:\/\/nsf.pt\/index.php\/wp-json\/wp\/v2\/media?parent=15563"}],"wp:term":[{"taxonomy":"category","embeddable":true,"href":"https:\/\/nsf.pt\/index.php\/wp-json\/wp\/v2\/categories?post=15563"},{"taxonomy":"post_tag","embeddable":true,"href":"https:\/\/nsf.pt\/index.php\/wp-json\/wp\/v2\/tags?post=15563"}],"curies":[{"name":"wp","href":"https:\/\/api.w.org\/{rel}","templated":true}]}}