{"id":15575,"date":"2025-11-21T14:36:42","date_gmt":"2025-11-21T14:36:42","guid":{"rendered":"https:\/\/nsf.pt\/?p=15575"},"modified":"2025-11-21T14:36:43","modified_gmt":"2025-11-21T14:36:43","slug":"the-golden-harvest-nas-caldas","status":"publish","type":"post","link":"https:\/\/nsf.pt\/index.php\/2025\/11\/21\/the-golden-harvest-nas-caldas\/","title":{"rendered":"The Golden Harvest nas Caldas"},"content":{"rendered":"\n<h2 class=\"wp-block-heading\">AGENDA &#8211; Equipa de jornalismo do Fuma\u00e7a vai estar online <\/h2>\n\n\n\n<p><\/p>\n\n\n\n<p>No dia 26 de Novembro, \u00e0s 19h, na Rua da Caridade 11, Caldas da Rainha, vamos projectar o premiado document\u00e1rio The Golden Harvest, longa-metragem da escritora, jornalista e realizadora Alia Yunis. <\/p>\n\n\n\n<p>Depois do filme, haver\u00e1 uma conversa por videochamada com integrantes da equipa de jornalismo do Fuma\u00e7a, que retornaram este m\u00eas de uma viagem \u00e0 Cisjord\u00e2nia Ocupada, onde acompanharam de perto a apanha da azeitona e a viol\u00eancia brutal a que olivicultores palestinianos s\u00e3o submetidos por colonos e pelo ex\u00e9rcito israelitas.<\/p>\n\n\n\n<p>Para celebrar a nossa cultura e hist\u00f3ria partilhadas, haver\u00e1 azeite portugu\u00eas e za\u2019atar, entre outros petiscos. A entrada \u00e9 gr\u00e1tis, com donativo livre.<\/p>\n\n\n\n<p>FONTE: Palestina Livre Caldas<\/p>\n","protected":false},"excerpt":{"rendered":"<p>AGENDA &#8211; Equipa de jornalismo do Fuma\u00e7a vai estar online No dia 26 de Novembro,&#8230;<\/p>\n","protected":false},"author":2,"featured_media":15576,"comment_status":"open","ping_status":"open","sticky":true,"template":"","format":"standard","meta":{"sfsi_plus_gutenberg_text_before_share":"","sfsi_plus_gutenberg_show_text_before_share":"","sfsi_plus_gutenberg_icon_type":"","sfsi_plus_gutenberg_icon_alignemt":"","sfsi_plus_gutenburg_max_per_row":"","ngg_post_thumbnail":0,"footnotes":""},"categories":[207,443],"tags":[730],"featured_image_urls":{"full":["https:\/\/nsf.pt\/wp-content\/uploads\/2025\/11\/palestina-oiveira.jpg",421,424,false],"thumbnail":["https:\/\/nsf.pt\/wp-content\/uploads\/2025\/11\/palestina-oiveira-150x150.jpg",150,150,true],"medium":["https:\/\/nsf.pt\/wp-content\/uploads\/2025\/11\/palestina-oiveira-298x300.jpg",298,300,true],"medium_large":["https:\/\/nsf.pt\/wp-content\/uploads\/2025\/11\/palestina-oiveira.jpg",421,424,false],"large":["https:\/\/nsf.pt\/wp-content\/uploads\/2025\/11\/palestina-oiveira.jpg",421,424,false],"1536x1536":["https:\/\/nsf.pt\/wp-content\/uploads\/2025\/11\/palestina-oiveira.jpg",421,424,false],"2048x2048":["https:\/\/nsf.pt\/wp-content\/uploads\/2025\/11\/palestina-oiveira.jpg",421,424,false],"covernews-slider-full":["https:\/\/nsf.pt\/wp-content\/uploads\/2025\/11\/palestina-oiveira.jpg",421,424,false],"covernews-slider-center":["https:\/\/nsf.pt\/wp-content\/uploads\/2025\/11\/palestina-oiveira.jpg",421,424,false],"covernews-featured":["https:\/\/nsf.pt\/wp-content\/uploads\/2025\/11\/palestina-oiveira.jpg",421,424,false],"covernews-medium":["https:\/\/nsf.pt\/wp-content\/uploads\/2025\/11\/palestina-oiveira-421x340.jpg",421,340,true],"covernews-medium-square":["https:\/\/nsf.pt\/wp-content\/uploads\/2025\/11\/palestina-oiveira-400x250.jpg",400,250,true]},"author_info":{"info":["Carlos Ribeiro"]},"category_info":"<a href=\"https:\/\/nsf.pt\/index.php\/category\/agenda-2\/\" rel=\"category tag\">AGENDA<\/a> <a href=\"https:\/\/nsf.pt\/index.php\/category\/palestina\/\" rel=\"category tag\">PALESTINA<\/a>","tag_info":"PALESTINA","comment_count":"0","_links":{"self":[{"href":"https:\/\/nsf.pt\/index.php\/wp-json\/wp\/v2\/posts\/15575"}],"collection":[{"href":"https:\/\/nsf.pt\/index.php\/wp-json\/wp\/v2\/posts"}],"about":[{"href":"https:\/\/nsf.pt\/index.php\/wp-json\/wp\/v2\/types\/post"}],"author":[{"embeddable":true,"href":"https:\/\/nsf.pt\/index.php\/wp-json\/wp\/v2\/users\/2"}],"replies":[{"embeddable":true,"href":"https:\/\/nsf.pt\/index.php\/wp-json\/wp\/v2\/comments?post=15575"}],"version-history":[{"count":1,"href":"https:\/\/nsf.pt\/index.php\/wp-json\/wp\/v2\/posts\/15575\/revisions"}],"predecessor-version":[{"id":15577,"href":"https:\/\/nsf.pt\/index.php\/wp-json\/wp\/v2\/posts\/15575\/revisions\/15577"}],"wp:featuredmedia":[{"embeddable":true,"href":"https:\/\/nsf.pt\/index.php\/wp-json\/wp\/v2\/media\/15576"}],"wp:attachment":[{"href":"https:\/\/nsf.pt\/index.php\/wp-json\/wp\/v2\/media?parent=15575"}],"wp:term":[{"taxonomy":"category","embeddable":true,"href":"https:\/\/nsf.pt\/index.php\/wp-json\/wp\/v2\/categories?post=15575"},{"taxonomy":"post_tag","embeddable":true,"href":"https:\/\/nsf.pt\/index.php\/wp-json\/wp\/v2\/tags?post=15575"}],"curies":[{"name":"wp","href":"https:\/\/api.w.org\/{rel}","templated":true}]}}