{"id":15610,"date":"2025-11-24T18:41:35","date_gmt":"2025-11-24T18:41:35","guid":{"rendered":"https:\/\/nsf.pt\/?p=15610"},"modified":"2025-11-24T18:41:36","modified_gmt":"2025-11-24T18:41:36","slug":"legislacao-laboral","status":"publish","type":"post","link":"https:\/\/nsf.pt\/index.php\/2025\/11\/24\/legislacao-laboral\/","title":{"rendered":"Legisla\u00e7\u00e3o laboral"},"content":{"rendered":"\n<h2 class=\"wp-block-heading\">AGENDA &#8211; Debates Causa P\u00fablica &#8211; 27 de novembro<\/h2>\n\n\n\n<p><\/p>\n\n\n\n<p>O evento seguinte centra-se na tentativa do governo de\u00a0<strong>introduzir na legisla\u00e7\u00e3o laboral medidas que implicam um retrocesso social grave<\/strong>. O seu sentido geral \u00e9 o da precarizacao do trabalho, de tornar mais dif\u00edcil a concilia\u00e7\u00e3o entre a vida pessoal, familiar e profissional,de dificultar a a\u00e7\u00e3o sindical e de enfraquecer a contrata\u00e7\u00e3o coletiva. As centrais sindicais responderam com a convoca\u00e7\u00e3o de greve geral para dia 11 de dezembro.\u00a0<br>A Causa P\u00fablica junta-se \u00e0s iniciativas de den\u00fancia e resist\u00eancia a esta ofensiva do Governo, com\u00a0<strong>uma conversa com os Secret\u00e1rios-Gerais da CGTP e da UGT no dia 27 de novembro, \u00e0s 18h00, na Escola Secund\u00e1ria Cam\u00f5es.<\/strong><\/p>\n\n\n\n<div style=\"height:29px\" aria-hidden=\"true\" class=\"wp-block-spacer\"><\/div>\n\n\n\n<figure class=\"wp-block-image size-full is-resized\"><img decoding=\"async\" loading=\"lazy\" width=\"540\" height=\"681\" src=\"https:\/\/nsf.pt\/wp-content\/uploads\/2025\/11\/CP-LABORAL.jpg\" alt=\"\" class=\"wp-image-15611\" style=\"aspect-ratio:0.7929515418502202;width:307px;height:auto\" srcset=\"https:\/\/nsf.pt\/wp-content\/uploads\/2025\/11\/CP-LABORAL.jpg 540w, https:\/\/nsf.pt\/wp-content\/uploads\/2025\/11\/CP-LABORAL-238x300.jpg 238w\" sizes=\"(max-width: 540px) 100vw, 540px\" \/><\/figure>\n","protected":false},"excerpt":{"rendered":"<p>AGENDA &#8211; Debates Causa P\u00fablica &#8211; 27 de novembro O evento seguinte centra-se na tentativa&#8230;<\/p>\n","protected":false},"author":2,"featured_media":15611,"comment_status":"open","ping_status":"open","sticky":true,"template":"","format":"standard","meta":{"sfsi_plus_gutenberg_text_before_share":"","sfsi_plus_gutenberg_show_text_before_share":"","sfsi_plus_gutenberg_icon_type":"","sfsi_plus_gutenberg_icon_alignemt":"","sfsi_plus_gutenburg_max_per_row":"","ngg_post_thumbnail":0,"footnotes":""},"categories":[207],"tags":[513],"featured_image_urls":{"full":["https:\/\/nsf.pt\/wp-content\/uploads\/2025\/11\/CP-LABORAL.jpg",540,681,false],"thumbnail":["https:\/\/nsf.pt\/wp-content\/uploads\/2025\/11\/CP-LABORAL-150x150.jpg",150,150,true],"medium":["https:\/\/nsf.pt\/wp-content\/uploads\/2025\/11\/CP-LABORAL-238x300.jpg",238,300,true],"medium_large":["https:\/\/nsf.pt\/wp-content\/uploads\/2025\/11\/CP-LABORAL.jpg",540,681,false],"large":["https:\/\/nsf.pt\/wp-content\/uploads\/2025\/11\/CP-LABORAL.jpg",540,681,false],"1536x1536":["https:\/\/nsf.pt\/wp-content\/uploads\/2025\/11\/CP-LABORAL.jpg",540,681,false],"2048x2048":["https:\/\/nsf.pt\/wp-content\/uploads\/2025\/11\/CP-LABORAL.jpg",540,681,false],"covernews-slider-full":["https:\/\/nsf.pt\/wp-content\/uploads\/2025\/11\/CP-LABORAL.jpg",540,681,false],"covernews-slider-center":["https:\/\/nsf.pt\/wp-content\/uploads\/2025\/11\/CP-LABORAL-540x500.jpg",540,500,true],"covernews-featured":["https:\/\/nsf.pt\/wp-content\/uploads\/2025\/11\/CP-LABORAL.jpg",540,681,false],"covernews-medium":["https:\/\/nsf.pt\/wp-content\/uploads\/2025\/11\/CP-LABORAL-540x340.jpg",540,340,true],"covernews-medium-square":["https:\/\/nsf.pt\/wp-content\/uploads\/2025\/11\/CP-LABORAL-400x250.jpg",400,250,true]},"author_info":{"info":["Carlos Ribeiro"]},"category_info":"<a href=\"https:\/\/nsf.pt\/index.php\/category\/agenda-2\/\" rel=\"category tag\">AGENDA<\/a>","tag_info":"AGENDA","comment_count":"0","_links":{"self":[{"href":"https:\/\/nsf.pt\/index.php\/wp-json\/wp\/v2\/posts\/15610"}],"collection":[{"href":"https:\/\/nsf.pt\/index.php\/wp-json\/wp\/v2\/posts"}],"about":[{"href":"https:\/\/nsf.pt\/index.php\/wp-json\/wp\/v2\/types\/post"}],"author":[{"embeddable":true,"href":"https:\/\/nsf.pt\/index.php\/wp-json\/wp\/v2\/users\/2"}],"replies":[{"embeddable":true,"href":"https:\/\/nsf.pt\/index.php\/wp-json\/wp\/v2\/comments?post=15610"}],"version-history":[{"count":1,"href":"https:\/\/nsf.pt\/index.php\/wp-json\/wp\/v2\/posts\/15610\/revisions"}],"predecessor-version":[{"id":15612,"href":"https:\/\/nsf.pt\/index.php\/wp-json\/wp\/v2\/posts\/15610\/revisions\/15612"}],"wp:featuredmedia":[{"embeddable":true,"href":"https:\/\/nsf.pt\/index.php\/wp-json\/wp\/v2\/media\/15611"}],"wp:attachment":[{"href":"https:\/\/nsf.pt\/index.php\/wp-json\/wp\/v2\/media?parent=15610"}],"wp:term":[{"taxonomy":"category","embeddable":true,"href":"https:\/\/nsf.pt\/index.php\/wp-json\/wp\/v2\/categories?post=15610"},{"taxonomy":"post_tag","embeddable":true,"href":"https:\/\/nsf.pt\/index.php\/wp-json\/wp\/v2\/tags?post=15610"}],"curies":[{"name":"wp","href":"https:\/\/api.w.org\/{rel}","templated":true}]}}