{"id":15676,"date":"2025-12-04T14:38:21","date_gmt":"2025-12-04T14:38:21","guid":{"rendered":"https:\/\/nsf.pt\/?p=15676"},"modified":"2025-12-04T14:38:22","modified_gmt":"2025-12-04T14:38:22","slug":"mais-uma-livraria-atacada-em-franca","status":"publish","type":"post","link":"https:\/\/nsf.pt\/index.php\/2025\/12\/04\/mais-uma-livraria-atacada-em-franca\/","title":{"rendered":"Mais uma livraria atacada em Fran\u00e7a"},"content":{"rendered":"\n<h2 class=\"wp-block-heading\">Enquanto os ataques \u00e0s livrarias se multiplicam em Fran\u00e7a, pela terceira vez este ano a livraria Transit foi atacada.<\/h2>\n\n\n\n<p><\/p>\n\n\n\n<p>J\u00e1 no dia 20 de novembro a Equipa da Livraria tinha emitido um comunicado denunciando a atua\u00e7\u00e3o de grupos extremistas &#8221; Em Marselha, Na quarta-feira, 12 de novembro, a livraria Transit, em parceria com o coletivo Tsedek, acolheu o lan\u00e7amento do livro &#8220;Sionismo, uma Inven\u00e7\u00e3o Europeia&#8221;, na presen\u00e7a da autora Sonia Dayan-Herzbrun e do diretor Eyal Sivan.O evento foi momentaneamente interrompido por um pequeno grupo de manifestantes que, em nome da luta contra o antissemitismo, se recusam a permitir que vozes judaicas cr\u00edticas \u00e0s pol\u00edticas adotadas pelo governo israelense e pelo primeiro-ministro Benjamin Netanyahu se manifestem.Desde ent\u00e3o, o grupo vem conduzindo uma campanha de insultos e difama\u00e7\u00f5es nas redes sociais contra nossa livraria, n\u00e3o hesitando em associar nosso nome a acusa\u00e7\u00f5es de nazismo e antissemitismo.Todos aqueles que conhecem nossa livraria, cujos princ\u00edpios se baseiam na luta contra todas as formas de racismo, incluindo o antissemitismo e a islamofobia, compreender\u00e3o a natureza desprez\u00edvel de tais alega\u00e7\u00f5es. A nossa livraria n\u00e3o se deixar\u00e1 intimidar e continuar\u00e1 a defender sua linha editorial, apresentando os livros e autores que julgar necess\u00e1rios&#8221;.<\/p>\n\n\n\n<blockquote class=\"wp-block-quote\">\n<p>Desta vez, uma cruz celta, s\u00edmbolo de longa data da extrema-direita fascista, foi pintada na noite de 1 para 2 \u00a0na montra da livraria.\u00a0<\/p>\n<\/blockquote>\n\n\n\n<p>Este fen\u00f3meno nacional deve desafiar todos os intervenientes da cadeia editorial: livreiros, editores, autores, mas tamb\u00e9m l\u00edderes de associa\u00e7\u00f5es e representantes eleitos. Estamos todos amea\u00e7ados.\u00a0A nossa livraria associada n\u00e3o se deixar\u00e1 intimidar e continuar\u00e1, por sua vez, a defender a sua linha editorial apresentando as obras e autores que considerar necess\u00e1rios.\u00a0<\/p>\n\n\n\n<div style=\"height:17px\" aria-hidden=\"true\" class=\"wp-block-spacer\"><\/div>\n\n\n\n<figure class=\"wp-block-gallery has-nested-images columns-default is-cropped wp-block-gallery-1 is-layout-flex wp-block-gallery-is-layout-flex\">\n<figure class=\"wp-block-image size-large\"><img decoding=\"async\" loading=\"lazy\" width=\"768\" height=\"1024\" data-id=\"15678\" src=\"https:\/\/nsf.pt\/wp-content\/uploads\/2025\/12\/transit-768x1024.jpg\" alt=\"\" class=\"wp-image-15678\" srcset=\"https:\/\/nsf.pt\/wp-content\/uploads\/2025\/12\/transit-768x1024.jpg 768w, https:\/\/nsf.pt\/wp-content\/uploads\/2025\/12\/transit-225x300.jpg 225w, https:\/\/nsf.pt\/wp-content\/uploads\/2025\/12\/transit-1024x1365.jpg 1024w, https:\/\/nsf.pt\/wp-content\/uploads\/2025\/12\/transit.jpg 1080w\" sizes=\"(max-width: 768px) 100vw, 768px\" \/><\/figure>\n<\/figure>\n","protected":false},"excerpt":{"rendered":"<p>Enquanto os ataques \u00e0s livrarias se multiplicam em Fran\u00e7a, pela terceira vez este ano a&#8230;<\/p>\n","protected":false},"author":2,"featured_media":15677,"comment_status":"open","ping_status":"open","sticky":true,"template":"","format":"standard","meta":{"sfsi_plus_gutenberg_text_before_share":"","sfsi_plus_gutenberg_show_text_before_share":"","sfsi_plus_gutenberg_icon_type":"","sfsi_plus_gutenberg_icon_alignemt":"","sfsi_plus_gutenburg_max_per_row":"","ngg_post_thumbnail":0,"footnotes":""},"categories":[459,238,555],"tags":[507],"featured_image_urls":{"full":["https:\/\/nsf.pt\/wp-content\/uploads\/2025\/12\/transit5.jpg",764,584,false],"thumbnail":["https:\/\/nsf.pt\/wp-content\/uploads\/2025\/12\/transit5-150x150.jpg",150,150,true],"medium":["https:\/\/nsf.pt\/wp-content\/uploads\/2025\/12\/transit5-300x229.jpg",300,229,true],"medium_large":["https:\/\/nsf.pt\/wp-content\/uploads\/2025\/12\/transit5.jpg",640,489,false],"large":["https:\/\/nsf.pt\/wp-content\/uploads\/2025\/12\/transit5.jpg",640,489,false],"1536x1536":["https:\/\/nsf.pt\/wp-content\/uploads\/2025\/12\/transit5.jpg",764,584,false],"2048x2048":["https:\/\/nsf.pt\/wp-content\/uploads\/2025\/12\/transit5.jpg",764,584,false],"covernews-slider-full":["https:\/\/nsf.pt\/wp-content\/uploads\/2025\/12\/transit5.jpg",764,584,false],"covernews-slider-center":["https:\/\/nsf.pt\/wp-content\/uploads\/2025\/12\/transit5-764x500.jpg",764,500,true],"covernews-featured":["https:\/\/nsf.pt\/wp-content\/uploads\/2025\/12\/transit5.jpg",764,584,false],"covernews-medium":["https:\/\/nsf.pt\/wp-content\/uploads\/2025\/12\/transit5-540x340.jpg",540,340,true],"covernews-medium-square":["https:\/\/nsf.pt\/wp-content\/uploads\/2025\/12\/transit5-400x250.jpg",400,250,true]},"author_info":{"info":["Carlos Ribeiro"]},"category_info":"<a href=\"https:\/\/nsf.pt\/index.php\/category\/curtas\/\" rel=\"category tag\">CURTAS<\/a> <a href=\"https:\/\/nsf.pt\/index.php\/category\/destaque\/\" rel=\"category tag\">DESTAQUE<\/a> <a href=\"https:\/\/nsf.pt\/index.php\/category\/franca\/\" rel=\"category tag\">FRAN\u00c7A<\/a>","tag_info":"FRAN\u00c7A","comment_count":"0","_links":{"self":[{"href":"https:\/\/nsf.pt\/index.php\/wp-json\/wp\/v2\/posts\/15676"}],"collection":[{"href":"https:\/\/nsf.pt\/index.php\/wp-json\/wp\/v2\/posts"}],"about":[{"href":"https:\/\/nsf.pt\/index.php\/wp-json\/wp\/v2\/types\/post"}],"author":[{"embeddable":true,"href":"https:\/\/nsf.pt\/index.php\/wp-json\/wp\/v2\/users\/2"}],"replies":[{"embeddable":true,"href":"https:\/\/nsf.pt\/index.php\/wp-json\/wp\/v2\/comments?post=15676"}],"version-history":[{"count":1,"href":"https:\/\/nsf.pt\/index.php\/wp-json\/wp\/v2\/posts\/15676\/revisions"}],"predecessor-version":[{"id":15679,"href":"https:\/\/nsf.pt\/index.php\/wp-json\/wp\/v2\/posts\/15676\/revisions\/15679"}],"wp:featuredmedia":[{"embeddable":true,"href":"https:\/\/nsf.pt\/index.php\/wp-json\/wp\/v2\/media\/15677"}],"wp:attachment":[{"href":"https:\/\/nsf.pt\/index.php\/wp-json\/wp\/v2\/media?parent=15676"}],"wp:term":[{"taxonomy":"category","embeddable":true,"href":"https:\/\/nsf.pt\/index.php\/wp-json\/wp\/v2\/categories?post=15676"},{"taxonomy":"post_tag","embeddable":true,"href":"https:\/\/nsf.pt\/index.php\/wp-json\/wp\/v2\/tags?post=15676"}],"curies":[{"name":"wp","href":"https:\/\/api.w.org\/{rel}","templated":true}]}}