{"id":15680,"date":"2025-12-04T18:09:39","date_gmt":"2025-12-04T18:09:39","guid":{"rendered":"https:\/\/nsf.pt\/?p=15680"},"modified":"2025-12-04T18:09:40","modified_gmt":"2025-12-04T18:09:40","slug":"libertem-o-dr-abu-safiya","status":"publish","type":"post","link":"https:\/\/nsf.pt\/index.php\/2025\/12\/04\/libertem-o-dr-abu-safiya\/","title":{"rendered":"Libertem o Dr. Abu Safiya"},"content":{"rendered":"\n<h2 class=\"wp-block-heading\">Protesto e peti\u00e7\u00e3o<\/h2>\n\n\n\n<p><\/p>\n\n\n\n<figure class=\"wp-block-image size-full is-resized\"><img decoding=\"async\" loading=\"lazy\" width=\"569\" height=\"547\" src=\"https:\/\/nsf.pt\/wp-content\/uploads\/2025\/08\/eurico_colaboradores.jpg\" alt=\"\" class=\"wp-image-14589\" style=\"aspect-ratio:1.040219378427788;width:155px;height:auto\" srcset=\"https:\/\/nsf.pt\/wp-content\/uploads\/2025\/08\/eurico_colaboradores.jpg 569w, https:\/\/nsf.pt\/wp-content\/uploads\/2025\/08\/eurico_colaboradores-300x288.jpg 300w\" sizes=\"(max-width: 569px) 100vw, 569px\" \/><\/figure>\n\n\n\n<p>Por Eurico Reis<\/p>\n\n\n\n<p><strong>Eurico Reis sinaliza a situa\u00e7\u00e3o do Dr. Abu Safiya que comandou um hospital sob os bombardeios em Gaza. Safiya salvou a vida de rec\u00e9m-nascidos, mas agora est\u00e1 detido e ter\u00e1  sido torturado numa pris\u00e3o israelita, mesmo sem qualquer acusa\u00e7\u00e3o. Acabei de assinar um apelo global pela sua liberta\u00e7\u00e3o e a de seus colegas. Quer se juntar a mim?<\/strong><\/p>\n\n\n\n<p><a href=\"https:\/\/secure.avaaz.org\/campaign\/po\/free_dr_abu_safiya_loc\/?whatsapp&amp;utm_source=whatsapp&amp;utm_medium=social_share&amp;utm_campaign=56229&amp;share_location=post_action\">AVAAZ<\/a><\/p>\n\n\n\n<p>&#8220;\u00c0s autoridades dos Estados Unidos, Reino Unido e Uni\u00e3o Europeia, bem como a todos os representantes governamentais envolvidos na c\u00fapula de Sharm El-Sheikh pelo cessar-fogo em Gaza:<\/p>\n\n\n\n<p><em>&#8220;Pedimos que fa\u00e7am tudo o que puderem para libertar o Dr. Hussam Abu Safiya e todos os profissionais de sa\u00fade palestinos detidos em pris\u00f5es israelitas, em viola\u00e7\u00e3o ao direito internacional humanit\u00e1rio. Estamos extremamente preocupados com o bem-estar desses profissionais, dadas as evid\u00eancias de tortura nas pris\u00f5es. Gaza n\u00e3o pode se reconstruir sem os seus m\u00e9dicos, enfermeiros e profissionais de sa\u00fade: libertem os m\u00e9dicos de Gaza j\u00e1!&#8221;<\/em><\/p>\n\n\n\n<p><strong>Mataram o seu filho<\/strong>. Bombardearam o seu hospital. Barraram os suprimentos que ele usava para\u00a0<strong>tratar crian\u00e7as gritando de dor.<br><\/strong><br>Mesmo assim,\u00a0<strong>ele n\u00e3o parou de salvar vidas<\/strong>\u00a0\u2013 at\u00e9 ser preso e, segundo relatos, torturado pelas for\u00e7as israelitas.<\/p>\n\n\n\n<p>Agora,\u00a0<strong>ele e cerca de 90 outros m\u00e9dicos est\u00e3o detidos<\/strong>, muitos deles foram levados enquanto cuidavam dos seus pacientes. Cinco ter\u00e3o morrido atr\u00e1s das grades e outros estariam a ser agredidos e espancados.<\/p>\n\n\n\n<p>Enquanto os l\u00edderes mundiais se concentram num plano para o cessar-fogo,\u00a0<strong>m\u00e9dicos de todo o mundo est\u00e3o a mobilizar-se para exigir a liberta\u00e7\u00e3o<\/strong>\u00a0dos seus corajosos colegas, para que possam manter vivas milhares de crian\u00e7as feridas em Gaza.<\/p>\n\n\n\n<p>Vamos nos juntar a eles: adicione seu nome a este apelo pela liberta\u00e7\u00e3o do Dr. Abu Safiya e de seus colegas, que nos mostraram do que a humanidade \u00e9 capaz. Ajude a garantir que eles\u00a0<strong>regressem para suas fam\u00edlias&#8221;.<\/strong><\/p>\n\n\n\n<p><\/p>\n\n\n\n<p class=\"has-luminous-vivid-amber-background-color has-background\">Ol\u00e1. Israel deteve o principal pediatra de Gaza e outros 90 profissionais de sa\u00fade \u2013 cinco deles j\u00e1 teriam morrido na pris\u00e3o. Acabo de assinar esta peti\u00e7\u00e3o urgente para que eles possam voltar para suas fam\u00edlias antes que seja tarde demais. Quer se juntar a mim?<br>CLICK PARA ASSINAR COM <a href=\"https:\/\/web.whatsapp.com\/\" data-type=\"link\" data-id=\"https:\/\/web.whatsapp.com\/\">WHATSAPP<\/a><\/p>\n","protected":false},"excerpt":{"rendered":"<p>Protesto e peti\u00e7\u00e3o Por Eurico Reis Eurico Reis sinaliza a situa\u00e7\u00e3o do Dr. Abu Safiya&#8230;<\/p>\n","protected":false},"author":2,"featured_media":15681,"comment_status":"open","ping_status":"open","sticky":true,"template":"","format":"standard","meta":{"sfsi_plus_gutenberg_text_before_share":"","sfsi_plus_gutenberg_show_text_before_share":"","sfsi_plus_gutenberg_icon_type":"","sfsi_plus_gutenberg_icon_alignemt":"","sfsi_plus_gutenburg_max_per_row":"","ngg_post_thumbnail":0,"footnotes":""},"categories":[459,238,443],"tags":[673],"featured_image_urls":{"full":["https:\/\/nsf.pt\/wp-content\/uploads\/2025\/12\/libertem-abu.jpg",2368,1162,false],"thumbnail":["https:\/\/nsf.pt\/wp-content\/uploads\/2025\/12\/libertem-abu-150x150.jpg",150,150,true],"medium":["https:\/\/nsf.pt\/wp-content\/uploads\/2025\/12\/libertem-abu-300x147.jpg",300,147,true],"medium_large":["https:\/\/nsf.pt\/wp-content\/uploads\/2025\/12\/libertem-abu-768x377.jpg",640,314,true],"large":["https:\/\/nsf.pt\/wp-content\/uploads\/2025\/12\/libertem-abu-1024x502.jpg",640,314,true],"1536x1536":["https:\/\/nsf.pt\/wp-content\/uploads\/2025\/12\/libertem-abu-1536x754.jpg",1536,754,true],"2048x2048":["https:\/\/nsf.pt\/wp-content\/uploads\/2025\/12\/libertem-abu-2048x1005.jpg",2048,1005,true],"covernews-slider-full":["https:\/\/nsf.pt\/wp-content\/uploads\/2025\/12\/libertem-abu-1115x715.jpg",1115,715,true],"covernews-slider-center":["https:\/\/nsf.pt\/wp-content\/uploads\/2025\/12\/libertem-abu-800x500.jpg",800,500,true],"covernews-featured":["https:\/\/nsf.pt\/wp-content\/uploads\/2025\/12\/libertem-abu-1024x502.jpg",1024,502,true],"covernews-medium":["https:\/\/nsf.pt\/wp-content\/uploads\/2025\/12\/libertem-abu-540x340.jpg",540,340,true],"covernews-medium-square":["https:\/\/nsf.pt\/wp-content\/uploads\/2025\/12\/libertem-abu-400x250.jpg",400,250,true]},"author_info":{"info":["Carlos Ribeiro"]},"category_info":"<a href=\"https:\/\/nsf.pt\/index.php\/category\/curtas\/\" rel=\"category tag\">CURTAS<\/a> <a href=\"https:\/\/nsf.pt\/index.php\/category\/destaque\/\" rel=\"category tag\">DESTAQUE<\/a> <a href=\"https:\/\/nsf.pt\/index.php\/category\/palestina\/\" rel=\"category tag\">PALESTINA<\/a>","tag_info":"PALESTINA","comment_count":"0","_links":{"self":[{"href":"https:\/\/nsf.pt\/index.php\/wp-json\/wp\/v2\/posts\/15680"}],"collection":[{"href":"https:\/\/nsf.pt\/index.php\/wp-json\/wp\/v2\/posts"}],"about":[{"href":"https:\/\/nsf.pt\/index.php\/wp-json\/wp\/v2\/types\/post"}],"author":[{"embeddable":true,"href":"https:\/\/nsf.pt\/index.php\/wp-json\/wp\/v2\/users\/2"}],"replies":[{"embeddable":true,"href":"https:\/\/nsf.pt\/index.php\/wp-json\/wp\/v2\/comments?post=15680"}],"version-history":[{"count":1,"href":"https:\/\/nsf.pt\/index.php\/wp-json\/wp\/v2\/posts\/15680\/revisions"}],"predecessor-version":[{"id":15682,"href":"https:\/\/nsf.pt\/index.php\/wp-json\/wp\/v2\/posts\/15680\/revisions\/15682"}],"wp:featuredmedia":[{"embeddable":true,"href":"https:\/\/nsf.pt\/index.php\/wp-json\/wp\/v2\/media\/15681"}],"wp:attachment":[{"href":"https:\/\/nsf.pt\/index.php\/wp-json\/wp\/v2\/media?parent=15680"}],"wp:term":[{"taxonomy":"category","embeddable":true,"href":"https:\/\/nsf.pt\/index.php\/wp-json\/wp\/v2\/categories?post=15680"},{"taxonomy":"post_tag","embeddable":true,"href":"https:\/\/nsf.pt\/index.php\/wp-json\/wp\/v2\/tags?post=15680"}],"curies":[{"name":"wp","href":"https:\/\/api.w.org\/{rel}","templated":true}]}}