{"id":15728,"date":"2025-12-07T17:40:42","date_gmt":"2025-12-07T17:40:42","guid":{"rendered":"https:\/\/nsf.pt\/?p=15728"},"modified":"2025-12-07T17:40:44","modified_gmt":"2025-12-07T17:40:44","slug":"free-gleizes","status":"publish","type":"post","link":"https:\/\/nsf.pt\/index.php\/2025\/12\/07\/free-gleizes\/","title":{"rendered":"Free Gleizes"},"content":{"rendered":"\n<h2 class=\"wp-block-heading\">REP\u00d3RTERES SEM FRONTEIRAS &#8211; Jornalista desportivo franc\u00eas viu confirmada pena de sete anos de pris\u00e3o<\/h2>\n\n\n\n<p><\/p>\n\n\n\n<p>No passado dia 3 de dezembro, pass\u00e1mos o dia na sede da RSF &#8211; Rep\u00f3rteres Sem Fronteiras com o irm\u00e3o e amigos do jornalista desportivo franc\u00eas\u00a0Christophe\u00a0Gleizes, \u00e0 espera do resultado do seu julgamento de recurso.\u00a0\u00a0<\/p>\n\n\n\n<p>O \u00fanico jornalista franc\u00eas detido no mundo, foi condenado a sete anos de pris\u00e3o a 29 de junho por &#8220;glorificar o terrorismo&#8221; e &#8220;possuir publica\u00e7\u00f5es para fins de propaganda que prejudicassem o interesse nacional&#8221; \u2013 acusa\u00e7\u00f5es totalmente infundadas.&nbsp;<\/p>\n\n\n\n<p>Ontem, \u00e0s 18h27, enquanto a esperan\u00e7a de liberta\u00e7\u00e3o persistia na mente das pessoas, a decis\u00e3o foi tomada: o Tribunal de Recurso de&nbsp;Tizi&nbsp;Ouzou&nbsp;confirmou a pena de sete anos de pris\u00e3o contra&nbsp;Christophe&nbsp;Gleizes. Foi um choque. Consterna\u00e7\u00e3o.&nbsp;<\/p>\n\n\n\n<p>Obviamente, conden\u00e1mos esta decis\u00e3o profundamente injusta nos termos mais veementes poss\u00edveis. Acima de tudo, apel\u00e1mos a uma mobiliza\u00e7\u00e3o renovada para obter a liberta\u00e7\u00e3o de\u00a0Christophe\u00a0Gleizes. Estamos e estaremos ao lado da fam\u00edlia dele e do seu comit\u00e9 de apoio at\u00e9 que ele regresse a Fran\u00e7a e possa reunir-se com a fam\u00edlia.\u00a0<\/p>\n\n\n\n<p><\/p>\n\n\n\n<h2 class=\"wp-block-heading\">Rep\u00f3rteres Sem Fronteiras:<\/h2>\n\n\n\n<ul class=\"has-luminous-vivid-amber-background-color has-background\">\n<li><strong>Defende jornalistas<\/strong>\u00a0e profissionais dos media presos ou perseguidos por suas atividades profissionais e denuncia os maus-tratos e a tortura que sofrem em muitos pa\u00edses.<\/li>\n\n\n\n<li><strong>Luta para impedir a censura<\/strong>\u00a0e combater leis que visam restringir a liberdade de imprensa.<\/li>\n\n\n\n<li>Todos os anos, a organiza\u00e7\u00e3o concede cerca de trezentas bolsas para\u00a0<strong>ajudar jornalistas ou \u00f3rg\u00e3os de comunica\u00e7\u00e3o em dificuldades<\/strong>\u00a0(honor\u00e1rios advocat\u00edcios, despesas m\u00e9dicas, compra de equipamentos, etc.), bem como as fam\u00edlias de rep\u00f3rteres presos.<\/li>\n\n\n\n<li>Trabalha para\u00a0<strong>melhorar a seguran\u00e7a dos jornalistas<\/strong>\u00a0, especialmente em zonas de conflito.<\/li>\n<\/ul>\n\n\n\n<p><\/p>\n\n\n\n<div style=\"height:28px\" aria-hidden=\"true\" class=\"wp-block-spacer\"><\/div>\n\n\n\n<figure class=\"wp-block-gallery has-nested-images columns-default is-cropped wp-block-gallery-1 is-layout-flex wp-block-gallery-is-layout-flex\">\n<figure class=\"wp-block-image size-large\"><img decoding=\"async\" loading=\"lazy\" width=\"600\" height=\"300\" data-id=\"15729\" src=\"https:\/\/nsf.pt\/wp-content\/uploads\/2025\/12\/rsf.png\" alt=\"\" class=\"wp-image-15729\" srcset=\"https:\/\/nsf.pt\/wp-content\/uploads\/2025\/12\/rsf.png 600w, https:\/\/nsf.pt\/wp-content\/uploads\/2025\/12\/rsf-300x150.png 300w\" sizes=\"(max-width: 600px) 100vw, 600px\" \/><\/figure>\n<\/figure>\n","protected":false},"excerpt":{"rendered":"<p>REP\u00d3RTERES SEM FRONTEIRAS &#8211; Jornalista desportivo franc\u00eas viu confirmada pena de sete anos de pris\u00e3o&#8230;<\/p>\n","protected":false},"author":2,"featured_media":15730,"comment_status":"open","ping_status":"open","sticky":true,"template":"","format":"standard","meta":{"sfsi_plus_gutenberg_text_before_share":"","sfsi_plus_gutenberg_show_text_before_share":"","sfsi_plus_gutenberg_icon_type":"","sfsi_plus_gutenberg_icon_alignemt":"","sfsi_plus_gutenburg_max_per_row":"","ngg_post_thumbnail":0,"footnotes":""},"categories":[238,476,475],"tags":[600],"featured_image_urls":{"full":["https:\/\/nsf.pt\/wp-content\/uploads\/2025\/12\/rsf1.jpg",1047,856,false],"thumbnail":["https:\/\/nsf.pt\/wp-content\/uploads\/2025\/12\/rsf1-150x150.jpg",150,150,true],"medium":["https:\/\/nsf.pt\/wp-content\/uploads\/2025\/12\/rsf1-300x245.jpg",300,245,true],"medium_large":["https:\/\/nsf.pt\/wp-content\/uploads\/2025\/12\/rsf1-768x628.jpg",640,523,true],"large":["https:\/\/nsf.pt\/wp-content\/uploads\/2025\/12\/rsf1-1024x837.jpg",640,523,true],"1536x1536":["https:\/\/nsf.pt\/wp-content\/uploads\/2025\/12\/rsf1.jpg",1047,856,false],"2048x2048":["https:\/\/nsf.pt\/wp-content\/uploads\/2025\/12\/rsf1.jpg",1047,856,false],"covernews-slider-full":["https:\/\/nsf.pt\/wp-content\/uploads\/2025\/12\/rsf1-1047x715.jpg",1047,715,true],"covernews-slider-center":["https:\/\/nsf.pt\/wp-content\/uploads\/2025\/12\/rsf1-800x500.jpg",800,500,true],"covernews-featured":["https:\/\/nsf.pt\/wp-content\/uploads\/2025\/12\/rsf1-1024x837.jpg",1024,837,true],"covernews-medium":["https:\/\/nsf.pt\/wp-content\/uploads\/2025\/12\/rsf1-540x340.jpg",540,340,true],"covernews-medium-square":["https:\/\/nsf.pt\/wp-content\/uploads\/2025\/12\/rsf1-400x250.jpg",400,250,true]},"author_info":{"info":["Carlos Ribeiro"]},"category_info":"<a href=\"https:\/\/nsf.pt\/index.php\/category\/destaque\/\" rel=\"category tag\">DESTAQUE<\/a> <a href=\"https:\/\/nsf.pt\/index.php\/category\/reporteres-sem-fronteiras\/\" rel=\"category tag\">REP\u00d3RTERES SEM FRONTEIRAS<\/a> <a href=\"https:\/\/nsf.pt\/index.php\/category\/sem-fronteiras\/\" rel=\"category tag\">SEM FRONTEIRAS<\/a>","tag_info":"SEM FRONTEIRAS","comment_count":"0","_links":{"self":[{"href":"https:\/\/nsf.pt\/index.php\/wp-json\/wp\/v2\/posts\/15728"}],"collection":[{"href":"https:\/\/nsf.pt\/index.php\/wp-json\/wp\/v2\/posts"}],"about":[{"href":"https:\/\/nsf.pt\/index.php\/wp-json\/wp\/v2\/types\/post"}],"author":[{"embeddable":true,"href":"https:\/\/nsf.pt\/index.php\/wp-json\/wp\/v2\/users\/2"}],"replies":[{"embeddable":true,"href":"https:\/\/nsf.pt\/index.php\/wp-json\/wp\/v2\/comments?post=15728"}],"version-history":[{"count":1,"href":"https:\/\/nsf.pt\/index.php\/wp-json\/wp\/v2\/posts\/15728\/revisions"}],"predecessor-version":[{"id":15731,"href":"https:\/\/nsf.pt\/index.php\/wp-json\/wp\/v2\/posts\/15728\/revisions\/15731"}],"wp:featuredmedia":[{"embeddable":true,"href":"https:\/\/nsf.pt\/index.php\/wp-json\/wp\/v2\/media\/15730"}],"wp:attachment":[{"href":"https:\/\/nsf.pt\/index.php\/wp-json\/wp\/v2\/media?parent=15728"}],"wp:term":[{"taxonomy":"category","embeddable":true,"href":"https:\/\/nsf.pt\/index.php\/wp-json\/wp\/v2\/categories?post=15728"},{"taxonomy":"post_tag","embeddable":true,"href":"https:\/\/nsf.pt\/index.php\/wp-json\/wp\/v2\/tags?post=15728"}],"curies":[{"name":"wp","href":"https:\/\/api.w.org\/{rel}","templated":true}]}}