{"id":15732,"date":"2025-12-07T19:49:11","date_gmt":"2025-12-07T19:49:11","guid":{"rendered":"https:\/\/nsf.pt\/?p=15732"},"modified":"2025-12-07T19:49:12","modified_gmt":"2025-12-07T19:49:12","slug":"acolher-e-integrar-imigrantes","status":"publish","type":"post","link":"https:\/\/nsf.pt\/index.php\/2025\/12\/07\/acolher-e-integrar-imigrantes\/","title":{"rendered":"Acolher e integrar imigrantes"},"content":{"rendered":"\n<h2 class=\"wp-block-heading has-vivid-red-color has-text-color\">AGENDA &#8211; Novo\u00a0Webinar\u00a0do grupo &#8220;Consenso Imigra\u00e7\u00e3o&#8221; &#8211; \u201cAcolher e Integrar Imigrantes: um desafio de proximidade\u201d <\/h2>\n\n\n\n<h3 class=\"wp-block-heading\">17 de dezembro | 15h00\u201317h00\u00a0<br>\u00a0<\/h3>\n\n\n\n<p>A integra\u00e7\u00e3o acontece onde a vida acontece: nas comunidades locais. Munic\u00edpios e freguesias s\u00e3o pe\u00e7as-chave na liga\u00e7\u00e3o entre pol\u00edticas p\u00fablicas e pessoas, desempenhando um papel essencial na constru\u00e7\u00e3o de uma sociedade verdadeiramente inclusiva em Portugal.\u00a0<br>Fortalecer esta capacidade de interven\u00e7\u00e3o local \u00e9 decisivo para transformar orienta\u00e7\u00f5es nacionais em resultados concretos, promover coes\u00e3o social e refor\u00e7ar a confian\u00e7a entre todos os que vivem no pa\u00eds.\u00a0<br>Neste\u00a0webinar, o Consenso Imigra\u00e7\u00e3o apresenta a sua vis\u00e3o estrat\u00e9gica para esta dimens\u00e3o e lan\u00e7a um convite \u00e0 reflex\u00e3o e \u00e0 a\u00e7\u00e3o. Ser\u00e1 tamb\u00e9m apresentado o novo Briefing\u00a0Paper, comentado por autarcas e especialistas da \u00e1rea.\u00a0<br>\u00a0<br>Inscri\u00e7\u00f5es aqui:\u00a0https:\/\/lnkd.in\/d4s-TyAe.\u00a0<br>Saiba mais:\u00a0www.consensoimigracao.pt\u00a0<\/p>\n\n\n\n<div style=\"height:20px\" aria-hidden=\"true\" class=\"wp-block-spacer\"><\/div>\n\n\n\n<figure class=\"wp-block-gallery has-nested-images columns-default is-cropped wp-block-gallery-1 is-layout-flex wp-block-gallery-is-layout-flex\">\n<figure class=\"wp-block-image size-large\"><img decoding=\"async\" loading=\"lazy\" width=\"800\" height=\"670\" data-id=\"15734\" src=\"https:\/\/nsf.pt\/wp-content\/uploads\/2025\/12\/ACOLHER3.jpeg\" alt=\"\" class=\"wp-image-15734\" srcset=\"https:\/\/nsf.pt\/wp-content\/uploads\/2025\/12\/ACOLHER3.jpeg 800w, https:\/\/nsf.pt\/wp-content\/uploads\/2025\/12\/ACOLHER3-300x251.jpeg 300w, https:\/\/nsf.pt\/wp-content\/uploads\/2025\/12\/ACOLHER3-768x643.jpeg 768w\" sizes=\"(max-width: 800px) 100vw, 800px\" \/><\/figure>\n<\/figure>\n","protected":false},"excerpt":{"rendered":"<p>AGENDA &#8211; Novo\u00a0Webinar\u00a0do grupo &#8220;Consenso Imigra\u00e7\u00e3o&#8221; &#8211; \u201cAcolher e Integrar Imigrantes: um desafio de proximidade\u201d&#8230;<\/p>\n","protected":false},"author":2,"featured_media":15733,"comment_status":"open","ping_status":"open","sticky":true,"template":"","format":"standard","meta":{"sfsi_plus_gutenberg_text_before_share":"","sfsi_plus_gutenberg_show_text_before_share":"","sfsi_plus_gutenberg_icon_type":"","sfsi_plus_gutenberg_icon_alignemt":"","sfsi_plus_gutenburg_max_per_row":"","ngg_post_thumbnail":0,"footnotes":""},"categories":[207,641],"tags":[613],"featured_image_urls":{"full":["https:\/\/nsf.pt\/wp-content\/uploads\/2025\/12\/ramalahal-imigrantes.jpg",1264,744,false],"thumbnail":["https:\/\/nsf.pt\/wp-content\/uploads\/2025\/12\/ramalahal-imigrantes-150x150.jpg",150,150,true],"medium":["https:\/\/nsf.pt\/wp-content\/uploads\/2025\/12\/ramalahal-imigrantes-300x177.jpg",300,177,true],"medium_large":["https:\/\/nsf.pt\/wp-content\/uploads\/2025\/12\/ramalahal-imigrantes-768x452.jpg",640,377,true],"large":["https:\/\/nsf.pt\/wp-content\/uploads\/2025\/12\/ramalahal-imigrantes-1024x603.jpg",640,377,true],"1536x1536":["https:\/\/nsf.pt\/wp-content\/uploads\/2025\/12\/ramalahal-imigrantes.jpg",1264,744,false],"2048x2048":["https:\/\/nsf.pt\/wp-content\/uploads\/2025\/12\/ramalahal-imigrantes.jpg",1264,744,false],"covernews-slider-full":["https:\/\/nsf.pt\/wp-content\/uploads\/2025\/12\/ramalahal-imigrantes-1115x715.jpg",1115,715,true],"covernews-slider-center":["https:\/\/nsf.pt\/wp-content\/uploads\/2025\/12\/ramalahal-imigrantes-800x500.jpg",800,500,true],"covernews-featured":["https:\/\/nsf.pt\/wp-content\/uploads\/2025\/12\/ramalahal-imigrantes-1024x603.jpg",1024,603,true],"covernews-medium":["https:\/\/nsf.pt\/wp-content\/uploads\/2025\/12\/ramalahal-imigrantes-540x340.jpg",540,340,true],"covernews-medium-square":["https:\/\/nsf.pt\/wp-content\/uploads\/2025\/12\/ramalahal-imigrantes-400x250.jpg",400,250,true]},"author_info":{"info":["Carlos Ribeiro"]},"category_info":"<a href=\"https:\/\/nsf.pt\/index.php\/category\/agenda-2\/\" rel=\"category tag\">AGENDA<\/a> <a href=\"https:\/\/nsf.pt\/index.php\/category\/imigracao\/\" rel=\"category tag\">IMIGRA\u00c7\u00c3O<\/a>","tag_info":"IMIGRA\u00c7\u00c3O","comment_count":"0","_links":{"self":[{"href":"https:\/\/nsf.pt\/index.php\/wp-json\/wp\/v2\/posts\/15732"}],"collection":[{"href":"https:\/\/nsf.pt\/index.php\/wp-json\/wp\/v2\/posts"}],"about":[{"href":"https:\/\/nsf.pt\/index.php\/wp-json\/wp\/v2\/types\/post"}],"author":[{"embeddable":true,"href":"https:\/\/nsf.pt\/index.php\/wp-json\/wp\/v2\/users\/2"}],"replies":[{"embeddable":true,"href":"https:\/\/nsf.pt\/index.php\/wp-json\/wp\/v2\/comments?post=15732"}],"version-history":[{"count":1,"href":"https:\/\/nsf.pt\/index.php\/wp-json\/wp\/v2\/posts\/15732\/revisions"}],"predecessor-version":[{"id":15735,"href":"https:\/\/nsf.pt\/index.php\/wp-json\/wp\/v2\/posts\/15732\/revisions\/15735"}],"wp:featuredmedia":[{"embeddable":true,"href":"https:\/\/nsf.pt\/index.php\/wp-json\/wp\/v2\/media\/15733"}],"wp:attachment":[{"href":"https:\/\/nsf.pt\/index.php\/wp-json\/wp\/v2\/media?parent=15732"}],"wp:term":[{"taxonomy":"category","embeddable":true,"href":"https:\/\/nsf.pt\/index.php\/wp-json\/wp\/v2\/categories?post=15732"},{"taxonomy":"post_tag","embeddable":true,"href":"https:\/\/nsf.pt\/index.php\/wp-json\/wp\/v2\/tags?post=15732"}],"curies":[{"name":"wp","href":"https:\/\/api.w.org\/{rel}","templated":true}]}}