{"id":15741,"date":"2025-12-08T11:37:22","date_gmt":"2025-12-08T11:37:22","guid":{"rendered":"https:\/\/nsf.pt\/?p=15741"},"modified":"2025-12-08T11:37:24","modified_gmt":"2025-12-08T11:37:24","slug":"participacao-civica-no-porto","status":"publish","type":"post","link":"https:\/\/nsf.pt\/index.php\/2025\/12\/08\/participacao-civica-no-porto\/","title":{"rendered":"Participa\u00e7\u00e3o c\u00edvica no Porto"},"content":{"rendered":"\n<p>AGENDA NSF<\/p>\n\n\n\n<figure class=\"wp-block-image size-full is-resized is-style-rounded\"><img decoding=\"async\" loading=\"lazy\" width=\"496\" height=\"270\" src=\"https:\/\/nsf.pt\/wp-content\/uploads\/2025\/12\/AGENDA.jpg\" alt=\"\" class=\"wp-image-15742\" style=\"aspect-ratio:1.837037037037037;width:740px;height:auto\" srcset=\"https:\/\/nsf.pt\/wp-content\/uploads\/2025\/12\/AGENDA.jpg 496w, https:\/\/nsf.pt\/wp-content\/uploads\/2025\/12\/AGENDA-300x163.jpg 300w\" sizes=\"(max-width: 496px) 100vw, 496px\" \/><\/figure>\n\n\n\n<p><\/p>\n\n\n\n<p><\/p>\n\n\n\n<p><em>O \u00faltimo encontro do ciclo&nbsp;<strong>Portugal n\u00e3o \u00e9 um pa\u00eds sem n\u00f3s<\/strong>, que ter\u00e1 lugar no&nbsp;<strong>Porto no dia 10 de dezembro<\/strong>, ser\u00e1 dedicado a refletir sobre os desafios da participa\u00e7\u00e3o c\u00edvica em Portugal e a debater tr\u00eas propostas:<\/em><\/p>\n\n\n\n<ul>\n<li><em>o&nbsp;<strong>Guia \u201cQuem \u00e9 quem na participa\u00e7\u00e3o c\u00edvica\u201d,<\/strong>&nbsp;como forma de reconhecer, mapear e ligar protagonistas e iniciativas em todo o pa\u00eds;<\/em><\/li>\n\n\n\n<li><em>a cria\u00e7\u00e3o de uma&nbsp;<strong>cole\u00e7\u00e3o de hist\u00f3rias de participa\u00e7\u00e3o<\/strong>&nbsp;que inspire e d\u00ea visibilidade a pr\u00e1ticas transformadoras;<\/em><\/li>\n\n\n\n<li><em>e um desafio participativo nacional \u201c<strong>O espa\u00e7o p\u00fablico do amanh\u00e3: pensar, co-criar, experimentar e celebrar<\/strong>\u201d, como sugest\u00e3o de agenda para 2026, orientada para imaginar e testar novas metodologias de a\u00e7\u00e3o local, em torno do espa\u00e7o p\u00fablico e da vida comunit\u00e1ria.<\/em><\/li>\n<\/ul>\n\n\n\n<p><em>Estas tr\u00eas ideias ser\u00e3o apresentadas como propostas de discuss\u00e3o para definir pistas de trabalho e compromisso coletivo para o pr\u00f3ximo ano.<\/em><\/p>\n\n\n\n<p><em>Se desejar colaborar, apare\u00e7a no Mira F\u00f3rum\u00a0(Rua Miraflor 149 Campanh\u00e3),\u00a0pelas 18h, ou envie um email para\u00a0<a href=\"mailto:portugalnaoeumpaissemnos@gmail.com\">portugalnaoeumpaissemnos@gmail.com<\/a><\/em><\/p>\n","protected":false},"excerpt":{"rendered":"<p>AGENDA NSF O \u00faltimo encontro do ciclo&nbsp;Portugal n\u00e3o \u00e9 um pa\u00eds sem n\u00f3s, que ter\u00e1&#8230;<\/p>\n","protected":false},"author":2,"featured_media":15742,"comment_status":"open","ping_status":"open","sticky":true,"template":"","format":"standard","meta":{"sfsi_plus_gutenberg_text_before_share":"","sfsi_plus_gutenberg_show_text_before_share":"","sfsi_plus_gutenberg_icon_type":"","sfsi_plus_gutenberg_icon_alignemt":"","sfsi_plus_gutenburg_max_per_row":"","ngg_post_thumbnail":0,"footnotes":""},"categories":[207,731],"tags":[691],"featured_image_urls":{"full":["https:\/\/nsf.pt\/wp-content\/uploads\/2025\/12\/AGENDA.jpg",496,270,false],"thumbnail":["https:\/\/nsf.pt\/wp-content\/uploads\/2025\/12\/AGENDA-150x150.jpg",150,150,true],"medium":["https:\/\/nsf.pt\/wp-content\/uploads\/2025\/12\/AGENDA-300x163.jpg",300,163,true],"medium_large":["https:\/\/nsf.pt\/wp-content\/uploads\/2025\/12\/AGENDA.jpg",496,270,false],"large":["https:\/\/nsf.pt\/wp-content\/uploads\/2025\/12\/AGENDA.jpg",496,270,false],"1536x1536":["https:\/\/nsf.pt\/wp-content\/uploads\/2025\/12\/AGENDA.jpg",496,270,false],"2048x2048":["https:\/\/nsf.pt\/wp-content\/uploads\/2025\/12\/AGENDA.jpg",496,270,false],"covernews-slider-full":["https:\/\/nsf.pt\/wp-content\/uploads\/2025\/12\/AGENDA.jpg",496,270,false],"covernews-slider-center":["https:\/\/nsf.pt\/wp-content\/uploads\/2025\/12\/AGENDA.jpg",496,270,false],"covernews-featured":["https:\/\/nsf.pt\/wp-content\/uploads\/2025\/12\/AGENDA.jpg",496,270,false],"covernews-medium":["https:\/\/nsf.pt\/wp-content\/uploads\/2025\/12\/AGENDA.jpg",496,270,false],"covernews-medium-square":["https:\/\/nsf.pt\/wp-content\/uploads\/2025\/12\/AGENDA-400x250.jpg",400,250,true]},"author_info":{"info":["Carlos Ribeiro"]},"category_info":"<a href=\"https:\/\/nsf.pt\/index.php\/category\/agenda-2\/\" rel=\"category tag\">AGENDA<\/a> <a href=\"https:\/\/nsf.pt\/index.php\/category\/cidadania\/\" rel=\"category tag\">CIDADANIA<\/a>","tag_info":"CIDADANIA","comment_count":"0","_links":{"self":[{"href":"https:\/\/nsf.pt\/index.php\/wp-json\/wp\/v2\/posts\/15741"}],"collection":[{"href":"https:\/\/nsf.pt\/index.php\/wp-json\/wp\/v2\/posts"}],"about":[{"href":"https:\/\/nsf.pt\/index.php\/wp-json\/wp\/v2\/types\/post"}],"author":[{"embeddable":true,"href":"https:\/\/nsf.pt\/index.php\/wp-json\/wp\/v2\/users\/2"}],"replies":[{"embeddable":true,"href":"https:\/\/nsf.pt\/index.php\/wp-json\/wp\/v2\/comments?post=15741"}],"version-history":[{"count":1,"href":"https:\/\/nsf.pt\/index.php\/wp-json\/wp\/v2\/posts\/15741\/revisions"}],"predecessor-version":[{"id":15743,"href":"https:\/\/nsf.pt\/index.php\/wp-json\/wp\/v2\/posts\/15741\/revisions\/15743"}],"wp:featuredmedia":[{"embeddable":true,"href":"https:\/\/nsf.pt\/index.php\/wp-json\/wp\/v2\/media\/15742"}],"wp:attachment":[{"href":"https:\/\/nsf.pt\/index.php\/wp-json\/wp\/v2\/media?parent=15741"}],"wp:term":[{"taxonomy":"category","embeddable":true,"href":"https:\/\/nsf.pt\/index.php\/wp-json\/wp\/v2\/categories?post=15741"},{"taxonomy":"post_tag","embeddable":true,"href":"https:\/\/nsf.pt\/index.php\/wp-json\/wp\/v2\/tags?post=15741"}],"curies":[{"name":"wp","href":"https:\/\/api.w.org\/{rel}","templated":true}]}}