{"id":15747,"date":"2025-12-08T18:50:23","date_gmt":"2025-12-08T18:50:23","guid":{"rendered":"https:\/\/nsf.pt\/?p=15747"},"modified":"2025-12-08T18:50:24","modified_gmt":"2025-12-08T18:50:24","slug":"eurovisao-nao","status":"publish","type":"post","link":"https:\/\/nsf.pt\/index.php\/2025\/12\/08\/eurovisao-nao\/","title":{"rendered":"Eurovis\u00e3o, N\u00e3o!"},"content":{"rendered":"\n<h2 class=\"wp-block-heading\">Pela Retirada Imediata de Portugal do Festival Eurovis\u00e3o da Can\u00e7\u00e3o e Enquanto Israel Participar<\/h2>\n\n\n\n<p><\/p>\n\n\n\n<figure class=\"wp-block-image size-full\"><img decoding=\"async\" loading=\"lazy\" width=\"911\" height=\"538\" src=\"https:\/\/nsf.pt\/wp-content\/uploads\/2025\/12\/eurovision.jpg\" alt=\"\" class=\"wp-image-15748\" srcset=\"https:\/\/nsf.pt\/wp-content\/uploads\/2025\/12\/eurovision.jpg 911w, https:\/\/nsf.pt\/wp-content\/uploads\/2025\/12\/eurovision-300x177.jpg 300w, https:\/\/nsf.pt\/wp-content\/uploads\/2025\/12\/eurovision-768x454.jpg 768w\" sizes=\"(max-width: 911px) 100vw, 911px\" \/><\/figure>\n\n\n\n<div style=\"height:36px\" aria-hidden=\"true\" class=\"wp-block-spacer\"><\/div>\n\n\n\n<hr class=\"wp-block-separator has-alpha-channel-opacity\"\/>\n\n\n\n<figure class=\"wp-block-image size-full is-resized\"><img decoding=\"async\" loading=\"lazy\" width=\"569\" height=\"547\" src=\"https:\/\/nsf.pt\/wp-content\/uploads\/2025\/08\/eurico_colaboradores.jpg\" alt=\"\" class=\"wp-image-14589\" style=\"aspect-ratio:1.040219378427788;width:118px;height:auto\" srcset=\"https:\/\/nsf.pt\/wp-content\/uploads\/2025\/08\/eurico_colaboradores.jpg 569w, https:\/\/nsf.pt\/wp-content\/uploads\/2025\/08\/eurico_colaboradores-300x288.jpg 300w\" sizes=\"(max-width: 569px) 100vw, 569px\" \/><\/figure>\n\n\n\n<h3 class=\"wp-block-heading\">Indica\u00e7\u00e3o de Eurico Reis<\/h3>\n\n\n\n<p><\/p>\n\n\n\n<p><a href=\"https:\/\/peticaopublica.com\/?pi=israel-fica-rtp-sai\">PETI\u00c7\u00c3O &#8211; Pela Retirada Imediata de Portugal do Festival Eurovis\u00e3o da Can\u00e7\u00e3o e Enquanto Israel Participar <\/a><\/p>\n\n\n\n<p>Texto de fundamenta\u00e7\u00e3o da peti\u00e7\u00e3o<\/p>\n\n\n\n<h3 class=\"wp-block-heading\"><strong>Para:<\/strong>\u00a0Conselho de Administra\u00e7\u00e3o da RTP (R\u00e1dio e Televis\u00e3o de Portugal) e Ministro da Cultura<\/h3>\n\n\n\n<p>Exmos. Membros do Conselho de Administra\u00e7\u00e3o da RTP, Exmo. Senhor Ministro da Cultura,<\/p>\n\n\n\n<p>Os cidad\u00e3os abaixo assinados v\u00eam manifestar o seu profundo desacordo e indigna\u00e7\u00e3o relativamente \u00e0 posi\u00e7\u00e3o da RTP face ao pr\u00f3ximo Festival Eurovis\u00e3o da Can\u00e7\u00e3o. Esta indigna\u00e7\u00e3o \u00e9 agravada pelo facto de a representa\u00e7\u00e3o portuguesa ter votado a favor da participa\u00e7\u00e3o de Israel, colocando Portugal do lado errado da Hist\u00f3ria.<\/p>\n\n\n\n<p>Esta postura \u00e9 inaceit\u00e1vel perante a cont\u00ednua cat\u00e1strofe humanit\u00e1ria e ofensiva militar na Faixa de Gaza, e perante os esc\u00e2ndalos de manipula\u00e7\u00e3o de voto que mancharam a edi\u00e7\u00e3o de 2025 em Basileia, comprovando a incapacidade da organiza\u00e7\u00e3o (EBU\/UER) em travar a politiza\u00e7\u00e3o do evento.<\/p>\n\n\n\n<p>Fundamentamos a nossa exig\u00eancia numa l\u00f3gica de integridade e interesse nacional:<\/p>\n\n\n\n<p>A Fraude do Televoto como Propaganda de Guerra: A integridade do concurso foi destru\u00edda porque o palco foi capturado por interesses pol\u00edticos. Existem provas factuais, vis\u00edveis na edi\u00e7\u00e3o de 2025, de que o televoto foi instrumentalizado por campanhas organizadas pelo Estado israelita, n\u00e3o para celebrar a m\u00fasica, mas para validar uma ofensiva militar. Casos como a fuga de informa\u00e7\u00e3o da televis\u00e3o italiana (RAI) e a admiss\u00e3o do financiamento de publicidade massiva para inflacionar votos provam que o festival deixou de ser uma competi\u00e7\u00e3o cultural. A RTP n\u00e3o pode submeter os artistas portugueses a um concurso onde o vencedor \u00e9 decidido por quem investe mais em propaganda para branquear a imagem de um conflito armado.<\/p>\n\n\n\n<p>A Ofensa \u00e0 Mem\u00f3ria Democr\u00e1tica de Portugal (O Precedente de 1977): A EBU, que permite esta instrumentaliza\u00e7\u00e3o hoje, foi implac\u00e1vel com Portugal no passado. Em 1977, o grupo &#8220;Os Amigos&#8221; foi proibido pela organiza\u00e7\u00e3o de subir ao palco com cravos vermelhos na lapela, pois a organiza\u00e7\u00e3o considerou o s\u00edmbolo da nossa Liberdade uma mensagem pol\u00edtica inaceit\u00e1vel. \u00c9 uma afronta aos portugueses que a mesma organiza\u00e7\u00e3o que censurou os nossos cravos da paz feche agora os olhos a um Estado respons\u00e1vel por uma grave crise humanit\u00e1ria, permitindo-lhe inclusivamente manipular as regras do concurso para normalizar a sua actua\u00e7\u00e3o militar.<\/p>\n\n\n\n<p>O Dever do Servi\u00e7o P\u00fablico: A RTP \u00e9 financiada pelo esfor\u00e7o dos contribuintes. Existe um dever \u00e9tico de n\u00e3o aplicar dinheiros p\u00fablicos num evento que se transformou numa plataforma de limpeza de imagem atrav\u00e9s da arte de graves viola\u00e7\u00f5es de Direitos Humanos. A miss\u00e3o da RTP \u00e9 promover a cultura e a paz, n\u00e3o normalizar a guerra.<\/p>\n\n\n\n<p>A Cumplicidade do Voto Portugu\u00eas e a Incoer\u00eancia Internacional: Ao votar favoravelmente \u00e0 participa\u00e7\u00e3o de Israel, a RTP deixou de ser apenas uma participante passiva para se tornar c\u00famplice activa na normaliza\u00e7\u00e3o do conflito. A organiza\u00e7\u00e3o soube excluir a R\u00fassia, a Bielorr\u00fassia e a Jugosl\u00e1via quando os seus actos violaram os valores europeus. Ao votar para manter Israel em 2026, a RTP valida a ideia de que existem guerras aceit\u00e1veis e que a viola\u00e7\u00e3o do Direito Internacional \u00e9 toler\u00e1vel para uns, mas n\u00e3o para outros.<\/p>\n\n\n\n<p>O que exigimos:<\/p>\n\n\n\n<p>Face \u00e0 gravidade da situa\u00e7\u00e3o humanit\u00e1ria, \u00e0 manipula\u00e7\u00e3o comprovada dos resultados como ferramenta de propaganda e \u00e0 vergonhosa posi\u00e7\u00e3o de apoio manifestada pelo voto portugu\u00eas, exigimos que a RTP anuncie a n\u00e3o-participa\u00e7\u00e3o de Portugal na Eurovis\u00e3o 2026.<\/p>\n\n\n\n<p>Portugal deve corrigir o erro do seu voto e juntar-se ao bloco de pa\u00edses, como a Espanha, que se recusam a branquear a situa\u00e7\u00e3o. \u00c9 imperativo defender a dignidade dos artistas nacionais, o respeito pelo Direito Internacional e a g\u00e9nese do pr\u00f3prio festival. Criada em 1956 para promover a paz e a uni\u00e3o entre os povos num p\u00f3s-guerra, a Eurovis\u00e3o n\u00e3o pode servir de palco para normalizar a guerra.<\/p>\n\n\n\n<p>Os Peticion\u00e1rios,<\/p>\n\n\n\n<p><\/p>\n\n\n\n<h3 class=\"wp-block-heading\">Eurico Reis, juiz desembargador jubilado<\/h3>\n","protected":false},"excerpt":{"rendered":"<p>Pela Retirada Imediata de Portugal do Festival Eurovis\u00e3o da Can\u00e7\u00e3o e Enquanto Israel Participar Indica\u00e7\u00e3o&#8230;<\/p>\n","protected":false},"author":2,"featured_media":15748,"comment_status":"open","ping_status":"open","sticky":true,"template":"","format":"standard","meta":{"sfsi_plus_gutenberg_text_before_share":"","sfsi_plus_gutenberg_show_text_before_share":"","sfsi_plus_gutenberg_icon_type":"","sfsi_plus_gutenberg_icon_alignemt":"","sfsi_plus_gutenburg_max_per_row":"","ngg_post_thumbnail":0,"footnotes":""},"categories":[489,731],"tags":[673],"featured_image_urls":{"full":["https:\/\/nsf.pt\/wp-content\/uploads\/2025\/12\/eurovision.jpg",911,538,false],"thumbnail":["https:\/\/nsf.pt\/wp-content\/uploads\/2025\/12\/eurovision-150x150.jpg",150,150,true],"medium":["https:\/\/nsf.pt\/wp-content\/uploads\/2025\/12\/eurovision-300x177.jpg",300,177,true],"medium_large":["https:\/\/nsf.pt\/wp-content\/uploads\/2025\/12\/eurovision-768x454.jpg",640,378,true],"large":["https:\/\/nsf.pt\/wp-content\/uploads\/2025\/12\/eurovision.jpg",640,378,false],"1536x1536":["https:\/\/nsf.pt\/wp-content\/uploads\/2025\/12\/eurovision.jpg",911,538,false],"2048x2048":["https:\/\/nsf.pt\/wp-content\/uploads\/2025\/12\/eurovision.jpg",911,538,false],"covernews-slider-full":["https:\/\/nsf.pt\/wp-content\/uploads\/2025\/12\/eurovision.jpg",911,538,false],"covernews-slider-center":["https:\/\/nsf.pt\/wp-content\/uploads\/2025\/12\/eurovision-800x500.jpg",800,500,true],"covernews-featured":["https:\/\/nsf.pt\/wp-content\/uploads\/2025\/12\/eurovision.jpg",911,538,false],"covernews-medium":["https:\/\/nsf.pt\/wp-content\/uploads\/2025\/12\/eurovision-540x340.jpg",540,340,true],"covernews-medium-square":["https:\/\/nsf.pt\/wp-content\/uploads\/2025\/12\/eurovision-400x250.jpg",400,250,true]},"author_info":{"info":["Carlos Ribeiro"]},"category_info":"<a href=\"https:\/\/nsf.pt\/index.php\/category\/agir\/\" rel=\"category tag\">AGIR<\/a> <a href=\"https:\/\/nsf.pt\/index.php\/category\/cidadania\/\" rel=\"category tag\">CIDADANIA<\/a>","tag_info":"CIDADANIA","comment_count":"0","_links":{"self":[{"href":"https:\/\/nsf.pt\/index.php\/wp-json\/wp\/v2\/posts\/15747"}],"collection":[{"href":"https:\/\/nsf.pt\/index.php\/wp-json\/wp\/v2\/posts"}],"about":[{"href":"https:\/\/nsf.pt\/index.php\/wp-json\/wp\/v2\/types\/post"}],"author":[{"embeddable":true,"href":"https:\/\/nsf.pt\/index.php\/wp-json\/wp\/v2\/users\/2"}],"replies":[{"embeddable":true,"href":"https:\/\/nsf.pt\/index.php\/wp-json\/wp\/v2\/comments?post=15747"}],"version-history":[{"count":1,"href":"https:\/\/nsf.pt\/index.php\/wp-json\/wp\/v2\/posts\/15747\/revisions"}],"predecessor-version":[{"id":15749,"href":"https:\/\/nsf.pt\/index.php\/wp-json\/wp\/v2\/posts\/15747\/revisions\/15749"}],"wp:featuredmedia":[{"embeddable":true,"href":"https:\/\/nsf.pt\/index.php\/wp-json\/wp\/v2\/media\/15748"}],"wp:attachment":[{"href":"https:\/\/nsf.pt\/index.php\/wp-json\/wp\/v2\/media?parent=15747"}],"wp:term":[{"taxonomy":"category","embeddable":true,"href":"https:\/\/nsf.pt\/index.php\/wp-json\/wp\/v2\/categories?post=15747"},{"taxonomy":"post_tag","embeddable":true,"href":"https:\/\/nsf.pt\/index.php\/wp-json\/wp\/v2\/tags?post=15747"}],"curies":[{"name":"wp","href":"https:\/\/api.w.org\/{rel}","templated":true}]}}