{"id":15750,"date":"2025-12-08T19:02:00","date_gmt":"2025-12-08T19:02:00","guid":{"rendered":"https:\/\/nsf.pt\/?p=15750"},"modified":"2025-12-08T19:02:01","modified_gmt":"2025-12-08T19:02:01","slug":"greve-geral-dia-11-de-dezembro","status":"publish","type":"post","link":"https:\/\/nsf.pt\/index.php\/2025\/12\/08\/greve-geral-dia-11-de-dezembro\/","title":{"rendered":"Greve Geral dia 11 de dezembro"},"content":{"rendered":"\n<h2 class=\"wp-block-heading\">Estruturas dos trabalhadores e sindicatos apelam \u00e0 Greve Geral<\/h2>\n\n\n\n<p><\/p>\n\n\n\n<p><strong>A\u00a0Coordenadora das Comiss\u00f5es de Trabalhadores do Distrito do Porto foi uma das recentes organiza\u00e7\u00f5es a declarar o seu apoio \u00e0 Greve Geral de dia 11 de dezembro.<\/strong><\/p>\n\n\n\n<p>&#8220;Reunida no dia\u00a02 de Dezembro de 2025, considera que o Pacote Laboral apresentado pelo Governo PSD\/CDS, apoiado pelo CH e pela IL, constitui um ataque profundo e inaceit\u00e1vel aos direitos dos trabalhadores, aos servi\u00e7os p\u00fablicos, \u00e0s fun\u00e7\u00f5es sociais do Estado e ao pr\u00f3prio futuro do Pa\u00eds.<\/p>\n\n\n\n<p>O Governo pretende alterar a legisla\u00e7\u00e3o laboral em mat\u00e9rias fundamentais, invertendo o princ\u00edpio estruturante de protec\u00e7\u00e3o da parte mais fr\u00e1gil na rela\u00e7\u00e3o laboral. Procura agravar uma lei que j\u00e1 hoje \u00e9 prejudicial para quem trabalha, transformando-a numa arma ao servi\u00e7o dos interesses patronais.<\/p>\n\n\n\n<p>O Pacote Laboral visa perpetuar baixos sal\u00e1rios, impor o despedimento sem justa causa, agravar e eternizar a precariedade, desregular os hor\u00e1rios de trabalho, atacar direitos de maternidade e paternidade, destruir a contrata\u00e7\u00e3o colectiva, facilitando a caducidade e pondo em causa o princ\u00edpio do tratamento mais favor\u00e1vel ao trabalhador e limitar a liberdade sindical e o direito de greve.<\/p>\n\n\n\n<p>Trata-se de um ataque direto aos direitos conquistados com Abril, uma afronta \u00e0 Constitui\u00e7\u00e3o da Rep\u00fablica Portuguesa e um atropelo \u00e0s garantias nela consagradas. Este pacote tem de ser firmemente rejeitado e derrotado.<\/p>\n\n\n\n<p>Assim, a Coordenadora das Comiss\u00f5es de Trabalhadores do Distrito do Porto:<\/p>\n\n\n\n<p>Manifesta o seu apoio e participa\u00e7\u00e3o na Greve Geral de 11 de Dezembro de 2025<\/p>\n\n\n\n<p>Assume o compromisso de divulgar amplamente os objectivos da greve, mobilizar trabalhadores e refor\u00e7ar a unidade e a a\u00e7\u00e3o colectiva.<\/p>\n\n\n\n<p>Rejeita:<\/p>\n\n\n\n<ul>\n<li>A desregula\u00e7\u00e3o dos hor\u00e1rios e o trabalho gratuito atrav\u00e9s do banco de horas individual e da amplia\u00e7\u00e3o das condi\u00e7\u00f5es para o banco de horas grupal;<\/li>\n\n\n\n<li>O agravamento da precariedade por via da multiplica\u00e7\u00e3o de v\u00ednculos prec\u00e1rios e prolongamento dos seus prazos;<\/li>\n\n\n\n<li>A facilita\u00e7\u00e3o dos despedimentos, incluindo despedimentos sem justa causa, e a limita\u00e7\u00e3o do direito \u00e0 reintegra\u00e7\u00e3o;<\/li>\n\n\n\n<li>O ataque aos direitos de maternidade e paternidade, submetendo hor\u00e1rios flex\u00edveis ao \u201cfuncionamento da empresa\u201d e reduzindo a dispensa para amamenta\u00e7\u00e3o;<\/li>\n\n\n\n<li>A destrui\u00e7\u00e3o da contrata\u00e7\u00e3o colectiva, por via da caducidade e da possibilidade de suspens\u00e3o ou modifica\u00e7\u00e3o unilateral dos contratos coletivos;<\/li>\n\n\n\n<li>As limita\u00e7\u00f5es \u00e0 liberdade sindical e ao exerc\u00edcio do direito de greve, nomeadamente atrav\u00e9s de imposi\u00e7\u00f5es abusivas de servi\u00e7os m\u00ednimos.<\/li>\n<\/ul>\n\n\n\n<p>Combate:<\/p>\n\n\n\n<p>A pol\u00edtica de retrocesso que aprofunda desigualdades, mant\u00e9m baixos sal\u00e1rios, fragiliza os servi\u00e7os p\u00fablicos e diminui o papel social do Estado, afrontando os direitos de Abril consagrados na Constitui\u00e7\u00e3o.<\/p>\n\n\n\n<p>Exige:<\/p>\n\n\n\n<ul>\n<li>Aumento geral e significativo de todos os sal\u00e1rios;<\/li>\n\n\n\n<li>Revoga\u00e7\u00e3o das normas gravosas j\u00e1 existentes na legisla\u00e7\u00e3o laboral;<\/li>\n\n\n\n<li>Defesa e melhoria dos servi\u00e7os p\u00fablicos;<\/li>\n\n\n\n<li>Retirada integral do Pacote Laboral e a constru\u00e7\u00e3o de um rumo alternativo baseado no trabalho, nos trabalhadores e na justi\u00e7a social.<\/li>\n<\/ul>\n\n\n\n<p>A\u00a0Greve Geral \u00e9 de todos e para todos os trabalhadores.<br>\u00c9 tamb\u00e9m uma luta pelas novas gera\u00e7\u00f5es e por um Portugal com futuro&#8221;.<\/p>\n\n\n\n<p>Fonte:&nbsp; Comiss\u00e3o Coordenadora das Comiss\u00f5es de Trabalhadores do Porto<\/p>\n","protected":false},"excerpt":{"rendered":"<p>Estruturas dos trabalhadores e sindicatos apelam \u00e0 Greve Geral A\u00a0Coordenadora das Comiss\u00f5es de Trabalhadores do&#8230;<\/p>\n","protected":false},"author":2,"featured_media":15751,"comment_status":"open","ping_status":"open","sticky":true,"template":"","format":"standard","meta":{"sfsi_plus_gutenberg_text_before_share":"","sfsi_plus_gutenberg_show_text_before_share":"","sfsi_plus_gutenberg_icon_type":"","sfsi_plus_gutenberg_icon_alignemt":"","sfsi_plus_gutenburg_max_per_row":"","ngg_post_thumbnail":0,"footnotes":""},"categories":[489],"tags":[736],"featured_image_urls":{"full":["https:\/\/nsf.pt\/wp-content\/uploads\/2025\/12\/ggeral.jpg",781,414,false],"thumbnail":["https:\/\/nsf.pt\/wp-content\/uploads\/2025\/12\/ggeral-150x150.jpg",150,150,true],"medium":["https:\/\/nsf.pt\/wp-content\/uploads\/2025\/12\/ggeral-300x159.jpg",300,159,true],"medium_large":["https:\/\/nsf.pt\/wp-content\/uploads\/2025\/12\/ggeral-768x407.jpg",640,339,true],"large":["https:\/\/nsf.pt\/wp-content\/uploads\/2025\/12\/ggeral.jpg",640,339,false],"1536x1536":["https:\/\/nsf.pt\/wp-content\/uploads\/2025\/12\/ggeral.jpg",781,414,false],"2048x2048":["https:\/\/nsf.pt\/wp-content\/uploads\/2025\/12\/ggeral.jpg",781,414,false],"covernews-slider-full":["https:\/\/nsf.pt\/wp-content\/uploads\/2025\/12\/ggeral.jpg",781,414,false],"covernews-slider-center":["https:\/\/nsf.pt\/wp-content\/uploads\/2025\/12\/ggeral.jpg",781,414,false],"covernews-featured":["https:\/\/nsf.pt\/wp-content\/uploads\/2025\/12\/ggeral.jpg",781,414,false],"covernews-medium":["https:\/\/nsf.pt\/wp-content\/uploads\/2025\/12\/ggeral-540x340.jpg",540,340,true],"covernews-medium-square":["https:\/\/nsf.pt\/wp-content\/uploads\/2025\/12\/ggeral-400x250.jpg",400,250,true]},"author_info":{"info":["Carlos Ribeiro"]},"category_info":"<a href=\"https:\/\/nsf.pt\/index.php\/category\/agir\/\" rel=\"category tag\">AGIR<\/a>","tag_info":"AGIR","comment_count":"0","_links":{"self":[{"href":"https:\/\/nsf.pt\/index.php\/wp-json\/wp\/v2\/posts\/15750"}],"collection":[{"href":"https:\/\/nsf.pt\/index.php\/wp-json\/wp\/v2\/posts"}],"about":[{"href":"https:\/\/nsf.pt\/index.php\/wp-json\/wp\/v2\/types\/post"}],"author":[{"embeddable":true,"href":"https:\/\/nsf.pt\/index.php\/wp-json\/wp\/v2\/users\/2"}],"replies":[{"embeddable":true,"href":"https:\/\/nsf.pt\/index.php\/wp-json\/wp\/v2\/comments?post=15750"}],"version-history":[{"count":1,"href":"https:\/\/nsf.pt\/index.php\/wp-json\/wp\/v2\/posts\/15750\/revisions"}],"predecessor-version":[{"id":15752,"href":"https:\/\/nsf.pt\/index.php\/wp-json\/wp\/v2\/posts\/15750\/revisions\/15752"}],"wp:featuredmedia":[{"embeddable":true,"href":"https:\/\/nsf.pt\/index.php\/wp-json\/wp\/v2\/media\/15751"}],"wp:attachment":[{"href":"https:\/\/nsf.pt\/index.php\/wp-json\/wp\/v2\/media?parent=15750"}],"wp:term":[{"taxonomy":"category","embeddable":true,"href":"https:\/\/nsf.pt\/index.php\/wp-json\/wp\/v2\/categories?post=15750"},{"taxonomy":"post_tag","embeddable":true,"href":"https:\/\/nsf.pt\/index.php\/wp-json\/wp\/v2\/tags?post=15750"}],"curies":[{"name":"wp","href":"https:\/\/api.w.org\/{rel}","templated":true}]}}