{"id":15774,"date":"2025-12-14T16:24:02","date_gmt":"2025-12-14T16:24:02","guid":{"rendered":"https:\/\/nsf.pt\/?p=15774"},"modified":"2025-12-14T16:24:04","modified_gmt":"2025-12-14T16:24:04","slug":"pesticidas-nem-pensar","status":"publish","type":"post","link":"https:\/\/nsf.pt\/index.php\/2025\/12\/14\/pesticidas-nem-pensar\/","title":{"rendered":"Pesticidas, nem pensar!"},"content":{"rendered":"\n<h2 class=\"wp-block-heading\">Vamos garantir que os pesticidas proibidos n\u00e3o acabem em nossos alimentos<\/h2>\n\n\n\n<h3 class=\"wp-block-heading\">Aos Estados-Membros da UE e ao Parlamento Europeu<\/h3>\n\n\n\n<div style=\"height:18px\" aria-hidden=\"true\" class=\"wp-block-spacer\"><\/div>\n\n\n\n<figure class=\"wp-block-gallery has-nested-images columns-default is-cropped wp-block-gallery-1 is-layout-flex wp-block-gallery-is-layout-flex\">\n<figure class=\"wp-block-image size-large\"><img decoding=\"async\" loading=\"lazy\" width=\"792\" height=\"408\" data-id=\"15775\" src=\"https:\/\/nsf.pt\/wp-content\/uploads\/2025\/12\/pesticidas2.jpg\" alt=\"\" class=\"wp-image-15775\" srcset=\"https:\/\/nsf.pt\/wp-content\/uploads\/2025\/12\/pesticidas2.jpg 792w, https:\/\/nsf.pt\/wp-content\/uploads\/2025\/12\/pesticidas2-300x155.jpg 300w, https:\/\/nsf.pt\/wp-content\/uploads\/2025\/12\/pesticidas2-768x396.jpg 768w\" sizes=\"(max-width: 792px) 100vw, 792px\" \/><\/figure>\n<\/figure>\n\n\n\n<h2 class=\"wp-block-heading\"><a href=\"https:\/\/action.wemove.eu\/sign\/2025-02-mercosur-pesticides-petition-FR?akid=s6739511..pLHLxH\">Peti\u00e7\u00e3o<\/a><\/h2>\n\n\n\n<p>[assinar e divulgar]<\/p>\n\n\n\n<p>Apelamos aos Estados-Membros da UE e ao Parlamento Europeu para que:<\/p>\n\n\n\n<ul>\n<li><strong>Rejeitar o acordo comercial entre a UE e&nbsp;<\/strong><strong>o Mercosul&nbsp;<\/strong>, que permitiria a venda de alimentos cultivados com pesticidas proibidos na Europa, pondo assim em risco a sa\u00fade p\u00fablica e o meio ambiente.<\/li>\n\n\n\n<li><strong>Cumprir as normas de seguran\u00e7a alimentar da UE,&nbsp;<\/strong>corrigindo as lacunas na regulamenta\u00e7\u00e3o dos pesticidas que beneficiam as grandes empresas agroalimentares em detrimento dos agricultores, dos consumidores e da biodiversidade.<\/li>\n\n\n\n<li><strong>Garantir pol\u00edticas de com\u00e9rcio&nbsp;<\/strong>justo&nbsp;que protejam os agricultores europeus e incentivem a agricultura sustent\u00e1vel, em vez de priorizar os lucros corporativos.<br><\/li>\n<\/ul>\n\n\n\n<p>N\u00e3o podemos permitir que os acordos comerciais prejudiquem as&nbsp;<strong>prote\u00e7\u00f5es \u00e0 sa\u00fade e ao meio ambiente&nbsp;<\/strong>pelas quais os europeus lutaram. Vamos p\u00f4r fim a este perigoso acordo comercial e&nbsp;<strong>proteger a nossa sa\u00fade, os nossos agricultores e o nosso planeta!<\/strong><\/p>\n\n\n\n<h2 class=\"wp-block-heading\">Por que isso \u00e9 importante?<\/h2>\n\n\n\n<p><strong>Pesticidas t\u00f3xicos proibidos na Europa&nbsp;<\/strong>est\u00e3o prestes a parar em nossos pratos.<\/p>\n\n\n\n<p>O acordo comercial UE-Mercosul permitiria que&nbsp;<strong>quantidades massivas&nbsp;<\/strong><strong>de carne, soja e cereais, frutas e vegetais da Am\u00e9rica do Sul&nbsp;<\/strong>, onde pesticidas proibidos na Europa ainda s\u00e3o amplamente utilizados,&nbsp;<strong>inundassem os nossos mercados&nbsp;<\/strong>[1]. Este n\u00e3o \u00e9 apenas um acordo comercial, mas uma porta dos fundos que permitiria que estes produtos qu\u00edmicos t\u00f3xicos chegassem aos nossos pratos.<\/p>\n\n\n\n<p><strong>Isto \u00e9&nbsp;<\/strong><strong>um presente para as grandes empresas agroindustriais, mas um desastre para a nossa sa\u00fade e para os pequenos agricultores locais europeus.&nbsp;<\/strong>Enquanto estes \u00faltimos s\u00e3o obrigados a cumprir normas ambientais e sanit\u00e1rias rigorosas, os gigantes do agroneg\u00f3cio ficariam livres para importar alimentos baratos contendo pesticidas proibidos. Isto \u00e9 injusto, perigoso e totalmente inaceit\u00e1vel [2].&nbsp;<\/p>\n\n\n\n<p>Mas eis a boa not\u00edcia:&nbsp;<strong>temos o poder de impedir isto.&nbsp;<\/strong>Fran\u00e7a, Pol\u00f3nia, \u00c1ustria e It\u00e1lia j\u00e1 se op\u00f5em a este acordo. E se se mantiverem firmes, este acordo&nbsp;<strong>ir\u00e1 ruir&nbsp;<\/strong>[3].<\/p>\n\n\n\n<p>As grandes empresas aliment\u00edcias est\u00e3o lutando para mudar a opini\u00e3o deles, e \u00e9 a\u00ed que entramos. Se fizermos barulho suficiente, podemos mostrar a esses governos que os cidad\u00e3os de toda a Europa&nbsp;<strong>os apoiam&nbsp;<\/strong>e convencer ainda mais pa\u00edses a rejeitar o acordo.<\/p>\n\n\n\n<h4 class=\"wp-block-heading\">Refer\u00eancias:<\/h4>\n\n\n\n<p>[1] https:\/\/www.greenpeace.org\/eu-unit\/issues\/nature-food\/47322\/want-to-do-something-good-for-farmers-stop-the-eu-mercosur-trade-deal\/;<br>https:\/\/www.greenpeace.org\/static\/planet4-sweden-stateless\/2023\/04\/23fac49f-study-a-toxic-cocktail.-the-eu-mercosur-deal.pdf<\/p>\n\n\n\n<p>[2] https:\/\/greenly.earth\/en-us\/blog\/ecology-news\/why-the-eu-mercosur-agreement-is-a-thorny-question<br>https:\/\/ieep.eu\/wp-content\/uploads\/2024\/04\/EU-Mercosur-agreement_V1_comments13-002.pdf<\/p>\n\n\n\n<p>[3] Para que o acordo seja conclu\u00eddo, ele precisa ser aprovado por pelo menos 15 dos 27 Estados-Membros da UE, representando pelo menos 65% da popula\u00e7\u00e3o da Uni\u00e3o. Portanto, pelo menos quatro Estados, representando pelo menos 35% da popula\u00e7\u00e3o da UE, poderiam bloquear o acordo. Se a Fran\u00e7a, a Pol\u00f4nia, a \u00c1ustria e a It\u00e1lia mantiverem sua oposi\u00e7\u00e3o, \u00e9 altamente improv\u00e1vel que o acordo UE-Mercosul seja aprovado em sua forma atual.<br>https:\/\/www.politico.eu\/article\/france-block-eu-mercosur-trade-deal-emmanuel-macron\/<br>https:\/\/www.csis.org\/analysis\/what-are-implications-eu-mercosur-free-trade-agreement<\/p>\n","protected":false},"excerpt":{"rendered":"<p>Vamos garantir que os pesticidas proibidos n\u00e3o acabem em nossos alimentos Aos Estados-Membros da UE&#8230;<\/p>\n","protected":false},"author":2,"featured_media":15775,"comment_status":"open","ping_status":"open","sticky":true,"template":"","format":"standard","meta":{"sfsi_plus_gutenberg_text_before_share":"","sfsi_plus_gutenberg_show_text_before_share":"","sfsi_plus_gutenberg_icon_type":"","sfsi_plus_gutenberg_icon_alignemt":"","sfsi_plus_gutenburg_max_per_row":"","ngg_post_thumbnail":0,"footnotes":""},"categories":[489,238,446],"tags":[737],"featured_image_urls":{"full":["https:\/\/nsf.pt\/wp-content\/uploads\/2025\/12\/pesticidas2.jpg",792,408,false],"thumbnail":["https:\/\/nsf.pt\/wp-content\/uploads\/2025\/12\/pesticidas2-150x150.jpg",150,150,true],"medium":["https:\/\/nsf.pt\/wp-content\/uploads\/2025\/12\/pesticidas2-300x155.jpg",300,155,true],"medium_large":["https:\/\/nsf.pt\/wp-content\/uploads\/2025\/12\/pesticidas2-768x396.jpg",640,330,true],"large":["https:\/\/nsf.pt\/wp-content\/uploads\/2025\/12\/pesticidas2.jpg",640,330,false],"1536x1536":["https:\/\/nsf.pt\/wp-content\/uploads\/2025\/12\/pesticidas2.jpg",792,408,false],"2048x2048":["https:\/\/nsf.pt\/wp-content\/uploads\/2025\/12\/pesticidas2.jpg",792,408,false],"covernews-slider-full":["https:\/\/nsf.pt\/wp-content\/uploads\/2025\/12\/pesticidas2.jpg",792,408,false],"covernews-slider-center":["https:\/\/nsf.pt\/wp-content\/uploads\/2025\/12\/pesticidas2.jpg",792,408,false],"covernews-featured":["https:\/\/nsf.pt\/wp-content\/uploads\/2025\/12\/pesticidas2.jpg",792,408,false],"covernews-medium":["https:\/\/nsf.pt\/wp-content\/uploads\/2025\/12\/pesticidas2-540x340.jpg",540,340,true],"covernews-medium-square":["https:\/\/nsf.pt\/wp-content\/uploads\/2025\/12\/pesticidas2-400x250.jpg",400,250,true]},"author_info":{"info":["Carlos Ribeiro"]},"category_info":"<a href=\"https:\/\/nsf.pt\/index.php\/category\/agir\/\" rel=\"category tag\">AGIR<\/a> <a href=\"https:\/\/nsf.pt\/index.php\/category\/destaque\/\" rel=\"category tag\">DESTAQUE<\/a> <a href=\"https:\/\/nsf.pt\/index.php\/category\/transicoes\/\" rel=\"category tag\">TRANSI\u00c7\u00d5ES<\/a>","tag_info":"TRANSI\u00c7\u00d5ES","comment_count":"0","_links":{"self":[{"href":"https:\/\/nsf.pt\/index.php\/wp-json\/wp\/v2\/posts\/15774"}],"collection":[{"href":"https:\/\/nsf.pt\/index.php\/wp-json\/wp\/v2\/posts"}],"about":[{"href":"https:\/\/nsf.pt\/index.php\/wp-json\/wp\/v2\/types\/post"}],"author":[{"embeddable":true,"href":"https:\/\/nsf.pt\/index.php\/wp-json\/wp\/v2\/users\/2"}],"replies":[{"embeddable":true,"href":"https:\/\/nsf.pt\/index.php\/wp-json\/wp\/v2\/comments?post=15774"}],"version-history":[{"count":1,"href":"https:\/\/nsf.pt\/index.php\/wp-json\/wp\/v2\/posts\/15774\/revisions"}],"predecessor-version":[{"id":15776,"href":"https:\/\/nsf.pt\/index.php\/wp-json\/wp\/v2\/posts\/15774\/revisions\/15776"}],"wp:featuredmedia":[{"embeddable":true,"href":"https:\/\/nsf.pt\/index.php\/wp-json\/wp\/v2\/media\/15775"}],"wp:attachment":[{"href":"https:\/\/nsf.pt\/index.php\/wp-json\/wp\/v2\/media?parent=15774"}],"wp:term":[{"taxonomy":"category","embeddable":true,"href":"https:\/\/nsf.pt\/index.php\/wp-json\/wp\/v2\/categories?post=15774"},{"taxonomy":"post_tag","embeddable":true,"href":"https:\/\/nsf.pt\/index.php\/wp-json\/wp\/v2\/tags?post=15774"}],"curies":[{"name":"wp","href":"https:\/\/api.w.org\/{rel}","templated":true}]}}