{"id":15818,"date":"2025-12-15T19:57:00","date_gmt":"2025-12-15T19:57:00","guid":{"rendered":"https:\/\/nsf.pt\/?p=15818"},"modified":"2025-12-15T19:57:02","modified_gmt":"2025-12-15T19:57:02","slug":"conectar-universidades-e-governos-locais","status":"publish","type":"post","link":"https:\/\/nsf.pt\/index.php\/2025\/12\/15\/conectar-universidades-e-governos-locais\/","title":{"rendered":"Conectar universidades e governos locais"},"content":{"rendered":"\n<h2 class=\"wp-block-heading\">Resultados do projeto europeu Urban Imprint v\u00e3o ser divulgados em sess\u00e3o online<\/h2>\n\n\n\n<p>Est\u00e1 a terminar o projeto europeu <a href=\"https:\/\/urbanimprint.eu\">Urban Imprint <\/a>no \u00e2mbito do qual se desenvolveu o <a href=\"https:\/\/www.facebook.com\/labproximidadeurbanailhavo\/\">Laborat\u00f3rio de Cidadania pela Proximidade Urbana em \u00cdlhavo.<\/a><\/p>\n\n\n\n<div style=\"height:14px\" aria-hidden=\"true\" class=\"wp-block-spacer\"><\/div>\n\n\n\n<figure class=\"wp-block-gallery has-nested-images columns-default is-cropped wp-block-gallery-1 is-layout-flex wp-block-gallery-is-layout-flex\">\n<figure class=\"wp-block-image size-large\"><img decoding=\"async\" loading=\"lazy\" width=\"729\" height=\"332\" data-id=\"15820\" src=\"https:\/\/nsf.pt\/wp-content\/uploads\/2025\/12\/urban2.jpg\" alt=\"\" class=\"wp-image-15820\" srcset=\"https:\/\/nsf.pt\/wp-content\/uploads\/2025\/12\/urban2.jpg 729w, https:\/\/nsf.pt\/wp-content\/uploads\/2025\/12\/urban2-300x137.jpg 300w\" sizes=\"(max-width: 729px) 100vw, 729px\" \/><\/figure>\n<\/figure>\n\n\n\n<div style=\"height:29px\" aria-hidden=\"true\" class=\"wp-block-spacer\"><\/div>\n\n\n\n<figure class=\"wp-block-image size-full is-resized\"><img decoding=\"async\" loading=\"lazy\" width=\"542\" height=\"597\" src=\"https:\/\/nsf.pt\/wp-content\/uploads\/2025\/12\/jmc2.jpg\" alt=\"\" class=\"wp-image-15771\" style=\"aspect-ratio:0.9078726968174204;width:130px;height:auto\" srcset=\"https:\/\/nsf.pt\/wp-content\/uploads\/2025\/12\/jmc2.jpg 542w, https:\/\/nsf.pt\/wp-content\/uploads\/2025\/12\/jmc2-272x300.jpg 272w\" sizes=\"(max-width: 542px) 100vw, 542px\" \/><\/figure>\n\n\n\n<h3 class=\"wp-block-heading\">Por Jos\u00e9 Carlos Mota<\/h3>\n\n\n\n<p><\/p>\n\n\n\n<p>A Universidade de Aveiro \u00e9 parceira do Projeto com a Universidade de Granada, a \u00c9cole Nationale Sup\u00e9rieure d\u2019Architecture de Paris La Villette, a Universit\u00e4t Graz, o TUCEP- Tiber Umbria Comett Education Programme e o APDI Group- Working Together for International Development. <\/p>\n\n\n\n<p>O objetivo \u00e9 conectar as universidades e governos locais para implementar agendas urbanas. Esta iniciativa foi cofinanciada pela Uni\u00e3o Europeia.<br>O Laborat\u00f3rio de Cidadania pela Proximidade Urbana em \u00cdlhavo foi um exerc\u00edcio destinado a responder aos desafios da proximidade, f\u00edsica e relacional e teve como mote construir um modelo de comunidade mais saud\u00e1vel, sustent\u00e1vel, justa e solid\u00e1ria. Ao longo de diversas etapas pudemos contar com contributos preciosos que tornaram este projeto um verdadeiro exerc\u00edcio de participa\u00e7\u00e3o e cidadania. <\/p>\n\n\n\n<p><\/p>\n\n\n\n<p>A fase \u00e9 agora de divulga\u00e7\u00e3o dos resultados produzidos ao longo do <a href=\"http:\/\/(https:\/\/urbanimprint.eu\/en\/)\">projeto<\/a> . Assim, e por forma a serem conhecidos tanto os resultados do Projeto Urban Imprint como os do Laborat\u00f3rio de Cidadania pela Proximidade Urbana em \u00cdlhavo especificamente, <strong>vai ser levada a efeito uma sess\u00e3o, em 16 de dezembro de 2025, pelas 21h, no formato online,<\/strong> \u00e0 quel \u00e9 poss\u00edvel aceder atrav\u00e9s do <a href=\"https:\/\/videoconf-colibri.zoom.us\/j\/3915153794.\">LINK<\/a>. No dia 17 repete-se a sess\u00e3o para quem n\u00e3o conseguiu participar no dia anterior ou quem prefira a segunda data. As sess\u00f5es ter\u00e3o a dura\u00e7\u00e3o m\u00e1xima de 1 hora.<\/p>\n\n\n\n<div style=\"height:37px\" aria-hidden=\"true\" class=\"wp-block-spacer\"><\/div>\n\n\n\n<figure class=\"wp-block-gallery has-nested-images columns-default is-cropped wp-block-gallery-3 is-layout-flex wp-block-gallery-is-layout-flex\">\n<figure class=\"wp-block-image size-large\"><img decoding=\"async\" loading=\"lazy\" width=\"484\" height=\"696\" data-id=\"15821\" src=\"https:\/\/nsf.pt\/wp-content\/uploads\/2025\/12\/ilhavo-.jpg\" alt=\"\" class=\"wp-image-15821\" srcset=\"https:\/\/nsf.pt\/wp-content\/uploads\/2025\/12\/ilhavo-.jpg 484w, https:\/\/nsf.pt\/wp-content\/uploads\/2025\/12\/ilhavo--209x300.jpg 209w\" sizes=\"(max-width: 484px) 100vw, 484px\" \/><\/figure>\n<\/figure>\n\n\n\n<p><\/p>\n\n\n\n<p><\/p>\n","protected":false},"excerpt":{"rendered":"<p>Resultados do projeto europeu Urban Imprint v\u00e3o ser divulgados em sess\u00e3o online Est\u00e1 a terminar&#8230;<\/p>\n","protected":false},"author":2,"featured_media":15822,"comment_status":"open","ping_status":"open","sticky":true,"template":"","format":"standard","meta":{"sfsi_plus_gutenberg_text_before_share":"","sfsi_plus_gutenberg_show_text_before_share":"","sfsi_plus_gutenberg_icon_type":"","sfsi_plus_gutenberg_icon_alignemt":"","sfsi_plus_gutenburg_max_per_row":"","ngg_post_thumbnail":0,"footnotes":""},"categories":[207,731,238],"tags":[691],"featured_image_urls":{"full":["https:\/\/nsf.pt\/wp-content\/uploads\/2025\/12\/urban3.jpg",902,564,false],"thumbnail":["https:\/\/nsf.pt\/wp-content\/uploads\/2025\/12\/urban3-150x150.jpg",150,150,true],"medium":["https:\/\/nsf.pt\/wp-content\/uploads\/2025\/12\/urban3-300x188.jpg",300,188,true],"medium_large":["https:\/\/nsf.pt\/wp-content\/uploads\/2025\/12\/urban3-768x480.jpg",640,400,true],"large":["https:\/\/nsf.pt\/wp-content\/uploads\/2025\/12\/urban3.jpg",640,400,false],"1536x1536":["https:\/\/nsf.pt\/wp-content\/uploads\/2025\/12\/urban3.jpg",902,564,false],"2048x2048":["https:\/\/nsf.pt\/wp-content\/uploads\/2025\/12\/urban3.jpg",902,564,false],"covernews-slider-full":["https:\/\/nsf.pt\/wp-content\/uploads\/2025\/12\/urban3.jpg",902,564,false],"covernews-slider-center":["https:\/\/nsf.pt\/wp-content\/uploads\/2025\/12\/urban3-800x500.jpg",800,500,true],"covernews-featured":["https:\/\/nsf.pt\/wp-content\/uploads\/2025\/12\/urban3.jpg",902,564,false],"covernews-medium":["https:\/\/nsf.pt\/wp-content\/uploads\/2025\/12\/urban3-540x340.jpg",540,340,true],"covernews-medium-square":["https:\/\/nsf.pt\/wp-content\/uploads\/2025\/12\/urban3-400x250.jpg",400,250,true]},"author_info":{"info":["Carlos Ribeiro"]},"category_info":"<a href=\"https:\/\/nsf.pt\/index.php\/category\/agenda-2\/\" rel=\"category tag\">AGENDA<\/a> <a href=\"https:\/\/nsf.pt\/index.php\/category\/cidadania\/\" rel=\"category tag\">CIDADANIA<\/a> <a href=\"https:\/\/nsf.pt\/index.php\/category\/destaque\/\" rel=\"category tag\">DESTAQUE<\/a>","tag_info":"DESTAQUE","comment_count":"0","_links":{"self":[{"href":"https:\/\/nsf.pt\/index.php\/wp-json\/wp\/v2\/posts\/15818"}],"collection":[{"href":"https:\/\/nsf.pt\/index.php\/wp-json\/wp\/v2\/posts"}],"about":[{"href":"https:\/\/nsf.pt\/index.php\/wp-json\/wp\/v2\/types\/post"}],"author":[{"embeddable":true,"href":"https:\/\/nsf.pt\/index.php\/wp-json\/wp\/v2\/users\/2"}],"replies":[{"embeddable":true,"href":"https:\/\/nsf.pt\/index.php\/wp-json\/wp\/v2\/comments?post=15818"}],"version-history":[{"count":1,"href":"https:\/\/nsf.pt\/index.php\/wp-json\/wp\/v2\/posts\/15818\/revisions"}],"predecessor-version":[{"id":15823,"href":"https:\/\/nsf.pt\/index.php\/wp-json\/wp\/v2\/posts\/15818\/revisions\/15823"}],"wp:featuredmedia":[{"embeddable":true,"href":"https:\/\/nsf.pt\/index.php\/wp-json\/wp\/v2\/media\/15822"}],"wp:attachment":[{"href":"https:\/\/nsf.pt\/index.php\/wp-json\/wp\/v2\/media?parent=15818"}],"wp:term":[{"taxonomy":"category","embeddable":true,"href":"https:\/\/nsf.pt\/index.php\/wp-json\/wp\/v2\/categories?post=15818"},{"taxonomy":"post_tag","embeddable":true,"href":"https:\/\/nsf.pt\/index.php\/wp-json\/wp\/v2\/tags?post=15818"}],"curies":[{"name":"wp","href":"https:\/\/api.w.org\/{rel}","templated":true}]}}