{"id":15855,"date":"2025-12-18T17:01:21","date_gmt":"2025-12-18T17:01:21","guid":{"rendered":"https:\/\/nsf.pt\/?p=15855"},"modified":"2025-12-18T17:01:23","modified_gmt":"2025-12-18T17:01:23","slug":"umar-50-anos","status":"publish","type":"post","link":"https:\/\/nsf.pt\/index.php\/2025\/12\/18\/umar-50-anos\/","title":{"rendered":"UMAR 50 anos"},"content":{"rendered":"\n<h2 class=\"wp-block-heading\">AGENDA &#8211; 6\u00aa feira 19 de Dezembro \u00e0s 17h no Centro de Cultura e Interven\u00e7\u00e3o Feminista (CCIF\/UMAR) em Alc\u00e2ntara<\/h2>\n\n\n\n<p><\/p>\n\n\n\n<p>Evento de&nbsp;<strong><a href=\"https:\/\/www.facebook.com\/UMARfeminismos\">UMAR &#8211; Uni\u00e3o de Mulheres Alternativa e Resposta<\/a><\/strong>&nbsp;e&nbsp;<strong><a href=\"https:\/\/www.facebook.com\/CentroCulturaFeministaCCIFUMAR\">Centro de Cultura e Interven\u00e7\u00e3o Feminista (CCIF\/UMAR)<\/a><\/strong><\/p>\n\n\n\n<p>UMAR &#8211; Uni\u00e3o de Mulheres Alternativa e Resposta Lan\u00e7amento da Agenda Feminista 2026 da UMAR &#8211; Uni\u00e3o de Mulheres Alternativa e Resposta, dedicada aos 50 anos da nossa associa\u00e7\u00e3o!<\/p>\n\n\n\n<p>Ser\u00e1 esta 6\u00aa feira 19 de Dezembro \u00e0s 17h no Centro de Cultura e Interven\u00e7\u00e3o Feminista (CCIF\/UMAR) em Alc\u00e2ntara, Lisboa.<\/p>\n\n\n\n<div style=\"height:29px\" aria-hidden=\"true\" class=\"wp-block-spacer\"><\/div>\n\n\n\n<figure class=\"wp-block-gallery has-nested-images columns-default is-cropped wp-block-gallery-1 is-layout-flex wp-block-gallery-is-layout-flex\">\n<figure class=\"wp-block-image size-large\"><img decoding=\"async\" loading=\"lazy\" width=\"735\" height=\"923\" data-id=\"15856\" src=\"https:\/\/nsf.pt\/wp-content\/uploads\/2025\/12\/umar.jpg\" alt=\"\" class=\"wp-image-15856\" srcset=\"https:\/\/nsf.pt\/wp-content\/uploads\/2025\/12\/umar.jpg 735w, https:\/\/nsf.pt\/wp-content\/uploads\/2025\/12\/umar-239x300.jpg 239w\" sizes=\"(max-width: 735px) 100vw, 735px\" \/><\/figure>\n<\/figure>\n","protected":false},"excerpt":{"rendered":"<p>AGENDA &#8211; 6\u00aa feira 19 de Dezembro \u00e0s 17h no Centro de Cultura e Interven\u00e7\u00e3o&#8230;<\/p>\n","protected":false},"author":2,"featured_media":15856,"comment_status":"open","ping_status":"open","sticky":true,"template":"","format":"standard","meta":{"sfsi_plus_gutenberg_text_before_share":"","sfsi_plus_gutenberg_show_text_before_share":"","sfsi_plus_gutenberg_icon_type":"","sfsi_plus_gutenberg_icon_alignemt":"","sfsi_plus_gutenburg_max_per_row":"","ngg_post_thumbnail":0,"footnotes":""},"categories":[207],"tags":[433],"featured_image_urls":{"full":["https:\/\/nsf.pt\/wp-content\/uploads\/2025\/12\/umar.jpg",735,923,false],"thumbnail":["https:\/\/nsf.pt\/wp-content\/uploads\/2025\/12\/umar-150x150.jpg",150,150,true],"medium":["https:\/\/nsf.pt\/wp-content\/uploads\/2025\/12\/umar-239x300.jpg",239,300,true],"medium_large":["https:\/\/nsf.pt\/wp-content\/uploads\/2025\/12\/umar.jpg",640,804,false],"large":["https:\/\/nsf.pt\/wp-content\/uploads\/2025\/12\/umar.jpg",640,804,false],"1536x1536":["https:\/\/nsf.pt\/wp-content\/uploads\/2025\/12\/umar.jpg",735,923,false],"2048x2048":["https:\/\/nsf.pt\/wp-content\/uploads\/2025\/12\/umar.jpg",735,923,false],"covernews-slider-full":["https:\/\/nsf.pt\/wp-content\/uploads\/2025\/12\/umar-735x715.jpg",735,715,true],"covernews-slider-center":["https:\/\/nsf.pt\/wp-content\/uploads\/2025\/12\/umar-735x500.jpg",735,500,true],"covernews-featured":["https:\/\/nsf.pt\/wp-content\/uploads\/2025\/12\/umar.jpg",735,923,false],"covernews-medium":["https:\/\/nsf.pt\/wp-content\/uploads\/2025\/12\/umar-540x340.jpg",540,340,true],"covernews-medium-square":["https:\/\/nsf.pt\/wp-content\/uploads\/2025\/12\/umar-400x250.jpg",400,250,true]},"author_info":{"info":["Carlos Ribeiro"]},"category_info":"<a href=\"https:\/\/nsf.pt\/index.php\/category\/agenda-2\/\" rel=\"category tag\">AGENDA<\/a>","tag_info":"AGENDA","comment_count":"0","_links":{"self":[{"href":"https:\/\/nsf.pt\/index.php\/wp-json\/wp\/v2\/posts\/15855"}],"collection":[{"href":"https:\/\/nsf.pt\/index.php\/wp-json\/wp\/v2\/posts"}],"about":[{"href":"https:\/\/nsf.pt\/index.php\/wp-json\/wp\/v2\/types\/post"}],"author":[{"embeddable":true,"href":"https:\/\/nsf.pt\/index.php\/wp-json\/wp\/v2\/users\/2"}],"replies":[{"embeddable":true,"href":"https:\/\/nsf.pt\/index.php\/wp-json\/wp\/v2\/comments?post=15855"}],"version-history":[{"count":1,"href":"https:\/\/nsf.pt\/index.php\/wp-json\/wp\/v2\/posts\/15855\/revisions"}],"predecessor-version":[{"id":15857,"href":"https:\/\/nsf.pt\/index.php\/wp-json\/wp\/v2\/posts\/15855\/revisions\/15857"}],"wp:featuredmedia":[{"embeddable":true,"href":"https:\/\/nsf.pt\/index.php\/wp-json\/wp\/v2\/media\/15856"}],"wp:attachment":[{"href":"https:\/\/nsf.pt\/index.php\/wp-json\/wp\/v2\/media?parent=15855"}],"wp:term":[{"taxonomy":"category","embeddable":true,"href":"https:\/\/nsf.pt\/index.php\/wp-json\/wp\/v2\/categories?post=15855"},{"taxonomy":"post_tag","embeddable":true,"href":"https:\/\/nsf.pt\/index.php\/wp-json\/wp\/v2\/tags?post=15855"}],"curies":[{"name":"wp","href":"https:\/\/api.w.org\/{rel}","templated":true}]}}