{"id":15942,"date":"2026-01-09T18:37:22","date_gmt":"2026-01-09T18:37:22","guid":{"rendered":"https:\/\/nsf.pt\/?p=15942"},"modified":"2026-01-09T18:37:23","modified_gmt":"2026-01-09T18:37:23","slug":"resistam-ao-trump","status":"publish","type":"post","link":"https:\/\/nsf.pt\/index.php\/2026\/01\/09\/resistam-ao-trump\/","title":{"rendered":"Resistam ao Trump!"},"content":{"rendered":"\n<h2 class=\"wp-block-heading\"><strong>350.953\u00a0assinaram. Vamos chegar a\u00a0500.000<\/strong><\/h2>\n\n\n\n<p>ASSINAR A PETI\u00c7\u00c3O <a href=\"https:\/\/secure.avaaz.org\/campaign\/po\/stand_up_to_trump_loc\/?copy&amp;utm_source=copy&amp;utm_medium=social_share&amp;utm_campaign=56559&amp;share_location=campaign_page\">AQUI <\/a><\/p>\n\n\n\n<p><\/p>\n\n\n\n<figure class=\"wp-block-image size-full is-resized\"><img decoding=\"async\" loading=\"lazy\" width=\"569\" height=\"547\" src=\"https:\/\/nsf.pt\/wp-content\/uploads\/2025\/08\/eurico_colaboradores.jpg\" alt=\"\" class=\"wp-image-14589\" style=\"aspect-ratio:1.040219378427788;width:118px;height:auto\" srcset=\"https:\/\/nsf.pt\/wp-content\/uploads\/2025\/08\/eurico_colaboradores.jpg 569w, https:\/\/nsf.pt\/wp-content\/uploads\/2025\/08\/eurico_colaboradores-300x288.jpg 300w\" sizes=\"(max-width: 569px) 100vw, 569px\" \/><\/figure>\n\n\n\n<p><strong>Indica\u00e7\u00e3o-divulga\u00e7\u00e3o de Eurico Reis<\/strong><\/p>\n\n\n\n<h2 class=\"wp-block-heading\">Quem ser\u00e1 a pr\u00f3xima v\u00edtima?<\/h2>\n\n\n\n<p>O ataque ilegal de Trump \u00e0 Venezuela chocou o mundo inteiro, e&nbsp;<strong>a resposta dos nossos l\u00edderes foi lenta e insuficiente.<\/strong><\/p>\n\n\n\n<p>Agora ele est\u00e1 amea\u00e7ando a Col\u00f4mbia, Cuba, o M\u00e9xico e acelerando seus planos de tomar a Groenl\u00e2ndia.<\/p>\n\n\n\n<p>Parece coisa de filme, mas o ataque \u00e0 Venezuela tamb\u00e9m parecia hist\u00f3ria de fic\u00e7\u00e3o at\u00e9 acontecer. Uma coisa que aprendemos no ano passado \u00e9 que&nbsp;<strong>Trump est\u00e1 disposto a fazer o impens\u00e1vel, especialmente quando ele acha que n\u00e3o haver\u00e1 resist\u00eancia.<\/strong><\/p>\n\n\n\n<p>Precisamos det\u00ea-lo antes que a situa\u00e7\u00e3o piore. Fontes ligadas \u00e0 Trump afirmam que ningu\u00e9m ir\u00e1 enfrentar os Estados Unidos se eles atacarem a Groenl\u00e2ndia.\u00a0<strong>Junte-se a esta campanha urgente para que nossos l\u00edderes deixem claro que n\u00e3o permitir\u00e3o que Trump divida o mundo.<\/strong>\u00a0Adicione seu nome e entregaremos nossas vozes \u00e0s autoridades.<\/p>\n\n\n\n<p><\/p>\n\n\n\n<h2 class=\"wp-block-heading\">Aos chefes de Estado de todo o mundo:<\/h2>\n\n\n\n<blockquote class=\"wp-block-quote\">\n<p>Como cidad\u00e3os de todo o mundo comprometidos com o direito internacional, pedimos que se manifestem contra o ataque de Trump \u00e0 Venezuela, exijam a liberta\u00e7\u00e3o dos presos pol\u00edticos, pressionem por elei\u00e7\u00f5es livres e justas, e deixem claro que agress\u00f5es dos EUA contra outros pa\u00edses n\u00e3o ser\u00e3o toleradas. \u00c9 hora de enfrentar Trump e defender nossos valores \u2013 antes que seja tarde demais.<\/p>\n<\/blockquote>\n\n\n\n<h3 class=\"wp-block-heading\">Ler tamb\u00e9m<\/h3>\n\n\n\n<figure class=\"wp-block-embed is-type-wp-embed is-provider-incorporacao wp-block-embed-incorporacao\"><div class=\"wp-block-embed__wrapper\">\n<blockquote class=\"wp-embedded-content\" data-secret=\"IiR7b70ziM\"><a href=\"https:\/\/nsf.pt\/index.php\/2026\/01\/07\/porque-e-que-o-ocidente-quis-destruir-a-venezuela\/\">Porque \u00e9 que o ocidente quis destruir a Venezuela?<\/a><\/blockquote><iframe class=\"wp-embedded-content\" sandbox=\"allow-scripts\" security=\"restricted\" style=\"position: absolute; clip: rect(1px, 1px, 1px, 1px);\" title=\"&#8220;Porque \u00e9 que o ocidente quis destruir a Venezuela?&#8221; &#8212; \" src=\"https:\/\/nsf.pt\/index.php\/2026\/01\/07\/porque-e-que-o-ocidente-quis-destruir-a-venezuela\/embed\/#?secret=eOoK11lizv#?secret=IiR7b70ziM\" data-secret=\"IiR7b70ziM\" width=\"600\" height=\"338\" frameborder=\"0\" marginwidth=\"0\" marginheight=\"0\" scrolling=\"no\"><\/iframe>\n<\/div><\/figure>\n\n\n\n<p><\/p>\n\n\n\n<figure class=\"wp-block-embed is-type-wp-embed is-provider-incorporacao wp-block-embed-incorporacao\"><div class=\"wp-block-embed__wrapper\">\n<blockquote class=\"wp-embedded-content\" data-secret=\"BhdraM1cbs\"><a href=\"https:\/\/nsf.pt\/index.php\/2026\/01\/05\/a-invasao-da-venezuela\/\">A invas\u00e3o da Venezuela<\/a><\/blockquote><iframe class=\"wp-embedded-content\" sandbox=\"allow-scripts\" security=\"restricted\" style=\"position: absolute; clip: rect(1px, 1px, 1px, 1px);\" title=\"&#8220;A invas\u00e3o da Venezuela&#8221; &#8212; \" src=\"https:\/\/nsf.pt\/index.php\/2026\/01\/05\/a-invasao-da-venezuela\/embed\/#?secret=boCsiaLhqk#?secret=BhdraM1cbs\" data-secret=\"BhdraM1cbs\" width=\"600\" height=\"338\" frameborder=\"0\" marginwidth=\"0\" marginheight=\"0\" scrolling=\"no\"><\/iframe>\n<\/div><\/figure>\n\n\n\n<p><\/p>\n\n\n\n<p><\/p>\n","protected":false},"excerpt":{"rendered":"<p>350.953\u00a0assinaram. Vamos chegar a\u00a0500.000 ASSINAR A PETI\u00c7\u00c3O AQUI Indica\u00e7\u00e3o-divulga\u00e7\u00e3o de Eurico Reis Quem ser\u00e1 a&#8230;<\/p>\n","protected":false},"author":2,"featured_media":15943,"comment_status":"open","ping_status":"open","sticky":true,"template":"","format":"standard","meta":{"sfsi_plus_gutenberg_text_before_share":"","sfsi_plus_gutenberg_show_text_before_share":"","sfsi_plus_gutenberg_icon_type":"","sfsi_plus_gutenberg_icon_alignemt":"","sfsi_plus_gutenburg_max_per_row":"","ngg_post_thumbnail":0,"footnotes":""},"categories":[238,449],"tags":[673],"featured_image_urls":{"full":["https:\/\/nsf.pt\/wp-content\/uploads\/2026\/01\/TRUMP-PETICAO.jpg",559,283,false],"thumbnail":["https:\/\/nsf.pt\/wp-content\/uploads\/2026\/01\/TRUMP-PETICAO-150x150.jpg",150,150,true],"medium":["https:\/\/nsf.pt\/wp-content\/uploads\/2026\/01\/TRUMP-PETICAO-300x152.jpg",300,152,true],"medium_large":["https:\/\/nsf.pt\/wp-content\/uploads\/2026\/01\/TRUMP-PETICAO.jpg",559,283,false],"large":["https:\/\/nsf.pt\/wp-content\/uploads\/2026\/01\/TRUMP-PETICAO.jpg",559,283,false],"1536x1536":["https:\/\/nsf.pt\/wp-content\/uploads\/2026\/01\/TRUMP-PETICAO.jpg",559,283,false],"2048x2048":["https:\/\/nsf.pt\/wp-content\/uploads\/2026\/01\/TRUMP-PETICAO.jpg",559,283,false],"covernews-slider-full":["https:\/\/nsf.pt\/wp-content\/uploads\/2026\/01\/TRUMP-PETICAO.jpg",559,283,false],"covernews-slider-center":["https:\/\/nsf.pt\/wp-content\/uploads\/2026\/01\/TRUMP-PETICAO.jpg",559,283,false],"covernews-featured":["https:\/\/nsf.pt\/wp-content\/uploads\/2026\/01\/TRUMP-PETICAO.jpg",559,283,false],"covernews-medium":["https:\/\/nsf.pt\/wp-content\/uploads\/2026\/01\/TRUMP-PETICAO-540x283.jpg",540,283,true],"covernews-medium-square":["https:\/\/nsf.pt\/wp-content\/uploads\/2026\/01\/TRUMP-PETICAO-400x250.jpg",400,250,true]},"author_info":{"info":["Carlos Ribeiro"]},"category_info":"<a href=\"https:\/\/nsf.pt\/index.php\/category\/destaque\/\" rel=\"category tag\">DESTAQUE<\/a> <a href=\"https:\/\/nsf.pt\/index.php\/category\/local\/\" rel=\"category tag\">MUNDO<\/a>","tag_info":"MUNDO","comment_count":"0","_links":{"self":[{"href":"https:\/\/nsf.pt\/index.php\/wp-json\/wp\/v2\/posts\/15942"}],"collection":[{"href":"https:\/\/nsf.pt\/index.php\/wp-json\/wp\/v2\/posts"}],"about":[{"href":"https:\/\/nsf.pt\/index.php\/wp-json\/wp\/v2\/types\/post"}],"author":[{"embeddable":true,"href":"https:\/\/nsf.pt\/index.php\/wp-json\/wp\/v2\/users\/2"}],"replies":[{"embeddable":true,"href":"https:\/\/nsf.pt\/index.php\/wp-json\/wp\/v2\/comments?post=15942"}],"version-history":[{"count":1,"href":"https:\/\/nsf.pt\/index.php\/wp-json\/wp\/v2\/posts\/15942\/revisions"}],"predecessor-version":[{"id":15944,"href":"https:\/\/nsf.pt\/index.php\/wp-json\/wp\/v2\/posts\/15942\/revisions\/15944"}],"wp:featuredmedia":[{"embeddable":true,"href":"https:\/\/nsf.pt\/index.php\/wp-json\/wp\/v2\/media\/15943"}],"wp:attachment":[{"href":"https:\/\/nsf.pt\/index.php\/wp-json\/wp\/v2\/media?parent=15942"}],"wp:term":[{"taxonomy":"category","embeddable":true,"href":"https:\/\/nsf.pt\/index.php\/wp-json\/wp\/v2\/categories?post=15942"},{"taxonomy":"post_tag","embeddable":true,"href":"https:\/\/nsf.pt\/index.php\/wp-json\/wp\/v2\/tags?post=15942"}],"curies":[{"name":"wp","href":"https:\/\/api.w.org\/{rel}","templated":true}]}}