{"id":15945,"date":"2026-01-09T18:53:31","date_gmt":"2026-01-09T18:53:31","guid":{"rendered":"https:\/\/nsf.pt\/?p=15945"},"modified":"2026-01-09T18:53:33","modified_gmt":"2026-01-09T18:53:33","slug":"aniversario-da-aja-lisboa-2","status":"publish","type":"post","link":"https:\/\/nsf.pt\/index.php\/2026\/01\/09\/aniversario-da-aja-lisboa-2\/","title":{"rendered":"Anivers\u00e1rio da AJA Lisboa"},"content":{"rendered":"\n<p>AGENDA &#8211; Domingo 11 de janeiro<\/p>\n\n\n\n<p>\u00c9 j\u00e1 no domingo (dia\u00a0<strong>11 de janeiro<\/strong>\u00a0\u00e0s\u00a0<strong>17h<\/strong>) que\u00a0o N\u00facleo AJA Lisboa comemora o seu\u00a0<strong>14.\u00ba anivers\u00e1rio\u00a0<\/strong><\/p>\n\n\n\n<p>Vamos assinalar esta data com um\u00a0<strong>conv\u00edvio<\/strong>, onde n\u00e3o faltar\u00e3o momentos de encontro, partilha e celebra\u00e7\u00e3o, com direito a um\u00a0<strong>lanche partilhado<\/strong>\u00a0para todos.<br>Para abrilhantar o momento, teremos ainda\u00a0<strong>m\u00fasica ao vivo<\/strong>, com as vozes e instrumentos de Pedro Branco, Ant\u00f3nio Rosa, AP Braga, o duo Lena e Carlos e\u00a0o\u00a0grupo Cais da Saudade (composto por\u00a0Manel Teixeira,\u00a0Pedro Luis,\u00a0Pedro Leit\u00e3o\u00a0e\u00a0Jos\u00e9 Santos).\u00a0<\/p>\n\n\n\n<p>Fonte AJA Lisboa<\/p>\n\n\n\n<figure class=\"wp-block-gallery has-nested-images columns-default is-cropped wp-block-gallery-1 is-layout-flex wp-block-gallery-is-layout-flex\">\n<figure class=\"wp-block-image size-large\"><img decoding=\"async\" loading=\"lazy\" width=\"1024\" height=\"561\" data-id=\"15946\" src=\"https:\/\/nsf.pt\/wp-content\/uploads\/2026\/01\/jose-afonso_foto1-1024x561.jpg\" alt=\"\" class=\"wp-image-15946\" srcset=\"https:\/\/nsf.pt\/wp-content\/uploads\/2026\/01\/jose-afonso_foto1-1024x561.jpg 1024w, https:\/\/nsf.pt\/wp-content\/uploads\/2026\/01\/jose-afonso_foto1-300x164.jpg 300w, https:\/\/nsf.pt\/wp-content\/uploads\/2026\/01\/jose-afonso_foto1-768x421.jpg 768w, https:\/\/nsf.pt\/wp-content\/uploads\/2026\/01\/jose-afonso_foto1.jpg 1100w\" sizes=\"(max-width: 1024px) 100vw, 1024px\" \/><\/figure>\n<\/figure>\n","protected":false},"excerpt":{"rendered":"<p>AGENDA &#8211; Domingo 11 de janeiro \u00c9 j\u00e1 no domingo (dia\u00a011 de janeiro\u00a0\u00e0s\u00a017h) que\u00a0o N\u00facleo&#8230;<\/p>\n","protected":false},"author":2,"featured_media":15946,"comment_status":"open","ping_status":"open","sticky":true,"template":"","format":"standard","meta":{"sfsi_plus_gutenberg_text_before_share":"","sfsi_plus_gutenberg_show_text_before_share":"","sfsi_plus_gutenberg_icon_type":"","sfsi_plus_gutenberg_icon_alignemt":"","sfsi_plus_gutenburg_max_per_row":"","ngg_post_thumbnail":0,"footnotes":""},"categories":[207,395],"tags":[104],"featured_image_urls":{"full":["https:\/\/nsf.pt\/wp-content\/uploads\/2026\/01\/jose-afonso_foto1.jpg",1100,603,false],"thumbnail":["https:\/\/nsf.pt\/wp-content\/uploads\/2026\/01\/jose-afonso_foto1-150x150.jpg",150,150,true],"medium":["https:\/\/nsf.pt\/wp-content\/uploads\/2026\/01\/jose-afonso_foto1-300x164.jpg",300,164,true],"medium_large":["https:\/\/nsf.pt\/wp-content\/uploads\/2026\/01\/jose-afonso_foto1-768x421.jpg",640,351,true],"large":["https:\/\/nsf.pt\/wp-content\/uploads\/2026\/01\/jose-afonso_foto1-1024x561.jpg",640,351,true],"1536x1536":["https:\/\/nsf.pt\/wp-content\/uploads\/2026\/01\/jose-afonso_foto1.jpg",1100,603,false],"2048x2048":["https:\/\/nsf.pt\/wp-content\/uploads\/2026\/01\/jose-afonso_foto1.jpg",1100,603,false],"covernews-slider-full":["https:\/\/nsf.pt\/wp-content\/uploads\/2026\/01\/jose-afonso_foto1.jpg",1100,603,false],"covernews-slider-center":["https:\/\/nsf.pt\/wp-content\/uploads\/2026\/01\/jose-afonso_foto1-800x500.jpg",800,500,true],"covernews-featured":["https:\/\/nsf.pt\/wp-content\/uploads\/2026\/01\/jose-afonso_foto1-1024x561.jpg",1024,561,true],"covernews-medium":["https:\/\/nsf.pt\/wp-content\/uploads\/2026\/01\/jose-afonso_foto1-540x340.jpg",540,340,true],"covernews-medium-square":["https:\/\/nsf.pt\/wp-content\/uploads\/2026\/01\/jose-afonso_foto1-400x250.jpg",400,250,true]},"author_info":{"info":["Carlos Ribeiro"]},"category_info":"<a href=\"https:\/\/nsf.pt\/index.php\/category\/agenda-2\/\" rel=\"category tag\">AGENDA<\/a> <a href=\"https:\/\/nsf.pt\/index.php\/category\/zeca-afonso\/\" rel=\"category tag\">ZECA AFONSO<\/a>","tag_info":"ZECA AFONSO","comment_count":"0","_links":{"self":[{"href":"https:\/\/nsf.pt\/index.php\/wp-json\/wp\/v2\/posts\/15945"}],"collection":[{"href":"https:\/\/nsf.pt\/index.php\/wp-json\/wp\/v2\/posts"}],"about":[{"href":"https:\/\/nsf.pt\/index.php\/wp-json\/wp\/v2\/types\/post"}],"author":[{"embeddable":true,"href":"https:\/\/nsf.pt\/index.php\/wp-json\/wp\/v2\/users\/2"}],"replies":[{"embeddable":true,"href":"https:\/\/nsf.pt\/index.php\/wp-json\/wp\/v2\/comments?post=15945"}],"version-history":[{"count":1,"href":"https:\/\/nsf.pt\/index.php\/wp-json\/wp\/v2\/posts\/15945\/revisions"}],"predecessor-version":[{"id":15947,"href":"https:\/\/nsf.pt\/index.php\/wp-json\/wp\/v2\/posts\/15945\/revisions\/15947"}],"wp:featuredmedia":[{"embeddable":true,"href":"https:\/\/nsf.pt\/index.php\/wp-json\/wp\/v2\/media\/15946"}],"wp:attachment":[{"href":"https:\/\/nsf.pt\/index.php\/wp-json\/wp\/v2\/media?parent=15945"}],"wp:term":[{"taxonomy":"category","embeddable":true,"href":"https:\/\/nsf.pt\/index.php\/wp-json\/wp\/v2\/categories?post=15945"},{"taxonomy":"post_tag","embeddable":true,"href":"https:\/\/nsf.pt\/index.php\/wp-json\/wp\/v2\/tags?post=15945"}],"curies":[{"name":"wp","href":"https:\/\/api.w.org\/{rel}","templated":true}]}}