{"id":15952,"date":"2026-01-09T21:23:57","date_gmt":"2026-01-09T21:23:57","guid":{"rendered":"https:\/\/nsf.pt\/?p=15952"},"modified":"2026-01-09T21:23:59","modified_gmt":"2026-01-09T21:23:59","slug":"sessao-de-lancamento-da-revista-seara-nova","status":"publish","type":"post","link":"https:\/\/nsf.pt\/index.php\/2026\/01\/09\/sessao-de-lancamento-da-revista-seara-nova\/","title":{"rendered":"Sess\u00e3o de Lan\u00e7amento da revista Seara Nova"},"content":{"rendered":"\n<h2 class=\"wp-block-heading\">AGENDA &#8211; <strong>Dia 14 de Fevereiro de 2026\u00a0 | 15h<\/strong> | n\u00ba 1773 \u2013 Inverno 2025<\/h2>\n\n\n\n<p><\/p>\n\n\n\n<p><strong>Teatro Avenidas\u00a0<\/strong>(Antiga Biblioteca-Museu Rep\u00fablica e Resist\u00eancia)) &#8211; Rua Alberto de Sousa, 10A | Lisboa (Bairro do Rego)<\/p>\n\n\n\n<div style=\"height:14px\" aria-hidden=\"true\" class=\"wp-block-spacer\"><\/div>\n\n\n\n<figure class=\"wp-block-gallery has-nested-images columns-default is-cropped wp-block-gallery-1 is-layout-flex wp-block-gallery-is-layout-flex\">\n<figure class=\"wp-block-image size-large\"><img decoding=\"async\" loading=\"lazy\" width=\"608\" height=\"414\" data-id=\"15953\" src=\"https:\/\/nsf.pt\/wp-content\/uploads\/2026\/01\/SNOVA2.jpg\" alt=\"\" class=\"wp-image-15953\" srcset=\"https:\/\/nsf.pt\/wp-content\/uploads\/2026\/01\/SNOVA2.jpg 608w, https:\/\/nsf.pt\/wp-content\/uploads\/2026\/01\/SNOVA2-300x204.jpg 300w\" sizes=\"(max-width: 608px) 100vw, 608px\" \/><\/figure>\n<\/figure>\n\n\n\n<div style=\"height:28px\" aria-hidden=\"true\" class=\"wp-block-spacer\"><\/div>\n\n\n\n<p>\u00c0 conversa com:<\/p>\n\n\n\n<ul>\n<li><strong>Maria da Paz Campos Lima<\/strong>, Soci\u00f3loga, autora do artigo&nbsp;<strong>\u00abAnteprojeto Trabalho XXI: o desmantelamento dos direitos coletivos dos trabalhadores?\u00bb<\/strong><\/li>\n\n\n\n<li><strong>Nelson Olim<\/strong>, M\u00e9dico Cirurgi\u00e3o. Docente de Medicina Humanit\u00e1ria Conflito e Cat\u00e1strofe, Faculdade de Medicina, Universidade de Lisboa. autor do artigo&nbsp;<strong>\u00abAs Feridas Invis\u00edveis da Guerra: Reflex\u00f5es de um Cirurgi\u00e3o\u00bb<\/strong><\/li>\n<\/ul>\n\n\n\n<p>e modera\u00e7\u00e3o de:<\/p>\n\n\n\n<ul>\n<li><strong>Jos\u00e9 Alberto Pitacas\u00a0<\/strong>(Economista. Membro do Conselho Redactorial da\u00a0<em>Seara Nova<\/em>).<\/li>\n<\/ul>\n\n\n\n<figure class=\"wp-block-gallery has-nested-images columns-default is-cropped wp-block-gallery-3 is-layout-flex wp-block-gallery-is-layout-flex\">\n<figure class=\"wp-block-image size-large\"><img decoding=\"async\" loading=\"lazy\" width=\"606\" height=\"854\" data-id=\"15954\" src=\"https:\/\/nsf.pt\/wp-content\/uploads\/2026\/01\/seara-nova.jpg\" alt=\"\" class=\"wp-image-15954\" srcset=\"https:\/\/nsf.pt\/wp-content\/uploads\/2026\/01\/seara-nova.jpg 606w, https:\/\/nsf.pt\/wp-content\/uploads\/2026\/01\/seara-nova-213x300.jpg 213w\" sizes=\"(max-width: 606px) 100vw, 606px\" \/><\/figure>\n<\/figure>\n","protected":false},"excerpt":{"rendered":"<p>AGENDA &#8211; Dia 14 de Fevereiro de 2026\u00a0 | 15h | n\u00ba 1773 \u2013 Inverno&#8230;<\/p>\n","protected":false},"author":2,"featured_media":15953,"comment_status":"open","ping_status":"open","sticky":true,"template":"","format":"standard","meta":{"sfsi_plus_gutenberg_text_before_share":"","sfsi_plus_gutenberg_show_text_before_share":"","sfsi_plus_gutenberg_icon_type":"","sfsi_plus_gutenberg_icon_alignemt":"","sfsi_plus_gutenburg_max_per_row":"","ngg_post_thumbnail":0,"footnotes":""},"categories":[207,459,469],"tags":[256],"featured_image_urls":{"full":["https:\/\/nsf.pt\/wp-content\/uploads\/2026\/01\/SNOVA2.jpg",608,414,false],"thumbnail":["https:\/\/nsf.pt\/wp-content\/uploads\/2026\/01\/SNOVA2-150x150.jpg",150,150,true],"medium":["https:\/\/nsf.pt\/wp-content\/uploads\/2026\/01\/SNOVA2-300x204.jpg",300,204,true],"medium_large":["https:\/\/nsf.pt\/wp-content\/uploads\/2026\/01\/SNOVA2.jpg",608,414,false],"large":["https:\/\/nsf.pt\/wp-content\/uploads\/2026\/01\/SNOVA2.jpg",608,414,false],"1536x1536":["https:\/\/nsf.pt\/wp-content\/uploads\/2026\/01\/SNOVA2.jpg",608,414,false],"2048x2048":["https:\/\/nsf.pt\/wp-content\/uploads\/2026\/01\/SNOVA2.jpg",608,414,false],"covernews-slider-full":["https:\/\/nsf.pt\/wp-content\/uploads\/2026\/01\/SNOVA2.jpg",608,414,false],"covernews-slider-center":["https:\/\/nsf.pt\/wp-content\/uploads\/2026\/01\/SNOVA2.jpg",608,414,false],"covernews-featured":["https:\/\/nsf.pt\/wp-content\/uploads\/2026\/01\/SNOVA2.jpg",608,414,false],"covernews-medium":["https:\/\/nsf.pt\/wp-content\/uploads\/2026\/01\/SNOVA2-540x340.jpg",540,340,true],"covernews-medium-square":["https:\/\/nsf.pt\/wp-content\/uploads\/2026\/01\/SNOVA2-400x250.jpg",400,250,true]},"author_info":{"info":["Carlos Ribeiro"]},"category_info":"<a href=\"https:\/\/nsf.pt\/index.php\/category\/agenda-2\/\" rel=\"category tag\">AGENDA<\/a> <a href=\"https:\/\/nsf.pt\/index.php\/category\/curtas\/\" rel=\"category tag\">CURTAS<\/a> <a href=\"https:\/\/nsf.pt\/index.php\/category\/pausa-cafe\/\" rel=\"category tag\">PAUSA CAF\u00c9<\/a>","tag_info":"PAUSA CAF\u00c9","comment_count":"0","_links":{"self":[{"href":"https:\/\/nsf.pt\/index.php\/wp-json\/wp\/v2\/posts\/15952"}],"collection":[{"href":"https:\/\/nsf.pt\/index.php\/wp-json\/wp\/v2\/posts"}],"about":[{"href":"https:\/\/nsf.pt\/index.php\/wp-json\/wp\/v2\/types\/post"}],"author":[{"embeddable":true,"href":"https:\/\/nsf.pt\/index.php\/wp-json\/wp\/v2\/users\/2"}],"replies":[{"embeddable":true,"href":"https:\/\/nsf.pt\/index.php\/wp-json\/wp\/v2\/comments?post=15952"}],"version-history":[{"count":1,"href":"https:\/\/nsf.pt\/index.php\/wp-json\/wp\/v2\/posts\/15952\/revisions"}],"predecessor-version":[{"id":15955,"href":"https:\/\/nsf.pt\/index.php\/wp-json\/wp\/v2\/posts\/15952\/revisions\/15955"}],"wp:featuredmedia":[{"embeddable":true,"href":"https:\/\/nsf.pt\/index.php\/wp-json\/wp\/v2\/media\/15953"}],"wp:attachment":[{"href":"https:\/\/nsf.pt\/index.php\/wp-json\/wp\/v2\/media?parent=15952"}],"wp:term":[{"taxonomy":"category","embeddable":true,"href":"https:\/\/nsf.pt\/index.php\/wp-json\/wp\/v2\/categories?post=15952"},{"taxonomy":"post_tag","embeddable":true,"href":"https:\/\/nsf.pt\/index.php\/wp-json\/wp\/v2\/tags?post=15952"}],"curies":[{"name":"wp","href":"https:\/\/api.w.org\/{rel}","templated":true}]}}