{"id":15974,"date":"2026-01-25T10:17:21","date_gmt":"2026-01-25T10:17:21","guid":{"rendered":"https:\/\/nsf.pt\/?p=15974"},"modified":"2026-01-25T10:17:23","modified_gmt":"2026-01-25T10:17:23","slug":"as-vezes-acontece","status":"publish","type":"post","link":"https:\/\/nsf.pt\/index.php\/2026\/01\/25\/as-vezes-acontece\/","title":{"rendered":"\u00c0s vezes acontece"},"content":{"rendered":"\n<h3 class=\"wp-block-heading\">No Mira Galerias foi inaugurada a exposi\u00e7\u00e3o de fotografia de seis fot\u00f3grafos\/as palestinianos &#8220;Aves da Palestina &#8211; a persist\u00eancia da vida na cat\u00e1strofe\u201d<\/h3>\n\n\n\n<p>Manuela Matos Monteiro destaca o facto da comunica\u00e7\u00e3o social, tantas vezes ausente na cobertura de eventos e iniciativas importantes para as comunidades, desta vez n\u00e3o faltou. Um bom sinal e um excelente apoio indireto \u00e0 causa da Palestina aqui representada pela arte da fotografia.<\/p>\n\n\n\n<figure class=\"wp-block-image size-full is-resized\"><img decoding=\"async\" loading=\"lazy\" width=\"621\" height=\"564\" src=\"https:\/\/nsf.pt\/wp-content\/uploads\/2025\/11\/mmm.jpg\" alt=\"\" class=\"wp-image-15496\" style=\"aspect-ratio:1.101063829787234;width:126px;height:auto\" srcset=\"https:\/\/nsf.pt\/wp-content\/uploads\/2025\/11\/mmm.jpg 621w, https:\/\/nsf.pt\/wp-content\/uploads\/2025\/11\/mmm-300x272.jpg 300w\" sizes=\"(max-width: 621px) 100vw, 621px\" \/><\/figure>\n\n\n\n<p>&#8220;A Comunica\u00e7\u00e3o Social esteve PRESENTE!<\/p>\n\n\n\n<p>\u00c9 justa a refer\u00eancia \u00e0 presen\u00e7a de tr\u00eas org\u00e3os de Comunica\u00e7\u00e3o Social na inaugura\u00e7\u00e3o da exposi\u00e7\u00e3o de fotografia de seis fot\u00f3grafos\/as palestinianos &#8220;Aves da Palestina &#8211; a persist\u00eancia da vida na cat\u00e1strofe\u201d, apresentada nas <a href=\"https:\/\/www.facebook.com\/miraforum?__cft__[0]=AZbSisYJxDHoy1hV5e8SNkLSAcna3Tpafkwwqxhqac44FIn1j6Vc-2vixOAySYm3Otr6FRuN_R6n-yntwcFkliZnmfr0SkD7p8-DKtVHbVURbiagv6t8V5vSFtSpExO_78gPvuRpUY0kmVsDtBezMdmsDQarTzwTw00iGGwTV54L-TMND0FsrYTcjVwyYgFtb0c&amp;__tn__=-]K-R\">MIRA Galerias<\/a><\/p>\n\n\n\n<p>Jornal <a href=\"https:\/\/www.facebook.com\/Publico?__cft__[0]=AZbSisYJxDHoy1hV5e8SNkLSAcna3Tpafkwwqxhqac44FIn1j6Vc-2vixOAySYm3Otr6FRuN_R6n-yntwcFkliZnmfr0SkD7p8-DKtVHbVURbiagv6t8V5vSFtSpExO_78gPvuRpUY0kmVsDtBezMdmsDQarTzwTw00iGGwTV54L-TMND0FsrYTcjVwyYgFtb0c&amp;__tn__=-]K-R\">P\u00fablico<\/a> &#8211; a jornalista Patr\u00edcia Carvalho acompanhada pelo fotojornalista <a href=\"https:\/\/www.facebook.com\/jpaulopimenta?__cft__[0]=AZbSisYJxDHoy1hV5e8SNkLSAcna3Tpafkwwqxhqac44FIn1j6Vc-2vixOAySYm3Otr6FRuN_R6n-yntwcFkliZnmfr0SkD7p8-DKtVHbVURbiagv6t8V5vSFtSpExO_78gPvuRpUY0kmVsDtBezMdmsDQarTzwTw00iGGwTV54L-TMND0FsrYTcjVwyYgFtb0c&amp;__tn__=-]K-R\">Paulo Pimenta<\/a> visitaram demoradamente a exposi\u00e7\u00e3o e conversaram com os quatro palestinianos presentes. A situa\u00e7\u00e3o pol\u00edtica e o drama do povo palestiniano cruzaram-se com a beleza das aves fotografadas<\/p>\n\n\n\n<p><a href=\"https:\/\/www.facebook.com\/antena1?__cft__[0]=AZbSisYJxDHoy1hV5e8SNkLSAcna3Tpafkwwqxhqac44FIn1j6Vc-2vixOAySYm3Otr6FRuN_R6n-yntwcFkliZnmfr0SkD7p8-DKtVHbVURbiagv6t8V5vSFtSpExO_78gPvuRpUY0kmVsDtBezMdmsDQarTzwTw00iGGwTV54L-TMND0FsrYTcjVwyYgFtb0c&amp;__tn__=-]K-R\">Antena1<\/a> &#8211; <a href=\"https:\/\/www.facebook.com\/miguelssoares?__cft__[0]=AZbSisYJxDHoy1hV5e8SNkLSAcna3Tpafkwwqxhqac44FIn1j6Vc-2vixOAySYm3Otr6FRuN_R6n-yntwcFkliZnmfr0SkD7p8-DKtVHbVURbiagv6t8V5vSFtSpExO_78gPvuRpUY0kmVsDtBezMdmsDQarTzwTw00iGGwTV54L-TMND0FsrYTcjVwyYgFtb0c&amp;__tn__=-]K-R\">Miguel Soares<\/a> manteve longa conversa com os fot\u00f3grafos procurando estabelecer liga\u00e7\u00f5es a cruzar imagens e discurso em que as aves foram o elemento de liga\u00e7\u00e3o.<\/p>\n\n\n\n<p>A R\u00e1dio <a href=\"https:\/\/www.facebook.com\/renascenca?__cft__[0]=AZbSisYJxDHoy1hV5e8SNkLSAcna3Tpafkwwqxhqac44FIn1j6Vc-2vixOAySYm3Otr6FRuN_R6n-yntwcFkliZnmfr0SkD7p8-DKtVHbVURbiagv6t8V5vSFtSpExO_78gPvuRpUY0kmVsDtBezMdmsDQarTzwTw00iGGwTV54L-TMND0FsrYTcjVwyYgFtb0c&amp;__tn__=-]K-R\">Renascen\u00e7a<\/a> tamb\u00e9m esteve presente e Henrique Cunha registou os depoimentos dos fot\u00f3grafos e de Marta Vidal.<\/p>\n\n\n\n<p>Importa registar quando a Comunica\u00e7\u00e3o Social cumpre o papel maior que \u00e9 informar e dar visibilidade ao que tantas vezes se procura colocar no limbo do esquecimento&#8221;.<\/p>\n\n\n\n<p><\/p>\n","protected":false},"excerpt":{"rendered":"<p>No Mira Galerias foi inaugurada a exposi\u00e7\u00e3o de fotografia de seis fot\u00f3grafos\/as palestinianos &#8220;Aves da&#8230;<\/p>\n","protected":false},"author":2,"featured_media":15975,"comment_status":"open","ping_status":"open","sticky":true,"template":"","format":"standard","meta":{"sfsi_plus_gutenberg_text_before_share":"","sfsi_plus_gutenberg_show_text_before_share":"","sfsi_plus_gutenberg_icon_type":"","sfsi_plus_gutenberg_icon_alignemt":"","sfsi_plus_gutenburg_max_per_row":"","ngg_post_thumbnail":0,"footnotes":""},"categories":[237,459],"tags":[632],"featured_image_urls":{"full":["https:\/\/nsf.pt\/wp-content\/uploads\/2026\/01\/antena1.jpg",1231,775,false],"thumbnail":["https:\/\/nsf.pt\/wp-content\/uploads\/2026\/01\/antena1-150x150.jpg",150,150,true],"medium":["https:\/\/nsf.pt\/wp-content\/uploads\/2026\/01\/antena1-300x189.jpg",300,189,true],"medium_large":["https:\/\/nsf.pt\/wp-content\/uploads\/2026\/01\/antena1-768x484.jpg",640,403,true],"large":["https:\/\/nsf.pt\/wp-content\/uploads\/2026\/01\/antena1-1024x645.jpg",640,403,true],"1536x1536":["https:\/\/nsf.pt\/wp-content\/uploads\/2026\/01\/antena1.jpg",1231,775,false],"2048x2048":["https:\/\/nsf.pt\/wp-content\/uploads\/2026\/01\/antena1.jpg",1231,775,false],"covernews-slider-full":["https:\/\/nsf.pt\/wp-content\/uploads\/2026\/01\/antena1-1115x715.jpg",1115,715,true],"covernews-slider-center":["https:\/\/nsf.pt\/wp-content\/uploads\/2026\/01\/antena1-800x500.jpg",800,500,true],"covernews-featured":["https:\/\/nsf.pt\/wp-content\/uploads\/2026\/01\/antena1-1024x645.jpg",1024,645,true],"covernews-medium":["https:\/\/nsf.pt\/wp-content\/uploads\/2026\/01\/antena1-540x340.jpg",540,340,true],"covernews-medium-square":["https:\/\/nsf.pt\/wp-content\/uploads\/2026\/01\/antena1-400x250.jpg",400,250,true]},"author_info":{"info":["Carlos Ribeiro"]},"category_info":"<a href=\"https:\/\/nsf.pt\/index.php\/category\/causas\/\" rel=\"category tag\">CAUSAS<\/a> <a href=\"https:\/\/nsf.pt\/index.php\/category\/curtas\/\" rel=\"category tag\">CURTAS<\/a>","tag_info":"CURTAS","comment_count":"0","_links":{"self":[{"href":"https:\/\/nsf.pt\/index.php\/wp-json\/wp\/v2\/posts\/15974"}],"collection":[{"href":"https:\/\/nsf.pt\/index.php\/wp-json\/wp\/v2\/posts"}],"about":[{"href":"https:\/\/nsf.pt\/index.php\/wp-json\/wp\/v2\/types\/post"}],"author":[{"embeddable":true,"href":"https:\/\/nsf.pt\/index.php\/wp-json\/wp\/v2\/users\/2"}],"replies":[{"embeddable":true,"href":"https:\/\/nsf.pt\/index.php\/wp-json\/wp\/v2\/comments?post=15974"}],"version-history":[{"count":1,"href":"https:\/\/nsf.pt\/index.php\/wp-json\/wp\/v2\/posts\/15974\/revisions"}],"predecessor-version":[{"id":15976,"href":"https:\/\/nsf.pt\/index.php\/wp-json\/wp\/v2\/posts\/15974\/revisions\/15976"}],"wp:featuredmedia":[{"embeddable":true,"href":"https:\/\/nsf.pt\/index.php\/wp-json\/wp\/v2\/media\/15975"}],"wp:attachment":[{"href":"https:\/\/nsf.pt\/index.php\/wp-json\/wp\/v2\/media?parent=15974"}],"wp:term":[{"taxonomy":"category","embeddable":true,"href":"https:\/\/nsf.pt\/index.php\/wp-json\/wp\/v2\/categories?post=15974"},{"taxonomy":"post_tag","embeddable":true,"href":"https:\/\/nsf.pt\/index.php\/wp-json\/wp\/v2\/tags?post=15974"}],"curies":[{"name":"wp","href":"https:\/\/api.w.org\/{rel}","templated":true}]}}