{"id":15982,"date":"2026-01-27T18:28:40","date_gmt":"2026-01-27T18:28:40","guid":{"rendered":"https:\/\/nsf.pt\/?p=15982"},"modified":"2026-01-27T18:31:47","modified_gmt":"2026-01-27T18:31:47","slug":"quando-encerra-uma-loja","status":"publish","type":"post","link":"https:\/\/nsf.pt\/index.php\/2026\/01\/27\/quando-encerra-uma-loja\/","title":{"rendered":"Quando uma loja fecha as portas"},"content":{"rendered":"\n<h2 class=\"wp-block-heading\">O com\u00e9rcio merece mais, muito mais<\/h2>\n\n\n\n<figure class=\"wp-block-image size-full is-resized\"><img decoding=\"async\" loading=\"lazy\" width=\"478\" height=\"463\" src=\"https:\/\/nsf.pt\/wp-content\/uploads\/2026\/01\/Joao-Barreta.jpg\" alt=\"\" class=\"wp-image-15984\" style=\"aspect-ratio:1.0323974082073435;width:155px;height:auto\" srcset=\"https:\/\/nsf.pt\/wp-content\/uploads\/2026\/01\/Joao-Barreta.jpg 478w, https:\/\/nsf.pt\/wp-content\/uploads\/2026\/01\/Joao-Barreta-300x291.jpg 300w\" sizes=\"(max-width: 478px) 100vw, 478px\" \/><\/figure>\n\n\n\n<h3 class=\"wp-block-heading\">Por Jo\u00e3o Barreta<\/h3>\n\n\n\n<p>Sem identificar o com\u00e9rcio em causa, sem referir&nbsp;a&nbsp;cidade ou vila, t\u00e3o pouco o nome da rua, o relato n\u00e3o surpreende, antes pelo contr\u00e1rio.&nbsp;<\/p>\n\n\n\n<p>A novidade n\u00e3o est\u00e1 na&nbsp;not\u00edcia,&nbsp; mas&nbsp;sim na hist\u00f3ria que est\u00e1 por detr\u00e1s do encerramento daquela loja, e que a not\u00edcia n\u00e3o conta, porque quem&nbsp;notic\u00eda&nbsp;n\u00e3o a sabe, nem faz por saber.&nbsp;&nbsp;<\/p>\n\n\n\n<p>O encerramento de uma loja, n\u00e3o se resume a &#8220;fechar a porta&#8221;. S\u00e3o muitas as &#8220;portas&#8221; que se fecham naquele dia.&nbsp;&nbsp;<\/p>\n\n\n\n<p>O lead da not\u00edcia \u00e9 sobre &#8220;fechar a porta&#8221;, mas o corpo da mesma nunca aborda o tal &#8220;bater com a porta&#8221; que urge.&nbsp;<\/p>\n\n\n\n<p>O com\u00e9rcio merece mais, muito mais, e quem faz dele a sua vida, o seu of\u00edcio, a sua arte, j\u00e1 merecer\u00e1 que alguma ci\u00eancia do conhecimento com ele se preocupe.&nbsp;<\/p>\n\n\n\n<p>Enquanto essa ci\u00eancia, qui\u00e7\u00e1 uma &#8230; &#8220;Comerciologia&#8221; ou algo de designa\u00e7\u00e3o menos rebuscada n\u00e3o surge, haja quem, na Administra\u00e7\u00e3o (Governo, CCDR, CIM, Autarquia, &#8230;, Academia, Confedera\u00e7\u00e3o, Associa\u00e7\u00e3o) ou fora dela,&nbsp;reflicta&nbsp;sobre o tema e &#8230; ajude a que a not\u00edcia do encerramento de mais um com\u00e9rcio n\u00e3o seja apenas mais do mesmo &#8230;, o tal &#8220;DesCom\u00e9rcio&#8221;.&nbsp;<\/p>\n","protected":false},"excerpt":{"rendered":"<p>O com\u00e9rcio merece mais, muito mais Por Jo\u00e3o Barreta Sem identificar o com\u00e9rcio em causa,&#8230;<\/p>\n","protected":false},"author":2,"featured_media":15985,"comment_status":"open","ping_status":"open","sticky":true,"template":"","format":"standard","meta":{"sfsi_plus_gutenberg_text_before_share":"","sfsi_plus_gutenberg_show_text_before_share":"","sfsi_plus_gutenberg_icon_type":"","sfsi_plus_gutenberg_icon_alignemt":"","sfsi_plus_gutenburg_max_per_row":"","ngg_post_thumbnail":0,"footnotes":""},"categories":[237,459],"tags":[698],"featured_image_urls":{"full":["https:\/\/nsf.pt\/wp-content\/uploads\/2026\/01\/comercioLocal.jpg",1364,693,false],"thumbnail":["https:\/\/nsf.pt\/wp-content\/uploads\/2026\/01\/comercioLocal-150x150.jpg",150,150,true],"medium":["https:\/\/nsf.pt\/wp-content\/uploads\/2026\/01\/comercioLocal-300x152.jpg",300,152,true],"medium_large":["https:\/\/nsf.pt\/wp-content\/uploads\/2026\/01\/comercioLocal-768x390.jpg",640,325,true],"large":["https:\/\/nsf.pt\/wp-content\/uploads\/2026\/01\/comercioLocal-1024x520.jpg",640,325,true],"1536x1536":["https:\/\/nsf.pt\/wp-content\/uploads\/2026\/01\/comercioLocal.jpg",1364,693,false],"2048x2048":["https:\/\/nsf.pt\/wp-content\/uploads\/2026\/01\/comercioLocal.jpg",1364,693,false],"covernews-slider-full":["https:\/\/nsf.pt\/wp-content\/uploads\/2026\/01\/comercioLocal-1115x693.jpg",1115,693,true],"covernews-slider-center":["https:\/\/nsf.pt\/wp-content\/uploads\/2026\/01\/comercioLocal-800x500.jpg",800,500,true],"covernews-featured":["https:\/\/nsf.pt\/wp-content\/uploads\/2026\/01\/comercioLocal-1024x520.jpg",1024,520,true],"covernews-medium":["https:\/\/nsf.pt\/wp-content\/uploads\/2026\/01\/comercioLocal-540x340.jpg",540,340,true],"covernews-medium-square":["https:\/\/nsf.pt\/wp-content\/uploads\/2026\/01\/comercioLocal-400x250.jpg",400,250,true]},"author_info":{"info":["Carlos Ribeiro"]},"category_info":"<a href=\"https:\/\/nsf.pt\/index.php\/category\/causas\/\" rel=\"category tag\">CAUSAS<\/a> <a href=\"https:\/\/nsf.pt\/index.php\/category\/curtas\/\" rel=\"category tag\">CURTAS<\/a>","tag_info":"CURTAS","comment_count":"0","_links":{"self":[{"href":"https:\/\/nsf.pt\/index.php\/wp-json\/wp\/v2\/posts\/15982"}],"collection":[{"href":"https:\/\/nsf.pt\/index.php\/wp-json\/wp\/v2\/posts"}],"about":[{"href":"https:\/\/nsf.pt\/index.php\/wp-json\/wp\/v2\/types\/post"}],"author":[{"embeddable":true,"href":"https:\/\/nsf.pt\/index.php\/wp-json\/wp\/v2\/users\/2"}],"replies":[{"embeddable":true,"href":"https:\/\/nsf.pt\/index.php\/wp-json\/wp\/v2\/comments?post=15982"}],"version-history":[{"count":3,"href":"https:\/\/nsf.pt\/index.php\/wp-json\/wp\/v2\/posts\/15982\/revisions"}],"predecessor-version":[{"id":15987,"href":"https:\/\/nsf.pt\/index.php\/wp-json\/wp\/v2\/posts\/15982\/revisions\/15987"}],"wp:featuredmedia":[{"embeddable":true,"href":"https:\/\/nsf.pt\/index.php\/wp-json\/wp\/v2\/media\/15985"}],"wp:attachment":[{"href":"https:\/\/nsf.pt\/index.php\/wp-json\/wp\/v2\/media?parent=15982"}],"wp:term":[{"taxonomy":"category","embeddable":true,"href":"https:\/\/nsf.pt\/index.php\/wp-json\/wp\/v2\/categories?post=15982"},{"taxonomy":"post_tag","embeddable":true,"href":"https:\/\/nsf.pt\/index.php\/wp-json\/wp\/v2\/tags?post=15982"}],"curies":[{"name":"wp","href":"https:\/\/api.w.org\/{rel}","templated":true}]}}