{"id":16093,"date":"2026-02-14T19:28:42","date_gmt":"2026-02-14T19:28:42","guid":{"rendered":"https:\/\/nsf.pt\/?p=16093"},"modified":"2026-02-14T19:28:43","modified_gmt":"2026-02-14T19:28:43","slug":"curso-de-esperanto-para-principiantes","status":"publish","type":"post","link":"https:\/\/nsf.pt\/index.php\/2026\/02\/14\/curso-de-esperanto-para-principiantes\/","title":{"rendered":"Curso de Esperanto para principiantes"},"content":{"rendered":"\n<h2 class=\"wp-block-heading\">AJA Norte organiza iniciativa de educa\u00e7\u00e3o n\u00e3o-formal no Porto<\/h2>\n\n\n\n<p>Associa\u00e7\u00e3o Jos\u00e9 Afonso, N\u00facleo do Norte, na linha universalista dos fins a que se prop\u00f5e e que definiu em termos estatut\u00e1rios \u2014 realiza\u00e7\u00e3o dos valores universais da solidariedade social e ao empenhamento contra a opress\u00e3o e todas as formas de servid\u00e3o, desigualdade e injusti\u00e7a \u2014 pretende, com a realiza\u00e7\u00e3o deste curso, incrementar e facilitar o conhecimento desta l\u00edngua franca universal, concebida por\u00a0Ludwik\u00a0Leizer\u00a0Zamenhof, tornando tamb\u00e9m mais acess\u00edvel o conhecimento entre todos da obra de Zeca Afonso.<\/p>\n\n\n\n<p>In\u00edcio do curso, dia 3 de mar\u00e7o. Mais informa\u00e7\u00f5es atrav\u00e9s de ajanorte@gmail.com<\/p>\n\n\n\n<div style=\"height:16px\" aria-hidden=\"true\" class=\"wp-block-spacer\"><\/div>\n\n\n\n<figure class=\"wp-block-image aligncenter size-full is-resized\"><img decoding=\"async\" loading=\"lazy\" width=\"533\" height=\"637\" src=\"https:\/\/nsf.pt\/wp-content\/uploads\/2026\/02\/AJANORTE-1.jpg\" alt=\"\" class=\"wp-image-16094\" style=\"aspect-ratio:0.8367346938775511;width:346px;height:auto\" srcset=\"https:\/\/nsf.pt\/wp-content\/uploads\/2026\/02\/AJANORTE-1.jpg 533w, https:\/\/nsf.pt\/wp-content\/uploads\/2026\/02\/AJANORTE-1-251x300.jpg 251w\" sizes=\"(max-width: 533px) 100vw, 533px\" \/><\/figure>\n","protected":false},"excerpt":{"rendered":"<p>AJA Norte organiza iniciativa de educa\u00e7\u00e3o n\u00e3o-formal no Porto Associa\u00e7\u00e3o Jos\u00e9 Afonso, N\u00facleo do Norte,&#8230;<\/p>\n","protected":false},"author":2,"featured_media":16095,"comment_status":"open","ping_status":"open","sticky":true,"template":"","format":"standard","meta":{"sfsi_plus_gutenberg_text_before_share":"","sfsi_plus_gutenberg_show_text_before_share":"","sfsi_plus_gutenberg_icon_type":"","sfsi_plus_gutenberg_icon_alignemt":"","sfsi_plus_gutenburg_max_per_row":"","ngg_post_thumbnail":0,"footnotes":""},"categories":[459,635],"tags":[480],"featured_image_urls":{"full":["https:\/\/nsf.pt\/wp-content\/uploads\/2026\/02\/esperante-coret.jpg",487,293,false],"thumbnail":["https:\/\/nsf.pt\/wp-content\/uploads\/2026\/02\/esperante-coret-150x150.jpg",150,150,true],"medium":["https:\/\/nsf.pt\/wp-content\/uploads\/2026\/02\/esperante-coret-300x180.jpg",300,180,true],"medium_large":["https:\/\/nsf.pt\/wp-content\/uploads\/2026\/02\/esperante-coret.jpg",487,293,false],"large":["https:\/\/nsf.pt\/wp-content\/uploads\/2026\/02\/esperante-coret.jpg",487,293,false],"1536x1536":["https:\/\/nsf.pt\/wp-content\/uploads\/2026\/02\/esperante-coret.jpg",487,293,false],"2048x2048":["https:\/\/nsf.pt\/wp-content\/uploads\/2026\/02\/esperante-coret.jpg",487,293,false],"covernews-slider-full":["https:\/\/nsf.pt\/wp-content\/uploads\/2026\/02\/esperante-coret.jpg",487,293,false],"covernews-slider-center":["https:\/\/nsf.pt\/wp-content\/uploads\/2026\/02\/esperante-coret.jpg",487,293,false],"covernews-featured":["https:\/\/nsf.pt\/wp-content\/uploads\/2026\/02\/esperante-coret.jpg",487,293,false],"covernews-medium":["https:\/\/nsf.pt\/wp-content\/uploads\/2026\/02\/esperante-coret.jpg",487,293,false],"covernews-medium-square":["https:\/\/nsf.pt\/wp-content\/uploads\/2026\/02\/esperante-coret-400x250.jpg",400,250,true]},"author_info":{"info":["Carlos Ribeiro"]},"category_info":"<a href=\"https:\/\/nsf.pt\/index.php\/category\/curtas\/\" rel=\"category tag\">CURTAS<\/a> <a href=\"https:\/\/nsf.pt\/index.php\/category\/educacao-de-adultos\/\" rel=\"category tag\">EDUCA\u00c7\u00c3O DE ADULTOS<\/a>","tag_info":"EDUCA\u00c7\u00c3O DE ADULTOS","comment_count":"0","_links":{"self":[{"href":"https:\/\/nsf.pt\/index.php\/wp-json\/wp\/v2\/posts\/16093"}],"collection":[{"href":"https:\/\/nsf.pt\/index.php\/wp-json\/wp\/v2\/posts"}],"about":[{"href":"https:\/\/nsf.pt\/index.php\/wp-json\/wp\/v2\/types\/post"}],"author":[{"embeddable":true,"href":"https:\/\/nsf.pt\/index.php\/wp-json\/wp\/v2\/users\/2"}],"replies":[{"embeddable":true,"href":"https:\/\/nsf.pt\/index.php\/wp-json\/wp\/v2\/comments?post=16093"}],"version-history":[{"count":1,"href":"https:\/\/nsf.pt\/index.php\/wp-json\/wp\/v2\/posts\/16093\/revisions"}],"predecessor-version":[{"id":16096,"href":"https:\/\/nsf.pt\/index.php\/wp-json\/wp\/v2\/posts\/16093\/revisions\/16096"}],"wp:featuredmedia":[{"embeddable":true,"href":"https:\/\/nsf.pt\/index.php\/wp-json\/wp\/v2\/media\/16095"}],"wp:attachment":[{"href":"https:\/\/nsf.pt\/index.php\/wp-json\/wp\/v2\/media?parent=16093"}],"wp:term":[{"taxonomy":"category","embeddable":true,"href":"https:\/\/nsf.pt\/index.php\/wp-json\/wp\/v2\/categories?post=16093"},{"taxonomy":"post_tag","embeddable":true,"href":"https:\/\/nsf.pt\/index.php\/wp-json\/wp\/v2\/tags?post=16093"}],"curies":[{"name":"wp","href":"https:\/\/api.w.org\/{rel}","templated":true}]}}