{"id":16106,"date":"2026-02-17T11:05:57","date_gmt":"2026-02-17T11:05:57","guid":{"rendered":"https:\/\/nsf.pt\/?p=16106"},"modified":"2026-02-17T11:05:59","modified_gmt":"2026-02-17T11:05:59","slug":"aniversario-da-execucao-do-grupo-manouchian","status":"publish","type":"post","link":"https:\/\/nsf.pt\/index.php\/2026\/02\/17\/aniversario-da-execucao-do-grupo-manouchian\/","title":{"rendered":"Anivers\u00e1rio da execu\u00e7\u00e3o do Grupo Manouchian"},"content":{"rendered":"\n<h2 class=\"wp-block-heading\">AGENDA &#8211; Montreuil, 21 de fevereiro, 11h00<\/h2>\n\n\n\n<p>[Fonte Hugo dos Santos]<\/p>\n\n\n\n<p>H\u00e1 oitenta e dois anos, 23 combatentes da resist\u00eancia estrangeira foram executados pelo ex\u00e9rcito nazi por lutarem contra os ocupantes e defenderem a liberdade.<\/p>\n\n\n\n<p>No dia 21 de fevereiro, Montreuil celebrar\u00e1 o anivers\u00e1rio da execu\u00e7\u00e3o do Grupo Manouchian, dois anos ap\u00f3s o enterro do casal da resist\u00eancia M\u00e9lin\u00e9e e Missak Manouchian no Panth\u00e9on.<\/p>\n\n\n\n<p>Sob a lideran\u00e7a de Missak, o grupo organizou-se para frustrar os planos nazis. Presos, os 23 membros foram condenados \u00e0 morte e executados a 21 de fevereiro de 1944, em Mont Val\u00e9rien.<\/p>\n\n\n\n<p>A propaganda alem\u00e3 tentou, ent\u00e3o, retrat\u00e1-los como criminosos estrangeiros atrav\u00e9s do infame Cartaz Vermelho, espalhado por toda a Paris. O efeito foi o oposto: tornaram-se s\u00edmbolos da coragem da resist\u00eancia.<\/p>\n\n\n\n<p>Esplanade M\u00e9lin\u00e9e-et-Missak-Manouchian (esquina das ruas P\u00e9pin e Marguerite-Yourcenar).<\/p>\n\n\n\n<div style=\"height:24px\" aria-hidden=\"true\" class=\"wp-block-spacer\"><\/div>\n\n\n\n<figure class=\"wp-block-image size-full\"><img decoding=\"async\" loading=\"lazy\" width=\"593\" height=\"561\" src=\"https:\/\/nsf.pt\/wp-content\/uploads\/2026\/02\/manouchian.jpg\" alt=\"\" class=\"wp-image-16107\" srcset=\"https:\/\/nsf.pt\/wp-content\/uploads\/2026\/02\/manouchian.jpg 593w, https:\/\/nsf.pt\/wp-content\/uploads\/2026\/02\/manouchian-300x284.jpg 300w\" sizes=\"(max-width: 593px) 100vw, 593px\" \/><\/figure>\n","protected":false},"excerpt":{"rendered":"<p>AGENDA &#8211; Montreuil, 21 de fevereiro, 11h00 [Fonte Hugo dos Santos] H\u00e1 oitenta e dois&#8230;<\/p>\n","protected":false},"author":2,"featured_media":16108,"comment_status":"open","ping_status":"open","sticky":true,"template":"","format":"standard","meta":{"sfsi_plus_gutenberg_text_before_share":"","sfsi_plus_gutenberg_show_text_before_share":"","sfsi_plus_gutenberg_icon_type":"","sfsi_plus_gutenberg_icon_alignemt":"","sfsi_plus_gutenburg_max_per_row":"","ngg_post_thumbnail":0,"footnotes":""},"categories":[207,459],"tags":[150],"featured_image_urls":{"full":["https:\/\/nsf.pt\/wp-content\/uploads\/2026\/02\/manu2.jpg",734,403,false],"thumbnail":["https:\/\/nsf.pt\/wp-content\/uploads\/2026\/02\/manu2-150x150.jpg",150,150,true],"medium":["https:\/\/nsf.pt\/wp-content\/uploads\/2026\/02\/manu2-300x165.jpg",300,165,true],"medium_large":["https:\/\/nsf.pt\/wp-content\/uploads\/2026\/02\/manu2.jpg",640,351,false],"large":["https:\/\/nsf.pt\/wp-content\/uploads\/2026\/02\/manu2.jpg",640,351,false],"1536x1536":["https:\/\/nsf.pt\/wp-content\/uploads\/2026\/02\/manu2.jpg",734,403,false],"2048x2048":["https:\/\/nsf.pt\/wp-content\/uploads\/2026\/02\/manu2.jpg",734,403,false],"covernews-slider-full":["https:\/\/nsf.pt\/wp-content\/uploads\/2026\/02\/manu2.jpg",734,403,false],"covernews-slider-center":["https:\/\/nsf.pt\/wp-content\/uploads\/2026\/02\/manu2.jpg",734,403,false],"covernews-featured":["https:\/\/nsf.pt\/wp-content\/uploads\/2026\/02\/manu2.jpg",734,403,false],"covernews-medium":["https:\/\/nsf.pt\/wp-content\/uploads\/2026\/02\/manu2-540x340.jpg",540,340,true],"covernews-medium-square":["https:\/\/nsf.pt\/wp-content\/uploads\/2026\/02\/manu2-400x250.jpg",400,250,true]},"author_info":{"info":["Carlos Ribeiro"]},"category_info":"<a href=\"https:\/\/nsf.pt\/index.php\/category\/agenda-2\/\" rel=\"category tag\">AGENDA<\/a> <a href=\"https:\/\/nsf.pt\/index.php\/category\/curtas\/\" rel=\"category tag\">CURTAS<\/a>","tag_info":"CURTAS","comment_count":"0","_links":{"self":[{"href":"https:\/\/nsf.pt\/index.php\/wp-json\/wp\/v2\/posts\/16106"}],"collection":[{"href":"https:\/\/nsf.pt\/index.php\/wp-json\/wp\/v2\/posts"}],"about":[{"href":"https:\/\/nsf.pt\/index.php\/wp-json\/wp\/v2\/types\/post"}],"author":[{"embeddable":true,"href":"https:\/\/nsf.pt\/index.php\/wp-json\/wp\/v2\/users\/2"}],"replies":[{"embeddable":true,"href":"https:\/\/nsf.pt\/index.php\/wp-json\/wp\/v2\/comments?post=16106"}],"version-history":[{"count":1,"href":"https:\/\/nsf.pt\/index.php\/wp-json\/wp\/v2\/posts\/16106\/revisions"}],"predecessor-version":[{"id":16109,"href":"https:\/\/nsf.pt\/index.php\/wp-json\/wp\/v2\/posts\/16106\/revisions\/16109"}],"wp:featuredmedia":[{"embeddable":true,"href":"https:\/\/nsf.pt\/index.php\/wp-json\/wp\/v2\/media\/16108"}],"wp:attachment":[{"href":"https:\/\/nsf.pt\/index.php\/wp-json\/wp\/v2\/media?parent=16106"}],"wp:term":[{"taxonomy":"category","embeddable":true,"href":"https:\/\/nsf.pt\/index.php\/wp-json\/wp\/v2\/categories?post=16106"},{"taxonomy":"post_tag","embeddable":true,"href":"https:\/\/nsf.pt\/index.php\/wp-json\/wp\/v2\/tags?post=16106"}],"curies":[{"name":"wp","href":"https:\/\/api.w.org\/{rel}","templated":true}]}}