{"id":16118,"date":"2026-02-18T15:34:09","date_gmt":"2026-02-18T15:34:09","guid":{"rendered":"https:\/\/nsf.pt\/?p=16118"},"modified":"2026-02-18T15:43:17","modified_gmt":"2026-02-18T15:43:17","slug":"abril-nao-e-memoria-e-combate-e-futuro","status":"publish","type":"post","link":"https:\/\/nsf.pt\/index.php\/2026\/02\/18\/abril-nao-e-memoria-e-combate-e-futuro\/","title":{"rendered":"Abril n\u00e3o \u00e9 mem\u00f3ria, \u00e9 combate e futuro"},"content":{"rendered":"\n<h2 class=\"wp-block-heading\">A extrema-direita cresce onde o Estado falha, onde o transporte n\u00e3o chega, onde o centro de sa\u00fade encerra, onde a escola perde professores e onde o sal\u00e1rio n\u00e3o paga a renda<\/h2>\n\n\n\n<p><\/p>\n\n\n\n<figure class=\"wp-block-image size-full is-resized\"><img decoding=\"async\" loading=\"lazy\" width=\"522\" height=\"488\" src=\"https:\/\/nsf.pt\/wp-content\/uploads\/2025\/08\/luis-Vidigal_colaboradores.jpg\" alt=\"\" class=\"wp-image-14712\" style=\"aspect-ratio:1.069672131147541;width:121px;height:auto\" srcset=\"https:\/\/nsf.pt\/wp-content\/uploads\/2025\/08\/luis-Vidigal_colaboradores.jpg 522w, https:\/\/nsf.pt\/wp-content\/uploads\/2025\/08\/luis-Vidigal_colaboradores-300x280.jpg 300w\" sizes=\"(max-width: 522px) 100vw, 522px\" \/><\/figure>\n\n\n\n<p>Por Luis Vidigal<\/p>\n\n\n\n<p><\/p>\n\n\n\n<p>H\u00e1 vit\u00f3rias que valem mais pelo que anunciam do que pelo que encerram. A vit\u00f3ria de Seguro nas presidenciais, mais do que a ascens\u00e3o de um nome, significa que uma parte significativa do pa\u00eds quer respirar estabilidade democr\u00e1tica sem abdicar de ambi\u00e7\u00e3o social. Mas nenhuma vit\u00f3ria, por mais simb\u00f3lica que seja, derrota sozinha a extrema-direita.<\/p>\n\n\n\n<p>A extrema-direita cresce onde o Estado falha, onde o transporte n\u00e3o chega, onde o centro de sa\u00fade encerra, onde a escola perde professores e onde o sal\u00e1rio n\u00e3o paga a renda. Cresce onde a pol\u00edtica se ausenta. <\/p>\n\n\n\n<blockquote class=\"wp-block-quote\">\n<p>A esquerda s\u00f3 poder\u00e1 faz\u00ea-la recuar se voltar a ocupar esses territ\u00f3rios invis\u00edveis, se transformar o quotidiano em debate pol\u00edtico e se provar, com medidas concretas, que a seguran\u00e7a n\u00e3o \u00e9 sin\u00f3nimo de exclus\u00e3o e que a justi\u00e7a social n\u00e3o \u00e9 um luxo ideol\u00f3gico, mas um requisito democr\u00e1tico.<\/p>\n<\/blockquote>\n\n\n\n<p>Ao mesmo tempo, a batalha n\u00e3o \u00e9 apenas interna. H\u00e1 uma ofensiva cultural que atravessa o Atl\u00e2ntico e procura moldar o debate europeu, normalizando o radicalismo identit\u00e1rio e a desconfian\u00e7a nas institui\u00e7\u00f5es. Quando lideran\u00e7as como Donald Trump acenam a for\u00e7as como o Rassemblement National ou a Alternative f\u00fcr Deutschland, n\u00e3o est\u00e3o apenas a comentar a pol\u00edtica europeia, est\u00e3o a incentivar uma redefini\u00e7\u00e3o do aceit\u00e1vel.&nbsp;<\/p>\n\n\n\n<p>A resposta n\u00e3o pode ser apenas indigna\u00e7\u00e3o moral. A Europa ter\u00e1 de investir na sua soberania cultural, fortalecer os media p\u00fablicos, regular democraticamente as plataformas digitais e construir uma narrativa comum que v\u00e1 al\u00e9m do mercado. Se a Uni\u00e3o for apenas uma uni\u00e3o econ\u00f3mica, ser\u00e1 fr\u00e1gil e se for tamb\u00e9m um projeto civilizacional, ter\u00e1 ra\u00edzes mais profundas.<\/p>\n\n\n\n<blockquote class=\"wp-block-quote\">\n<h2 class=\"wp-block-heading\">Neste contexto, a paz torna-se novamente uma causa pol\u00edtica central. <\/h2>\n<\/blockquote>\n\n\n\n<p>A mem\u00f3ria da Segunda Guerra Mundial n\u00e3o pode ser evocada apenas em cerim\u00f3nias. A normaliza\u00e7\u00e3o do discurso belicista \u00e9 um sinal preocupante de um continente que esquece demasiado depressa. A luta pela paz n\u00e3o pertence apenas aos governos, pertence aos sindicatos, \u00e0s associa\u00e7\u00f5es juvenis, \u00e0s universidades, \u00e0s igrejas, aos partidos e aos movimentos ambientais.&nbsp;<\/p>\n\n\n\n<p>Exigir diplomacia, escrut\u00ednio democr\u00e1tico sobre decis\u00f5es militares e uma economia que n\u00e3o dependa apenas da ind\u00fastria da guerra \u00e9 afirmar que seguran\u00e7a e escalada n\u00e3o s\u00e3o sin\u00f3nimos. A paz tamb\u00e9m se constr\u00f3i com justi\u00e7a social e coopera\u00e7\u00e3o internacional.<\/p>\n\n\n\n<p>Hoje, perante fen\u00f3menos clim\u00e1ticos extremos, precariedade habitacional e dificuldades crescentes, o pa\u00eds enfrenta uma escolha entre deixar que o desespero alimente o ressentimento ou transformar a adversidade em solidariedade organizada. <\/p>\n\n\n\n<blockquote class=\"wp-block-quote\">\n<p>Se houver transpar\u00eancia na a\u00e7\u00e3o p\u00fablica, envolvimento comunit\u00e1rio e um Estado presente, cada reconstru\u00e7\u00e3o pode refor\u00e7ar a ideia de um Portugal solid\u00e1rio, imune \u00e0 tenta\u00e7\u00e3o da divis\u00e3o.<\/p>\n<\/blockquote>\n\n\n\n<p>\u00c9 tamb\u00e9m tempo de olhar para a Constitui\u00e7\u00e3o da Rep\u00fablica Portuguesa com respeito e ambi\u00e7\u00e3o. A Constitui\u00e7\u00e3o \u00e9 filha da Revolu\u00e7\u00e3o dos Cravos, mas n\u00e3o \u00e9 uma pe\u00e7a de museu. Poder-se-ia consagrar explicitamente o direito a um clima est\u00e1vel e \u00e0 prote\u00e7\u00e3o das gera\u00e7\u00f5es futuras, refor\u00e7ar mecanismos de participa\u00e7\u00e3o cidad\u00e3 na era digital, atualizar o enquadramento da economia social e clarificar os deveres do Estado na transi\u00e7\u00e3o energ\u00e9tica justa. Atualizar n\u00e3o \u00e9 trair, \u00e9 cumprir o esp\u00edrito transformador de Abril.<\/p>\n\n\n\n<h3 class=\"wp-block-heading\">\u00c9 preciso lembrar que a liberdade n\u00e3o est\u00e1 garantida, que a igualdade n\u00e3o \u00e9 irrevers\u00edvel e que a paz n\u00e3o \u00e9 autom\u00e1tica. Por isso, num tempo de ru\u00eddo, medo e fragmenta\u00e7\u00e3o, a palavra de ordem necess\u00e1ria \u00e9 afirmar com coragem em 2026 que \u201cAbril n\u00e3o \u00e9 mem\u00f3ria, \u00e9 combate e futuro\u201d.<\/h3>\n","protected":false},"excerpt":{"rendered":"<p>A extrema-direita cresce onde o Estado falha, onde o transporte n\u00e3o chega, onde o centro&#8230;<\/p>\n","protected":false},"author":2,"featured_media":16121,"comment_status":"open","ping_status":"open","sticky":true,"template":"","format":"standard","meta":{"sfsi_plus_gutenberg_text_before_share":"","sfsi_plus_gutenberg_show_text_before_share":"","sfsi_plus_gutenberg_icon_type":"","sfsi_plus_gutenberg_icon_alignemt":"","sfsi_plus_gutenburg_max_per_row":"","ngg_post_thumbnail":0,"footnotes":""},"categories":[238,121],"tags":[667],"featured_image_urls":{"full":["https:\/\/nsf.pt\/wp-content\/uploads\/2026\/02\/25ABRIL-MANIF.jpg",925,468,false],"thumbnail":["https:\/\/nsf.pt\/wp-content\/uploads\/2026\/02\/25ABRIL-MANIF-150x150.jpg",150,150,true],"medium":["https:\/\/nsf.pt\/wp-content\/uploads\/2026\/02\/25ABRIL-MANIF-300x152.jpg",300,152,true],"medium_large":["https:\/\/nsf.pt\/wp-content\/uploads\/2026\/02\/25ABRIL-MANIF-768x389.jpg",640,324,true],"large":["https:\/\/nsf.pt\/wp-content\/uploads\/2026\/02\/25ABRIL-MANIF.jpg",640,324,false],"1536x1536":["https:\/\/nsf.pt\/wp-content\/uploads\/2026\/02\/25ABRIL-MANIF.jpg",925,468,false],"2048x2048":["https:\/\/nsf.pt\/wp-content\/uploads\/2026\/02\/25ABRIL-MANIF.jpg",925,468,false],"covernews-slider-full":["https:\/\/nsf.pt\/wp-content\/uploads\/2026\/02\/25ABRIL-MANIF.jpg",925,468,false],"covernews-slider-center":["https:\/\/nsf.pt\/wp-content\/uploads\/2026\/02\/25ABRIL-MANIF-800x468.jpg",800,468,true],"covernews-featured":["https:\/\/nsf.pt\/wp-content\/uploads\/2026\/02\/25ABRIL-MANIF.jpg",925,468,false],"covernews-medium":["https:\/\/nsf.pt\/wp-content\/uploads\/2026\/02\/25ABRIL-MANIF-540x340.jpg",540,340,true],"covernews-medium-square":["https:\/\/nsf.pt\/wp-content\/uploads\/2026\/02\/25ABRIL-MANIF-400x250.jpg",400,250,true]},"author_info":{"info":["Carlos Ribeiro"]},"category_info":"<a href=\"https:\/\/nsf.pt\/index.php\/category\/destaque\/\" rel=\"category tag\">DESTAQUE<\/a> <a href=\"https:\/\/nsf.pt\/index.php\/category\/causas\/tribuna\/\" rel=\"category tag\">TRIBUNA<\/a>","tag_info":"TRIBUNA","comment_count":"0","_links":{"self":[{"href":"https:\/\/nsf.pt\/index.php\/wp-json\/wp\/v2\/posts\/16118"}],"collection":[{"href":"https:\/\/nsf.pt\/index.php\/wp-json\/wp\/v2\/posts"}],"about":[{"href":"https:\/\/nsf.pt\/index.php\/wp-json\/wp\/v2\/types\/post"}],"author":[{"embeddable":true,"href":"https:\/\/nsf.pt\/index.php\/wp-json\/wp\/v2\/users\/2"}],"replies":[{"embeddable":true,"href":"https:\/\/nsf.pt\/index.php\/wp-json\/wp\/v2\/comments?post=16118"}],"version-history":[{"count":2,"href":"https:\/\/nsf.pt\/index.php\/wp-json\/wp\/v2\/posts\/16118\/revisions"}],"predecessor-version":[{"id":16122,"href":"https:\/\/nsf.pt\/index.php\/wp-json\/wp\/v2\/posts\/16118\/revisions\/16122"}],"wp:featuredmedia":[{"embeddable":true,"href":"https:\/\/nsf.pt\/index.php\/wp-json\/wp\/v2\/media\/16121"}],"wp:attachment":[{"href":"https:\/\/nsf.pt\/index.php\/wp-json\/wp\/v2\/media?parent=16118"}],"wp:term":[{"taxonomy":"category","embeddable":true,"href":"https:\/\/nsf.pt\/index.php\/wp-json\/wp\/v2\/categories?post=16118"},{"taxonomy":"post_tag","embeddable":true,"href":"https:\/\/nsf.pt\/index.php\/wp-json\/wp\/v2\/tags?post=16118"}],"curies":[{"name":"wp","href":"https:\/\/api.w.org\/{rel}","templated":true}]}}