{"id":16128,"date":"2026-02-23T21:44:08","date_gmt":"2026-02-23T21:44:08","guid":{"rendered":"https:\/\/nsf.pt\/?p=16128"},"modified":"2026-02-23T21:44:09","modified_gmt":"2026-02-23T21:44:09","slug":"afinal-quem-faz-desporto","status":"publish","type":"post","link":"https:\/\/nsf.pt\/index.php\/2026\/02\/23\/afinal-quem-faz-desporto\/","title":{"rendered":"Afinal, quem faz desporto?"},"content":{"rendered":"\n<h2 class=\"wp-block-heading\">A ess\u00eancia do modelo desportivo portugu\u00eas assenta na autonomia e dinamismo do movimento associativo<\/h2>\n\n\n\n<p><\/p>\n\n\n\n<p><\/p>\n\n\n\n<figure class=\"wp-block-image size-full is-resized\"><img decoding=\"async\" loading=\"lazy\" width=\"524\" height=\"498\" src=\"https:\/\/nsf.pt\/wp-content\/uploads\/2026\/02\/mbrito_colaborador.jpg\" alt=\"\" class=\"wp-image-16129\" style=\"aspect-ratio:1.0522088353413654;width:118px;height:auto\" srcset=\"https:\/\/nsf.pt\/wp-content\/uploads\/2026\/02\/mbrito_colaborador.jpg 524w, https:\/\/nsf.pt\/wp-content\/uploads\/2026\/02\/mbrito_colaborador-300x285.jpg 300w\" sizes=\"(max-width: 524px) 100vw, 524px\" \/><\/figure>\n\n\n\n<p>por Manuel Brito, <em>in Facebook<\/em><\/p>\n\n\n\n<p>Recentemente, tive oportunidade de ler um artigo da Ministra da Cultura, Juventude e Desporto, Margarida Balseiro Lopes, publicado no jornal O Jogo. Embora tenha o m\u00e9rito de sublinhar o papel das autarquias locais no fomento desportivo, o texto levanta-me algumas reservas \u2014 em especial quanto \u00e0 defini\u00e7\u00e3o das verdadeiras responsabilidades de cada agente no sistema desportivo.<\/p>\n\n\n\n<p>\u00c9 ineg\u00e1vel que as autarquias desempenham um papel relevante no apoio ao desporto, nomeadamente atrav\u00e9s da cria\u00e7\u00e3o e manuten\u00e7\u00e3o de infraestruturas, da concess\u00e3o de apoios financeiros e log\u00edsticos, e da colabora\u00e7\u00e3o com as associa\u00e7\u00f5es e clubes locais.<\/p>\n\n\n\n<p>Contudo, a dinamiza\u00e7\u00e3o desportiva propriamente dita \u2014 o ensino, a inicia\u00e7\u00e3o, a forma\u00e7\u00e3o e a especializa\u00e7\u00e3o dos jovens atletas \u2014 compete essencialmente aos clubes e \u00e0s suas estruturas associativas, em articula\u00e7\u00e3o com o sistema educativo. Essa \u00e9 a ess\u00eancia do modelo desportivo portugu\u00eas, que assenta na autonomia e dinamismo do movimento associativo.<\/p>\n\n\n\n<p>Nos \u00faltimos anos, t\u00eam surgido m\u00faltiplos exemplos de autarquias que avan\u00e7am para a cria\u00e7\u00e3o de programas, projetos e at\u00e9 empresas municipais de desporto. Respeitando as boas inten\u00e7\u00f5es que frequentemente os inspiram, considero, no entanto, que estas iniciativas geram sobreposi\u00e7\u00f5es de compet\u00eancias, dispers\u00e3o de recursos e confus\u00e3o institucional entre a Administra\u00e7\u00e3o Central, o poder local e o associativismo. O resultado \u00e9, muitas vezes, um sistema menos eficiente, mais burocr\u00e1tico e politicamente enviesado.<\/p>\n\n\n\n<p>Para ilustrar essa distor\u00e7\u00e3o, refira-se um exemplo caricato: numa Junta de Freguesia de Lisboa, o presidente acumula o pelouro das \u201cescolinhas de futebol\u201d, enquanto o tesoureiro det\u00e9m o do \u201cdesporto\u201d. Sintom\u00e1tico de como se banaliza o conceito de pol\u00edtica desportiva e de como a ignor\u00e2ncia sobre o papel de cada entidade continua a prosperar. Declara\u00e7\u00f5es p\u00fablicas, como as da referida Ministra, acabam por refor\u00e7ar equ\u00edvocos em vez de contribuir para uma clarifica\u00e7\u00e3o estrat\u00e9gica do setor.<\/p>\n\n\n\n<p>Durante o per\u00edodo em que exerci fun\u00e7\u00f5es como vereador do Desporto na C\u00e2mara Municipal de Lisboa, repetia muitas vezes uma frase: a C\u00e2mara n\u00e3o faz desporto; quem faz desporto s\u00e3o os clubes. Cabe ao munic\u00edpio apoiar, facilitar e criar condi\u00e7\u00f5es, mas jamais substituir o papel insubstitu\u00edvel das entidades que vivem o desporto todos os dias.<\/p>\n\n\n\n<p>Admito, naturalmente, que em contextos muito espec\u00edficos as autarquias possam utilizar o desporto \u2014 tal como a dan\u00e7a ou a m\u00fasica \u2014 como instrumentos de inclus\u00e3o social, promo\u00e7\u00e3o de sa\u00fade ou requalifica\u00e7\u00e3o urbana. Foi com esse esp\u00edrito que lancei o programa \u201cO Desporto Mexe Comigo\u201d, dirigido a bairros vulner\u00e1veis de Lisboa, e que provou como a pr\u00e1tica desportiva pode ser uma poderosa ferramenta de coes\u00e3o e transforma\u00e7\u00e3o social.<\/p>\n\n\n\n<p>Mas, no essencial, a minha tese mant\u00e9m-se inalter\u00e1vel: quem faz desporto s\u00e3o os clubes. Sempre foram \u2014 e continuam a ser \u2014 o cora\u00e7\u00e3o do desporto portugu\u00eas.<\/p>\n","protected":false},"excerpt":{"rendered":"<p>A ess\u00eancia do modelo desportivo portugu\u00eas assenta na autonomia e dinamismo do movimento associativo por&#8230;<\/p>\n","protected":false},"author":2,"featured_media":16130,"comment_status":"open","ping_status":"open","sticky":true,"template":"","format":"standard","meta":{"sfsi_plus_gutenberg_text_before_share":"","sfsi_plus_gutenberg_show_text_before_share":"","sfsi_plus_gutenberg_icon_type":"","sfsi_plus_gutenberg_icon_alignemt":"","sfsi_plus_gutenburg_max_per_row":"","ngg_post_thumbnail":0,"footnotes":""},"categories":[546,238],"tags":[750],"featured_image_urls":{"full":["https:\/\/nsf.pt\/wp-content\/uploads\/2026\/02\/desporto.jpg",1357,766,false],"thumbnail":["https:\/\/nsf.pt\/wp-content\/uploads\/2026\/02\/desporto-150x150.jpg",150,150,true],"medium":["https:\/\/nsf.pt\/wp-content\/uploads\/2026\/02\/desporto-300x169.jpg",300,169,true],"medium_large":["https:\/\/nsf.pt\/wp-content\/uploads\/2026\/02\/desporto-768x434.jpg",640,362,true],"large":["https:\/\/nsf.pt\/wp-content\/uploads\/2026\/02\/desporto-1024x578.jpg",640,361,true],"1536x1536":["https:\/\/nsf.pt\/wp-content\/uploads\/2026\/02\/desporto.jpg",1357,766,false],"2048x2048":["https:\/\/nsf.pt\/wp-content\/uploads\/2026\/02\/desporto.jpg",1357,766,false],"covernews-slider-full":["https:\/\/nsf.pt\/wp-content\/uploads\/2026\/02\/desporto-1115x715.jpg",1115,715,true],"covernews-slider-center":["https:\/\/nsf.pt\/wp-content\/uploads\/2026\/02\/desporto-800x500.jpg",800,500,true],"covernews-featured":["https:\/\/nsf.pt\/wp-content\/uploads\/2026\/02\/desporto-1024x578.jpg",1024,578,true],"covernews-medium":["https:\/\/nsf.pt\/wp-content\/uploads\/2026\/02\/desporto-540x340.jpg",540,340,true],"covernews-medium-square":["https:\/\/nsf.pt\/wp-content\/uploads\/2026\/02\/desporto-400x250.jpg",400,250,true]},"author_info":{"info":["Carlos Ribeiro"]},"category_info":"<a href=\"https:\/\/nsf.pt\/index.php\/category\/desporto\/\" rel=\"category tag\">DESPORTO<\/a> <a href=\"https:\/\/nsf.pt\/index.php\/category\/destaque\/\" rel=\"category tag\">DESTAQUE<\/a>","tag_info":"DESTAQUE","comment_count":"0","_links":{"self":[{"href":"https:\/\/nsf.pt\/index.php\/wp-json\/wp\/v2\/posts\/16128"}],"collection":[{"href":"https:\/\/nsf.pt\/index.php\/wp-json\/wp\/v2\/posts"}],"about":[{"href":"https:\/\/nsf.pt\/index.php\/wp-json\/wp\/v2\/types\/post"}],"author":[{"embeddable":true,"href":"https:\/\/nsf.pt\/index.php\/wp-json\/wp\/v2\/users\/2"}],"replies":[{"embeddable":true,"href":"https:\/\/nsf.pt\/index.php\/wp-json\/wp\/v2\/comments?post=16128"}],"version-history":[{"count":1,"href":"https:\/\/nsf.pt\/index.php\/wp-json\/wp\/v2\/posts\/16128\/revisions"}],"predecessor-version":[{"id":16131,"href":"https:\/\/nsf.pt\/index.php\/wp-json\/wp\/v2\/posts\/16128\/revisions\/16131"}],"wp:featuredmedia":[{"embeddable":true,"href":"https:\/\/nsf.pt\/index.php\/wp-json\/wp\/v2\/media\/16130"}],"wp:attachment":[{"href":"https:\/\/nsf.pt\/index.php\/wp-json\/wp\/v2\/media?parent=16128"}],"wp:term":[{"taxonomy":"category","embeddable":true,"href":"https:\/\/nsf.pt\/index.php\/wp-json\/wp\/v2\/categories?post=16128"},{"taxonomy":"post_tag","embeddable":true,"href":"https:\/\/nsf.pt\/index.php\/wp-json\/wp\/v2\/tags?post=16128"}],"curies":[{"name":"wp","href":"https:\/\/api.w.org\/{rel}","templated":true}]}}