{"id":16147,"date":"2026-02-28T15:47:20","date_gmt":"2026-02-28T15:47:20","guid":{"rendered":"https:\/\/nsf.pt\/?p=16147"},"modified":"2026-02-28T15:47:21","modified_gmt":"2026-02-28T15:47:21","slug":"os-limites-movedicos-da-etica","status":"publish","type":"post","link":"https:\/\/nsf.pt\/index.php\/2026\/02\/28\/os-limites-movedicos-da-etica\/","title":{"rendered":"Os limites movedi\u00e7os da \u00e9tica\u00a0"},"content":{"rendered":"\n<h2 class=\"wp-block-heading\">Futuros em alerta<\/h2>\n\n\n\n<p><\/p>\n\n\n\n<p><\/p>\n\n\n\n<figure class=\"wp-block-image size-full is-resized\"><img decoding=\"async\" loading=\"lazy\" width=\"522\" height=\"488\" src=\"https:\/\/nsf.pt\/wp-content\/uploads\/2026\/02\/luis-Vidigal_colaboradores.jpg\" alt=\"\" class=\"wp-image-16148\" style=\"aspect-ratio:1.069672131147541;width:109px;height:auto\" srcset=\"https:\/\/nsf.pt\/wp-content\/uploads\/2026\/02\/luis-Vidigal_colaboradores.jpg 522w, https:\/\/nsf.pt\/wp-content\/uploads\/2026\/02\/luis-Vidigal_colaboradores-300x280.jpg 300w\" sizes=\"(max-width: 522px) 100vw, 522px\" \/><\/figure>\n\n\n\n<h4 class=\"wp-block-heading\">Por Luis Vidigal<\/h4>\n\n\n\n<p><\/p>\n\n\n\n<p>Houve um tempo em que as institui\u00e7\u00f5es desenhavam linhas vermelhas para n\u00e3o as cruzar. Hoje, desenham-nas a l\u00e1pis, n\u00e3o para as respeitar, mas para poder apag\u00e1-las quando for conveniente. O processo \u00e9 discreto, com uma concess\u00e3o aqui e uma exce\u00e7\u00e3o ali. Nada que pare\u00e7a definitivo e nada que pare\u00e7a uma rendi\u00e7\u00e3o.Futuros em alerta\u2026<\/p>\n\n\n\n<p>A Anthropic construiu a sua reputa\u00e7\u00e3o com base numa promessa de conten\u00e7\u00e3o, rara no mundo tecnol\u00f3gico. Falava de inova\u00e7\u00e3o com limites e de seguran\u00e7a como um princ\u00edpio e n\u00e3o como uma funcionalidade. Garantia que os seus sistemas n\u00e3o seriam usados para vigil\u00e2ncia em larga escala contra popula\u00e7\u00f5es, nem integrados em armamento aut\u00f3nomo capaz de decidir sobre a vida humana sem interven\u00e7\u00e3o direta. Havia, pelo menos em teoria, uma fronteira \u00e9tica clara.<\/p>\n\n\n\n<p>Mas o poder tem a tend\u00eancia inevit\u00e1vel de se expandir. Quando encontra uma ferramenta capaz de analisar quantidades massivas de dados, identificar padr\u00f5es invis\u00edveis e acelerar decis\u00f5es cr\u00edticas, deixa de a ver como opcional e passa a v\u00ea-la como necess\u00e1ria.<\/p>\n\n\n\n<p>Foi assim que a intelig\u00eancia artificial entrou nas redes classificadas e nas opera\u00e7\u00f5es de seguran\u00e7a nacional dos EUA, atrav\u00e9s de contratos, parcerias e justifica\u00e7\u00f5es t\u00e9cnicas. A Palantir abriu a porta e a Anthropic atravessou-a. Do outro lado, a \u00e9tica deixou de ser um limite fixo e passou a ser uma condi\u00e7\u00e3o negoci\u00e1vel.<\/p>\n\n\n\n<p>A suspeita de que sistemas como o Claude possam ter sido usados numa opera\u00e7\u00e3o para capturar um chefe de Estado na Venezuela n\u00e3o \u00e9 importante apenas pelo que prova, mas pelo que revela. O que mudou n\u00e3o foi apenas a tecnologia, mas o campo do poss\u00edvel. O simples facto de essa hip\u00f3tese parecer plaus\u00edvel mostra que a dist\u00e2ncia entre ferramentas de an\u00e1lise e instrumentos de poder operacional diminuiu. O verdadeiro ponto de ruptura n\u00e3o \u00e9 o primeiro uso, \u00e9 o momento em que esse uso deixa de parecer impens\u00e1vel.<\/p>\n\n\n\n<p>A mesma l\u00f3gica aplica-se \u00e0 vigil\u00e2ncia. Sistemas criados para analisar informa\u00e7\u00e3o podem, com pequenas adapta\u00e7\u00f5es, ser usados para monitorizar popula\u00e7\u00f5es inteiras. Podem cruzar dados, prever comportamentos e identificar indiv\u00edduos em escala. N\u00e3o precisam de vigiar diretamente, basta que tornem a vigil\u00e2ncia mais eficiente, mais r\u00e1pida e mais inevit\u00e1vel.<\/p>\n\n\n\n<p>A linguagem institucional continua tranquila. Fala-se de \u201cuso legal\u201d, como se a legalidade resolvesse todas as quest\u00f5es morais. Fala-se de \u201cseguran\u00e7a nacional\u201d, como se essa express\u00e3o justificasse qualquer capacidade t\u00e9cnica. Fala-se de \u201capoio \u00e0 decis\u00e3o\u201d, como se apoiar n\u00e3o fosse j\u00e1 participar.<\/p>\n\n\n\n<p>As institui\u00e7\u00f5es raramente abandonam os seus princ\u00edpios de uma s\u00f3 vez, fazem-no gradualmente. Cada nova exce\u00e7\u00e3o \u00e9 apresentada como necess\u00e1ria, cada novo uso \u00e9 descrito como limitado, mas cada passo redefine o pr\u00f3ximo. O que ontem era impens\u00e1vel, hoje torna-se discut\u00edvel e o que hoje \u00e9 discut\u00edvel, amanh\u00e3 torna-se normal.<\/p>\n\n\n\n<p>O resultado \u00e9 uma transforma\u00e7\u00e3o silenciosa, pois a intelig\u00eancia artificial deixou de ser apenas uma ferramenta de produtividade, tornou-se uma infraestrutura de poder e uma camada invis\u00edvel que influencia decis\u00f5es militares, pol\u00edticas e estrat\u00e9gicas.<\/p>\n\n\n\n<p>O verdadeiro perigo n\u00e3o \u00e9 que as m\u00e1quinas decidam sozinhas. \u00c9 que as institui\u00e7\u00f5es deixem de impor limites claros ao seu uso. Porque uma m\u00e1quina n\u00e3o escolhe os seus limites, apenas executa aquilo que lhe \u00e9 permitido. Quando esses limites desaparecem, n\u00e3o \u00e9 a tecnologia que falhou, \u00e9 quem decidiu que j\u00e1 n\u00e3o eram necess\u00e1rios.<\/p>\n\n\n\n<p><\/p>\n\n\n\n<figure class=\"wp-block-image aligncenter size-large is-resized\"><img decoding=\"async\" loading=\"lazy\" width=\"1024\" height=\"1012\" src=\"https:\/\/nsf.pt\/wp-content\/uploads\/2026\/02\/image-1024x1012.jpg\" alt=\"\" class=\"wp-image-16149\" style=\"aspect-ratio:1.0118577075098814;width:429px;height:auto\" srcset=\"https:\/\/nsf.pt\/wp-content\/uploads\/2026\/02\/image-1024x1012.jpg 1024w, https:\/\/nsf.pt\/wp-content\/uploads\/2026\/02\/image-300x297.jpg 300w, https:\/\/nsf.pt\/wp-content\/uploads\/2026\/02\/image-768x759.jpg 768w, https:\/\/nsf.pt\/wp-content\/uploads\/2026\/02\/image-1536x1518.jpg 1536w, https:\/\/nsf.pt\/wp-content\/uploads\/2026\/02\/image.jpg 1640w\" sizes=\"(max-width: 1024px) 100vw, 1024px\" \/><\/figure>\n","protected":false},"excerpt":{"rendered":"<p>Futuros em alerta Por Luis Vidigal Houve um tempo em que as institui\u00e7\u00f5es desenhavam linhas&#8230;<\/p>\n","protected":false},"author":2,"featured_media":16150,"comment_status":"open","ping_status":"open","sticky":true,"template":"","format":"standard","meta":{"sfsi_plus_gutenberg_text_before_share":"","sfsi_plus_gutenberg_show_text_before_share":"","sfsi_plus_gutenberg_icon_type":"","sfsi_plus_gutenberg_icon_alignemt":"","sfsi_plus_gutenburg_max_per_row":"","ngg_post_thumbnail":0,"footnotes":""},"categories":[238,622],"tags":[667],"featured_image_urls":{"full":["https:\/\/nsf.pt\/wp-content\/uploads\/2026\/02\/limhas-transito.jpg",709,418,false],"thumbnail":["https:\/\/nsf.pt\/wp-content\/uploads\/2026\/02\/limhas-transito-150x150.jpg",150,150,true],"medium":["https:\/\/nsf.pt\/wp-content\/uploads\/2026\/02\/limhas-transito-300x177.jpg",300,177,true],"medium_large":["https:\/\/nsf.pt\/wp-content\/uploads\/2026\/02\/limhas-transito.jpg",640,377,false],"large":["https:\/\/nsf.pt\/wp-content\/uploads\/2026\/02\/limhas-transito.jpg",640,377,false],"1536x1536":["https:\/\/nsf.pt\/wp-content\/uploads\/2026\/02\/limhas-transito.jpg",709,418,false],"2048x2048":["https:\/\/nsf.pt\/wp-content\/uploads\/2026\/02\/limhas-transito.jpg",709,418,false],"covernews-slider-full":["https:\/\/nsf.pt\/wp-content\/uploads\/2026\/02\/limhas-transito.jpg",709,418,false],"covernews-slider-center":["https:\/\/nsf.pt\/wp-content\/uploads\/2026\/02\/limhas-transito.jpg",709,418,false],"covernews-featured":["https:\/\/nsf.pt\/wp-content\/uploads\/2026\/02\/limhas-transito.jpg",709,418,false],"covernews-medium":["https:\/\/nsf.pt\/wp-content\/uploads\/2026\/02\/limhas-transito-540x340.jpg",540,340,true],"covernews-medium-square":["https:\/\/nsf.pt\/wp-content\/uploads\/2026\/02\/limhas-transito-400x250.jpg",400,250,true]},"author_info":{"info":["Carlos Ribeiro"]},"category_info":"<a href=\"https:\/\/nsf.pt\/index.php\/category\/destaque\/\" rel=\"category tag\">DESTAQUE<\/a> <a href=\"https:\/\/nsf.pt\/index.php\/category\/o-mundo-em-transicao\/\" rel=\"category tag\">O MUNDO EM TRANSI\u00c7\u00c3O<\/a>","tag_info":"O MUNDO EM TRANSI\u00c7\u00c3O","comment_count":"0","_links":{"self":[{"href":"https:\/\/nsf.pt\/index.php\/wp-json\/wp\/v2\/posts\/16147"}],"collection":[{"href":"https:\/\/nsf.pt\/index.php\/wp-json\/wp\/v2\/posts"}],"about":[{"href":"https:\/\/nsf.pt\/index.php\/wp-json\/wp\/v2\/types\/post"}],"author":[{"embeddable":true,"href":"https:\/\/nsf.pt\/index.php\/wp-json\/wp\/v2\/users\/2"}],"replies":[{"embeddable":true,"href":"https:\/\/nsf.pt\/index.php\/wp-json\/wp\/v2\/comments?post=16147"}],"version-history":[{"count":1,"href":"https:\/\/nsf.pt\/index.php\/wp-json\/wp\/v2\/posts\/16147\/revisions"}],"predecessor-version":[{"id":16151,"href":"https:\/\/nsf.pt\/index.php\/wp-json\/wp\/v2\/posts\/16147\/revisions\/16151"}],"wp:featuredmedia":[{"embeddable":true,"href":"https:\/\/nsf.pt\/index.php\/wp-json\/wp\/v2\/media\/16150"}],"wp:attachment":[{"href":"https:\/\/nsf.pt\/index.php\/wp-json\/wp\/v2\/media?parent=16147"}],"wp:term":[{"taxonomy":"category","embeddable":true,"href":"https:\/\/nsf.pt\/index.php\/wp-json\/wp\/v2\/categories?post=16147"},{"taxonomy":"post_tag","embeddable":true,"href":"https:\/\/nsf.pt\/index.php\/wp-json\/wp\/v2\/tags?post=16147"}],"curies":[{"name":"wp","href":"https:\/\/api.w.org\/{rel}","templated":true}]}}