{"id":16206,"date":"2026-03-04T21:17:18","date_gmt":"2026-03-04T21:17:18","guid":{"rendered":"https:\/\/nsf.pt\/?p=16206"},"modified":"2026-03-04T21:17:19","modified_gmt":"2026-03-04T21:17:19","slug":"dia-internacional-das-mulheres-2","status":"publish","type":"post","link":"https:\/\/nsf.pt\/index.php\/2026\/03\/04\/dia-internacional-das-mulheres-2\/","title":{"rendered":"Dia Internacional das Mulheres"},"content":{"rendered":"\n<h2 class=\"wp-block-heading\">AGENDA &#8211; AJA NORTE<\/h2>\n\n\n\n<p>O N\u00facleo do Norte da Associa\u00e7\u00e3o Jos\u00e9 Afonso assinala o dia 8 de mar\u00e7o  com uma sess\u00e3o no\u00a0dia 6, \u00e0s 19h, na Associa\u00e7\u00e3o dos Jornalistas e Homens de Letras do Porto, com\u00a0leitura de poemas e momentos musicais.\u00a0Participam o\u00a0Grupo\u00a0AjaquemDiga\u00a0(AJA Norte), a\u00a0Associa\u00e7\u00e3o Macar\u00e9u\u00a0e o\u00a0CACD Adriano Correia de Oliveira.\u00a0Como \u00e9 habitual, a Associa\u00e7\u00e3o Jos\u00e9 Afonso pretende celebrar a Mulher com todas e todos, relembrando a sua luta, a sua resili\u00eancia e as suas conquistas.\u00a0Numa \u00e9poca de tantos atropelos dos direitos humanos, queremos relembrar o papel da Mulher e a sua afirma\u00e7\u00e3o em igualdade de direitos numa sociedade mais justa, mais livre, mais fraterna.\u00a0<\/p>\n\n\n\n<p><\/p>\n\n\n\n<figure class=\"wp-block-image aligncenter size-large is-resized\"><img decoding=\"async\" loading=\"lazy\" width=\"819\" height=\"1024\" src=\"https:\/\/nsf.pt\/wp-content\/uploads\/2026\/03\/Dia-Internacional-da-Mulher-Final-11-819x1024.png\" alt=\"\" class=\"wp-image-16207\" style=\"aspect-ratio:0.7998046875;width:359px;height:auto\" srcset=\"https:\/\/nsf.pt\/wp-content\/uploads\/2026\/03\/Dia-Internacional-da-Mulher-Final-11-819x1024.png 819w, https:\/\/nsf.pt\/wp-content\/uploads\/2026\/03\/Dia-Internacional-da-Mulher-Final-11-240x300.png 240w, https:\/\/nsf.pt\/wp-content\/uploads\/2026\/03\/Dia-Internacional-da-Mulher-Final-11-768x960.png 768w, https:\/\/nsf.pt\/wp-content\/uploads\/2026\/03\/Dia-Internacional-da-Mulher-Final-11-1024x1280.png 1024w, https:\/\/nsf.pt\/wp-content\/uploads\/2026\/03\/Dia-Internacional-da-Mulher-Final-11.png 1080w\" sizes=\"(max-width: 819px) 100vw, 819px\" \/><\/figure>\n","protected":false},"excerpt":{"rendered":"<p>AGENDA &#8211; AJA NORTE O N\u00facleo do Norte da Associa\u00e7\u00e3o Jos\u00e9 Afonso assinala o dia&#8230;<\/p>\n","protected":false},"author":2,"featured_media":16208,"comment_status":"open","ping_status":"open","sticky":true,"template":"","format":"standard","meta":{"sfsi_plus_gutenberg_text_before_share":"","sfsi_plus_gutenberg_show_text_before_share":"","sfsi_plus_gutenberg_icon_type":"","sfsi_plus_gutenberg_icon_alignemt":"","sfsi_plus_gutenburg_max_per_row":"","ngg_post_thumbnail":0,"footnotes":""},"categories":[207,395],"tags":[480],"featured_image_urls":{"full":["https:\/\/nsf.pt\/wp-content\/uploads\/2026\/03\/aja-norte1.jpg",1141,678,false],"thumbnail":["https:\/\/nsf.pt\/wp-content\/uploads\/2026\/03\/aja-norte1-150x150.jpg",150,150,true],"medium":["https:\/\/nsf.pt\/wp-content\/uploads\/2026\/03\/aja-norte1-300x178.jpg",300,178,true],"medium_large":["https:\/\/nsf.pt\/wp-content\/uploads\/2026\/03\/aja-norte1-768x456.jpg",640,380,true],"large":["https:\/\/nsf.pt\/wp-content\/uploads\/2026\/03\/aja-norte1-1024x608.jpg",640,380,true],"1536x1536":["https:\/\/nsf.pt\/wp-content\/uploads\/2026\/03\/aja-norte1.jpg",1141,678,false],"2048x2048":["https:\/\/nsf.pt\/wp-content\/uploads\/2026\/03\/aja-norte1.jpg",1141,678,false],"covernews-slider-full":["https:\/\/nsf.pt\/wp-content\/uploads\/2026\/03\/aja-norte1-1115x678.jpg",1115,678,true],"covernews-slider-center":["https:\/\/nsf.pt\/wp-content\/uploads\/2026\/03\/aja-norte1-800x500.jpg",800,500,true],"covernews-featured":["https:\/\/nsf.pt\/wp-content\/uploads\/2026\/03\/aja-norte1-1024x608.jpg",1024,608,true],"covernews-medium":["https:\/\/nsf.pt\/wp-content\/uploads\/2026\/03\/aja-norte1-540x340.jpg",540,340,true],"covernews-medium-square":["https:\/\/nsf.pt\/wp-content\/uploads\/2026\/03\/aja-norte1-400x250.jpg",400,250,true]},"author_info":{"info":["Carlos Ribeiro"]},"category_info":"<a href=\"https:\/\/nsf.pt\/index.php\/category\/agenda-2\/\" rel=\"category tag\">AGENDA<\/a> <a href=\"https:\/\/nsf.pt\/index.php\/category\/zeca-afonso\/\" rel=\"category tag\">ZECA AFONSO<\/a>","tag_info":"ZECA AFONSO","comment_count":"0","_links":{"self":[{"href":"https:\/\/nsf.pt\/index.php\/wp-json\/wp\/v2\/posts\/16206"}],"collection":[{"href":"https:\/\/nsf.pt\/index.php\/wp-json\/wp\/v2\/posts"}],"about":[{"href":"https:\/\/nsf.pt\/index.php\/wp-json\/wp\/v2\/types\/post"}],"author":[{"embeddable":true,"href":"https:\/\/nsf.pt\/index.php\/wp-json\/wp\/v2\/users\/2"}],"replies":[{"embeddable":true,"href":"https:\/\/nsf.pt\/index.php\/wp-json\/wp\/v2\/comments?post=16206"}],"version-history":[{"count":1,"href":"https:\/\/nsf.pt\/index.php\/wp-json\/wp\/v2\/posts\/16206\/revisions"}],"predecessor-version":[{"id":16209,"href":"https:\/\/nsf.pt\/index.php\/wp-json\/wp\/v2\/posts\/16206\/revisions\/16209"}],"wp:featuredmedia":[{"embeddable":true,"href":"https:\/\/nsf.pt\/index.php\/wp-json\/wp\/v2\/media\/16208"}],"wp:attachment":[{"href":"https:\/\/nsf.pt\/index.php\/wp-json\/wp\/v2\/media?parent=16206"}],"wp:term":[{"taxonomy":"category","embeddable":true,"href":"https:\/\/nsf.pt\/index.php\/wp-json\/wp\/v2\/categories?post=16206"},{"taxonomy":"post_tag","embeddable":true,"href":"https:\/\/nsf.pt\/index.php\/wp-json\/wp\/v2\/tags?post=16206"}],"curies":[{"name":"wp","href":"https:\/\/api.w.org\/{rel}","templated":true}]}}