{"id":16224,"date":"2026-03-05T20:37:19","date_gmt":"2026-03-05T20:37:19","guid":{"rendered":"https:\/\/nsf.pt\/?p=16224"},"modified":"2026-03-05T20:53:52","modified_gmt":"2026-03-05T20:53:52","slug":"conferencias-p3dt-em-gondomar","status":"publish","type":"post","link":"https:\/\/nsf.pt\/index.php\/2026\/03\/05\/conferencias-p3dt-em-gondomar\/","title":{"rendered":"Confer\u00eancias P3DT em Gondomar"},"content":{"rendered":"\n<h2 class=\"wp-block-heading\">Cidades de esperan\u00e7a, esperan\u00e7a nas cidades<\/h2>\n\n\n\n<p><\/p>\n\n\n\n<h3 class=\"wp-block-heading\">Fonte: Jos\u00e9 Alberto Rio Fernandes<\/h3>\n\n\n\n<p><br>&nbsp;<br>Quando os contextos pol\u00edtico, socioecon\u00f3mico e clim\u00e1tico levantam grandes desafios e sobre o futuro pairam amea\u00e7as, queremos contribuir para promover caminhos de esperan\u00e7a a partir das cidades, lugares de maior concentra\u00e7\u00e3o de pessoas e atividades, centro dos conflitos e lugares de poder, de grande potencial para uma transforma\u00e7\u00e3o capaz de promover um mundo melhor para todos, porque mais justo, mais pr\u00f3spero, mais saud\u00e1vel e mais adequado \u00e0 diversidade que nos enriquece.&nbsp;<br>As confer\u00eancias P3DT (Pol\u00edticas P\u00fablicas, Planeamento e Desenvolvimento Territorial), nesta 10\u00aa edi\u00e7\u00e3o, como nas anteriores, comp\u00f5e-se de confer\u00eancias propriamente ditas, mesas redondas, debate, sa\u00eddas de campo e contacto informal propiciado pelos intervalos para caf\u00e9 e refei\u00e7\u00f5es.&nbsp;<br>Pretende-se, como sempre, ligar a teoria e a&nbsp;empiria, a academia e a pol\u00edtica.&nbsp;<br>Contamos com o apoio da C\u00e2mara Municipal de Gondomar, do Jornal de Not\u00edcias e do Instituto de Gest\u00e3o da Administra\u00e7\u00e3o P\u00fablica (IGAP), numa organiza\u00e7\u00e3o de um pequeno grupo de investigadores do Centro de Estudos de Geografia e Ordenamento do Territ\u00f3rio (CEGOT), unidade de investiga\u00e7\u00e3o cient\u00edfica que re\u00fane ge\u00f3grafos e outros cientistas das universidades de Coimbra e Porto.&nbsp;<br>Est\u00e3o todos convidados. O acesso \u00e9 livre mediante inscri\u00e7\u00e3o.&nbsp;<\/p>\n\n\n\n<p><\/p>\n\n\n\n<p>Acreditado pelo IGAP para profissionais da administra\u00e7\u00e3o p\u00fablica e como curso de forma\u00e7\u00e3o para professores dos Grupos 200 e 420, para 12,5 horas. CCPFC\/ACC-138662\/26.<\/p>\n\n\n\n<p>Aberto a todos os demais, sem custos. Inscri\u00e7\u00e3o necess\u00e1ria na p\u00e1gina ou por mail para lmeirabm@hotmail.com<\/p>\n\n\n\n<h2 class=\"wp-block-heading\">Programa<\/h2>\n\n\n\n<h2 class=\"wp-block-heading\">09\/04<\/h2>\n\n\n\n<p>9h00 Rece\u00e7\u00e3o<\/p>\n\n\n\n<p>9h15 SESS\u00c3O DE ABERTURA\u200b<\/p>\n\n\n\n<p>Manuel Castro Almeida (Ministro da Economia e da Coes\u00e3o Territorial)<\/p>\n\n\n\n<p>Lu\u00eds Filipe Ara\u00fajo (Presidente da C\u00e2mara Municipal de Gondomar)<\/p>\n\n\n\n<p>Jos\u00e9 Alberto Rio Fernandes (Presidente da Comiss\u00e3o Organizadora das Confer\u00eancias P3DT)<\/p>\n\n\n\n<p>CIDADES DE ESPERAN\u00c7A \/ ESPERAN\u00c7A NAS CIDADES<\/p>\n\n\n\n<p>FACE A DESIGUALDADES, MUDAN\u00c7AS, DESENCANTOS E ESPERAN\u00c7AS<\/p>\n\n\n\n<p>10h00 Confer\u00eancia:<\/p>\n\n\n\n<p>Jo\u00e3o Ferr\u00e3o (ICS &#8211; U. Lisboa)<\/p>\n\n\n\n<p>10h30 &#8211; Intervalo para caf\u00e9<\/p>\n\n\n\n<p>10h45 Mesa-redonda:<\/p>\n\n\n\n<p>\u200bAbertura e modera\u00e7\u00e3o: Jorge Malheiros (IGOT &#8211; U. Lisboa)<\/p>\n\n\n\n<p>Ricardo Rio (Ex. Presidente do Global Parliament of Mayors)<\/p>\n\n\n\n<p>\u00d3scar Afonso (FEP)<\/p>\n\n\n\n<p>Liliana Pinto Aires (Just a Change)<\/p>\n\n\n\n<p>12h30 Coment\u00e1rio:<\/p>\n\n\n\n<p>Jos\u00e9 Reis (CES &#8211; U. Coimbra)<\/p>\n\n\n\n<p>CIDADES DE ESPERAN\u00c7A \/ ESPERAN\u00c7A NAS CIDADES<\/p>\n\n\n\n<p>FACE \u00c0S ALTERA\u00c7\u00d5ES CLIM\u00c1TICAS, DEMOGR\u00c1FICAS E GEOPOL\u00cdTICAS<\/p>\n\n\n\n<p>14h45 &#8211; Confer\u00eancia:<\/p>\n\n\n\n<p>Joaquim Oliveira Martins (U. Paris-Dauphine)<\/p>\n\n\n\n<p>15h15 &#8211; Intervalo para caf\u00e9<\/p>\n\n\n\n<p>15h45 Mesa redonda:<\/p>\n\n\n\n<p>Abertura e modera\u00e7\u00e3o: Teresa S\u00e1 Marques (U. Porto)<\/p>\n\n\n\n<p>Ana Monteiro (U.Porto)<\/p>\n\n\n\n<p>Jos\u00e9 Pedro Teixeira Fernandes (ISCET)<\/p>\n\n\n\n<p>Ant\u00f3nio Silva Tiago (Presidente CM da Maia)<\/p>\n\n\n\n<p>17h00 Coment\u00e1rio:<\/p>\n\n\n\n<p>Rub\u00e9n Lois-Gonz\u00e1lez (U. Santiago Compostela)<\/p>\n\n\n\n<p>17h20 &#8211; 18h30: Sa\u00edda de campo \u00e0 cidade de Gondomar<\/p>\n\n\n\n<p>(C\/ Jorge Ricardo Pinto e Jos\u00e9 Alberto Rio Fernandes)<\/p>\n\n\n\n<p><\/p>\n\n\n\n<h2 class=\"wp-block-heading\">10\/04<\/h2>\n\n\n\n<p>CIDADES DE ESPERAN\u00c7A \/ ESPERAN\u00c7A NAS CIDADES<\/p>\n\n\n\n<p>FACE AO DESENCANTO COM A POL\u00cdTICA E AS POL\u00cdTICAS<\/p>\n\n\n\n<p>09h30 Confer\u00eancia:<\/p>\n\n\n\n<p>Oriol Nel\u2019lo (U. Barcelona)<\/p>\n\n\n\n<p>10h00 Mesa redonda:<\/p>\n\n\n\n<p>Abertura e modera\u00e7\u00e3o: Jo\u00e3o Seixas (NOVA Lisboa)<\/p>\n\n\n\n<p>Ana Abrunhosa (Presidente CM Coimbra)<\/p>\n\n\n\n<p>Jos\u00e9 Carlos Mota (U. Aveiro)<\/p>\n\n\n\n<p>Filipe Teles (U. Aveiro)<\/p>\n\n\n\n<p>11h45 &#8211; Intervalo para caf\u00e9<\/p>\n\n\n\n<p>12h00 Coment\u00e1rio<\/p>\n\n\n\n<p><\/p>\n\n\n\n<h3 class=\"wp-block-heading\">O que fazem a universidade, a pol\u00edtica regional e a comunica\u00e7\u00e3o social para que as cidades sejam lugares de esperan\u00e7a?<\/h3>\n\n\n\n<p>Pedro Dominguinhos (CNA do PRR &#8211; Plano de Recupera\u00e7\u00e3o e Resili\u00eancia)<\/p>\n\n\n\n<p>Ant\u00f3nio Fontainhas Fernandes (UTAD, ex Presidente do CRUP)<\/p>\n\n\n\n<p>In\u00eas Cardoso (Jornal de Not\u00edcias)<\/p>\n\n\n\n<p>12h40 Encerramento<\/p>\n\n\n\n<p>Lu\u00eds Filipe Ara\u00fajo (Presidente da C\u00e2mara Municipal de Gondomar)<\/p>\n\n\n\n<p>Jos\u00e9 Alberto Rio Fernandes (Presidente da Comiss\u00e3o Organizadora das Confer\u00eancias P3DT)<\/p>\n\n\n\n<p><\/p>\n\n\n\n<p><\/p>\n\n\n\n<figure class=\"wp-block-image size-full\"><img decoding=\"async\" loading=\"lazy\" width=\"439\" height=\"608\" src=\"https:\/\/nsf.pt\/wp-content\/uploads\/2026\/03\/cartaz-jarf.jpg\" alt=\"\" class=\"wp-image-16225\" srcset=\"https:\/\/nsf.pt\/wp-content\/uploads\/2026\/03\/cartaz-jarf.jpg 439w, https:\/\/nsf.pt\/wp-content\/uploads\/2026\/03\/cartaz-jarf-217x300.jpg 217w\" sizes=\"(max-width: 439px) 100vw, 439px\" \/><\/figure>\n","protected":false},"excerpt":{"rendered":"<p>Cidades de esperan\u00e7a, esperan\u00e7a nas cidades Fonte: Jos\u00e9 Alberto Rio Fernandes &nbsp;Quando os contextos pol\u00edtico,&#8230;<\/p>\n","protected":false},"author":2,"featured_media":16226,"comment_status":"open","ping_status":"open","sticky":true,"template":"","format":"standard","meta":{"sfsi_plus_gutenberg_text_before_share":"","sfsi_plus_gutenberg_show_text_before_share":"","sfsi_plus_gutenberg_icon_type":"","sfsi_plus_gutenberg_icon_alignemt":"","sfsi_plus_gutenburg_max_per_row":"","ngg_post_thumbnail":0,"footnotes":""},"categories":[459],"tags":[707],"featured_image_urls":{"full":["https:\/\/nsf.pt\/wp-content\/uploads\/2026\/03\/jarf2.jpg",429,246,false],"thumbnail":["https:\/\/nsf.pt\/wp-content\/uploads\/2026\/03\/jarf2-150x150.jpg",150,150,true],"medium":["https:\/\/nsf.pt\/wp-content\/uploads\/2026\/03\/jarf2-300x172.jpg",300,172,true],"medium_large":["https:\/\/nsf.pt\/wp-content\/uploads\/2026\/03\/jarf2.jpg",429,246,false],"large":["https:\/\/nsf.pt\/wp-content\/uploads\/2026\/03\/jarf2.jpg",429,246,false],"1536x1536":["https:\/\/nsf.pt\/wp-content\/uploads\/2026\/03\/jarf2.jpg",429,246,false],"2048x2048":["https:\/\/nsf.pt\/wp-content\/uploads\/2026\/03\/jarf2.jpg",429,246,false],"covernews-slider-full":["https:\/\/nsf.pt\/wp-content\/uploads\/2026\/03\/jarf2.jpg",429,246,false],"covernews-slider-center":["https:\/\/nsf.pt\/wp-content\/uploads\/2026\/03\/jarf2.jpg",429,246,false],"covernews-featured":["https:\/\/nsf.pt\/wp-content\/uploads\/2026\/03\/jarf2.jpg",429,246,false],"covernews-medium":["https:\/\/nsf.pt\/wp-content\/uploads\/2026\/03\/jarf2.jpg",429,246,false],"covernews-medium-square":["https:\/\/nsf.pt\/wp-content\/uploads\/2026\/03\/jarf2-400x246.jpg",400,246,true]},"author_info":{"info":["Carlos Ribeiro"]},"category_info":"<a href=\"https:\/\/nsf.pt\/index.php\/category\/curtas\/\" rel=\"category tag\">CURTAS<\/a>","tag_info":"CURTAS","comment_count":"0","_links":{"self":[{"href":"https:\/\/nsf.pt\/index.php\/wp-json\/wp\/v2\/posts\/16224"}],"collection":[{"href":"https:\/\/nsf.pt\/index.php\/wp-json\/wp\/v2\/posts"}],"about":[{"href":"https:\/\/nsf.pt\/index.php\/wp-json\/wp\/v2\/types\/post"}],"author":[{"embeddable":true,"href":"https:\/\/nsf.pt\/index.php\/wp-json\/wp\/v2\/users\/2"}],"replies":[{"embeddable":true,"href":"https:\/\/nsf.pt\/index.php\/wp-json\/wp\/v2\/comments?post=16224"}],"version-history":[{"count":2,"href":"https:\/\/nsf.pt\/index.php\/wp-json\/wp\/v2\/posts\/16224\/revisions"}],"predecessor-version":[{"id":16228,"href":"https:\/\/nsf.pt\/index.php\/wp-json\/wp\/v2\/posts\/16224\/revisions\/16228"}],"wp:featuredmedia":[{"embeddable":true,"href":"https:\/\/nsf.pt\/index.php\/wp-json\/wp\/v2\/media\/16226"}],"wp:attachment":[{"href":"https:\/\/nsf.pt\/index.php\/wp-json\/wp\/v2\/media?parent=16224"}],"wp:term":[{"taxonomy":"category","embeddable":true,"href":"https:\/\/nsf.pt\/index.php\/wp-json\/wp\/v2\/categories?post=16224"},{"taxonomy":"post_tag","embeddable":true,"href":"https:\/\/nsf.pt\/index.php\/wp-json\/wp\/v2\/tags?post=16224"}],"curies":[{"name":"wp","href":"https:\/\/api.w.org\/{rel}","templated":true}]}}