{"id":16345,"date":"2026-03-10T09:53:40","date_gmt":"2026-03-10T09:53:40","guid":{"rendered":"https:\/\/nsf.pt\/?p=16345"},"modified":"2026-03-10T10:01:24","modified_gmt":"2026-03-10T10:01:24","slug":"a-crise-internacional-e-o-crescimento-da-extrema-direita","status":"publish","type":"post","link":"https:\/\/nsf.pt\/index.php\/2026\/03\/10\/a-crise-internacional-e-o-crescimento-da-extrema-direita\/","title":{"rendered":"A crise internacional e o crescimento da extrema-direita"},"content":{"rendered":"\n<h2 class=\"wp-block-heading has-vivid-red-color has-text-color\">AGENDA &#8211; <strong>19 de mar\u00e7o<\/strong>&nbsp;(quinta-feira) \u00e0s&nbsp;<strong>18h30<\/strong>, AJA Lisboa<\/h2>\n\n\n\n<p>A Associa\u00e7\u00e3o Jos\u00e9 Afonso e a Rede Ecossocialista convidam-vos&nbsp;a estar presentes numa&nbsp;<strong>sess\u00e3o-debate&nbsp;<\/strong>intitulada \u201c<strong>A Crise Internacional e o Crescimento da Extrema-Direita<\/strong>\u201d, que ter\u00e1 lugar no N\u00facleo AJA Lisboa, no pr\u00f3ximo dia&nbsp;<strong>19 de mar\u00e7o<\/strong>&nbsp;(quinta-feira) \u00e0s&nbsp;<strong>18h30<\/strong>.<br>A sess\u00e3o contar\u00e1 com a presen\u00e7a de&nbsp;<strong>Claudio Katz<\/strong>, economista marxista argentino e professor catedr\u00e1tico da Universidade de Buenos Aires, reconhecido internacionalmente pelas suas an\u00e1lises cr\u00edticas sobre economia, globaliza\u00e7\u00e3o, desigualdades econ\u00f3micas, imperialismo e neoliberalismo. A partir da sua reflex\u00e3o sobre a crise do capitalismo contempor\u00e2neo e as suas consequ\u00eancias pol\u00edticas, Claudio Katz tem sido uma voz ativa no debate sobre o avan\u00e7o da extrema-direita e os desafios colocados \u00e0s for\u00e7as democr\u00e1ticas.<\/p>\n\n\n\n<p>O debate contar\u00e1 tamb\u00e9m com a participa\u00e7\u00e3o de&nbsp;<strong>Pedro Soares<\/strong>, presidente da Associa\u00e7\u00e3o da Rede Ecossocialista, ge\u00f3grafo e professor universit\u00e1rio aposentado.<\/p>\n\n\n\n<p>A modera\u00e7\u00e3o estar\u00e1 a cargo de&nbsp;<strong>Guadalupe Portelinha<\/strong>, vice-presidente da AJA.<\/p>\n\n\n\n<p>Esta sess\u00e3o pretende promover uma&nbsp;<strong>reflex\u00e3o partilhada com o p\u00fablico&nbsp;<\/strong>sobre a crise internacional atual e o crescimento de for\u00e7as de extrema-direita em diferentes regi\u00f5es do mundo.<\/p>\n\n\n\n<p><\/p>\n\n\n\n<figure class=\"wp-block-image aligncenter size-full is-resized\"><img decoding=\"async\" loading=\"lazy\" width=\"595\" height=\"835\" src=\"https:\/\/nsf.pt\/wp-content\/uploads\/2026\/03\/cartaz.jpg\" alt=\"\" class=\"wp-image-16346\" style=\"aspect-ratio:0.7125748502994012;width:378px;height:auto\" srcset=\"https:\/\/nsf.pt\/wp-content\/uploads\/2026\/03\/cartaz.jpg 595w, https:\/\/nsf.pt\/wp-content\/uploads\/2026\/03\/cartaz-214x300.jpg 214w\" sizes=\"(max-width: 595px) 100vw, 595px\" \/><\/figure>\n","protected":false},"excerpt":{"rendered":"<p>AGENDA &#8211; 19 de mar\u00e7o&nbsp;(quinta-feira) \u00e0s&nbsp;18h30, AJA Lisboa A Associa\u00e7\u00e3o Jos\u00e9 Afonso e a Rede&#8230;<\/p>\n","protected":false},"author":2,"featured_media":16349,"comment_status":"open","ping_status":"open","sticky":true,"template":"","format":"standard","meta":{"sfsi_plus_gutenberg_text_before_share":"","sfsi_plus_gutenberg_show_text_before_share":"","sfsi_plus_gutenberg_icon_type":"","sfsi_plus_gutenberg_icon_alignemt":"","sfsi_plus_gutenburg_max_per_row":"","ngg_post_thumbnail":0,"footnotes":""},"categories":[207,747],"tags":[104],"featured_image_urls":{"full":["https:\/\/nsf.pt\/wp-content\/uploads\/2026\/03\/crise.jpg",996,573,false],"thumbnail":["https:\/\/nsf.pt\/wp-content\/uploads\/2026\/03\/crise-150x150.jpg",150,150,true],"medium":["https:\/\/nsf.pt\/wp-content\/uploads\/2026\/03\/crise-300x173.jpg",300,173,true],"medium_large":["https:\/\/nsf.pt\/wp-content\/uploads\/2026\/03\/crise-768x442.jpg",640,368,true],"large":["https:\/\/nsf.pt\/wp-content\/uploads\/2026\/03\/crise.jpg",640,368,false],"1536x1536":["https:\/\/nsf.pt\/wp-content\/uploads\/2026\/03\/crise.jpg",996,573,false],"2048x2048":["https:\/\/nsf.pt\/wp-content\/uploads\/2026\/03\/crise.jpg",996,573,false],"covernews-slider-full":["https:\/\/nsf.pt\/wp-content\/uploads\/2026\/03\/crise.jpg",996,573,false],"covernews-slider-center":["https:\/\/nsf.pt\/wp-content\/uploads\/2026\/03\/crise-800x500.jpg",800,500,true],"covernews-featured":["https:\/\/nsf.pt\/wp-content\/uploads\/2026\/03\/crise.jpg",996,573,false],"covernews-medium":["https:\/\/nsf.pt\/wp-content\/uploads\/2026\/03\/crise-540x340.jpg",540,340,true],"covernews-medium-square":["https:\/\/nsf.pt\/wp-content\/uploads\/2026\/03\/crise-400x250.jpg",400,250,true]},"author_info":{"info":["Carlos Ribeiro"]},"category_info":"<a href=\"https:\/\/nsf.pt\/index.php\/category\/agenda-2\/\" rel=\"category tag\">AGENDA<\/a> <a href=\"https:\/\/nsf.pt\/index.php\/category\/debates\/\" rel=\"category tag\">DEBATES<\/a>","tag_info":"DEBATES","comment_count":"0","_links":{"self":[{"href":"https:\/\/nsf.pt\/index.php\/wp-json\/wp\/v2\/posts\/16345"}],"collection":[{"href":"https:\/\/nsf.pt\/index.php\/wp-json\/wp\/v2\/posts"}],"about":[{"href":"https:\/\/nsf.pt\/index.php\/wp-json\/wp\/v2\/types\/post"}],"author":[{"embeddable":true,"href":"https:\/\/nsf.pt\/index.php\/wp-json\/wp\/v2\/users\/2"}],"replies":[{"embeddable":true,"href":"https:\/\/nsf.pt\/index.php\/wp-json\/wp\/v2\/comments?post=16345"}],"version-history":[{"count":3,"href":"https:\/\/nsf.pt\/index.php\/wp-json\/wp\/v2\/posts\/16345\/revisions"}],"predecessor-version":[{"id":16351,"href":"https:\/\/nsf.pt\/index.php\/wp-json\/wp\/v2\/posts\/16345\/revisions\/16351"}],"wp:featuredmedia":[{"embeddable":true,"href":"https:\/\/nsf.pt\/index.php\/wp-json\/wp\/v2\/media\/16349"}],"wp:attachment":[{"href":"https:\/\/nsf.pt\/index.php\/wp-json\/wp\/v2\/media?parent=16345"}],"wp:term":[{"taxonomy":"category","embeddable":true,"href":"https:\/\/nsf.pt\/index.php\/wp-json\/wp\/v2\/categories?post=16345"},{"taxonomy":"post_tag","embeddable":true,"href":"https:\/\/nsf.pt\/index.php\/wp-json\/wp\/v2\/tags?post=16345"}],"curies":[{"name":"wp","href":"https:\/\/api.w.org\/{rel}","templated":true}]}}