{"id":16361,"date":"2026-03-10T12:32:48","date_gmt":"2026-03-10T12:32:48","guid":{"rendered":"https:\/\/nsf.pt\/?p=16361"},"modified":"2026-03-10T22:03:09","modified_gmt":"2026-03-10T22:03:09","slug":"oficina-de-marionetas","status":"publish","type":"post","link":"https:\/\/nsf.pt\/index.php\/2026\/03\/10\/oficina-de-marionetas\/","title":{"rendered":"Oficina de marionetas"},"content":{"rendered":"\n<p>AGENDA &#8211; Dia 15 de mar\u00e7o, das 10h \u00e0s 17h30 na LEIRA <\/p>\n\n\n\n<p>Nesta oficina interdisciplinar, o foco recai sobre a ativa\u00e7\u00e3o de marionetas selecionadas, onde a manipula\u00e7\u00e3o ganha vida atrav\u00e9s da m\u00fasica, do canto e da cria\u00e7\u00e3o de paisagens sonoras personalizadas.<\/p>\n\n\n\n<p>Nesta experi\u00eancia multigeracional, a marioneta deixa de ser um objeto est\u00e1tico para se tornar um meio de express\u00e3o vivo e pulsante. O desafio n\u00e3o \u00e9 construir a mat\u00e9ria, mas sim descobrir a sua voz: que som habita neste ser? Atrav\u00e9s de grupos de trabalho, os participantes s\u00e3o convidados a desenvolver a identidade sonora de cada personagem, decidindo as suas caracter\u00edsticas e ambientes atrav\u00e9s de um laborat\u00f3rio instrumental aberto.<\/p>\n\n\n\n<p>Sob a media\u00e7\u00e3o musical, os grupos ter\u00e3o \u00e0 disposi\u00e7\u00e3o instrumentos como o piano, a guitarra, o adufe e outros objetos sonoros \u2014 sendo tamb\u00e9m encorajados a trazer os seus pr\u00f3prios instrumentos. Entre o uso de loopstations para criar camadas atmosf\u00e9ricas e a composi\u00e7\u00e3o de can\u00e7\u00f5es originais, cada apresenta\u00e7\u00e3o torna-se \u00fanica. \u00c9 um convite a dar corpo ao imagin\u00e1rio e voz ao inanimado, celebrando o encontro entre o int\u00e9rprete e o m\u00fasico que habita em cada um de n\u00f3s.<\/p>\n\n\n\n<p>Dia 15 de mar\u00e7o, das 10h \u00e0s 17h30 na LEIRA (Lugar de Experimenta\u00e7\u00e3o, Investiga\u00e7\u00e3o e Rela\u00e7\u00e3o Art\u00edstica)<\/p>\n\n\n\n<p>Inscri\u00e7\u00f5es para info@abolha.pt<\/p>\n\n\n\n<p><\/p>\n\n\n\n<figure class=\"wp-block-image aligncenter size-full\"><img decoding=\"async\" loading=\"lazy\" width=\"450\" height=\"556\" src=\"https:\/\/nsf.pt\/wp-content\/uploads\/2026\/03\/LEIRA.jpg\" alt=\"\" class=\"wp-image-16362\" srcset=\"https:\/\/nsf.pt\/wp-content\/uploads\/2026\/03\/LEIRA.jpg 450w, https:\/\/nsf.pt\/wp-content\/uploads\/2026\/03\/LEIRA-243x300.jpg 243w\" sizes=\"(max-width: 450px) 100vw, 450px\" \/><\/figure>\n","protected":false},"excerpt":{"rendered":"<p>AGENDA &#8211; Dia 15 de mar\u00e7o, das 10h \u00e0s 17h30 na LEIRA Nesta oficina interdisciplinar,&#8230;<\/p>\n","protected":false},"author":2,"featured_media":16363,"comment_status":"open","ping_status":"open","sticky":true,"template":"","format":"standard","meta":{"sfsi_plus_gutenberg_text_before_share":"","sfsi_plus_gutenberg_show_text_before_share":"","sfsi_plus_gutenberg_icon_type":"","sfsi_plus_gutenberg_icon_alignemt":"","sfsi_plus_gutenburg_max_per_row":"","ngg_post_thumbnail":0,"footnotes":""},"categories":[451,459],"tags":[758],"featured_image_urls":{"full":["https:\/\/nsf.pt\/wp-content\/uploads\/2026\/03\/LEIRA2.jpg",451,271,false],"thumbnail":["https:\/\/nsf.pt\/wp-content\/uploads\/2026\/03\/LEIRA2-150x150.jpg",150,150,true],"medium":["https:\/\/nsf.pt\/wp-content\/uploads\/2026\/03\/LEIRA2-300x180.jpg",300,180,true],"medium_large":["https:\/\/nsf.pt\/wp-content\/uploads\/2026\/03\/LEIRA2.jpg",451,271,false],"large":["https:\/\/nsf.pt\/wp-content\/uploads\/2026\/03\/LEIRA2.jpg",451,271,false],"1536x1536":["https:\/\/nsf.pt\/wp-content\/uploads\/2026\/03\/LEIRA2.jpg",451,271,false],"2048x2048":["https:\/\/nsf.pt\/wp-content\/uploads\/2026\/03\/LEIRA2.jpg",451,271,false],"covernews-slider-full":["https:\/\/nsf.pt\/wp-content\/uploads\/2026\/03\/LEIRA2.jpg",451,271,false],"covernews-slider-center":["https:\/\/nsf.pt\/wp-content\/uploads\/2026\/03\/LEIRA2.jpg",451,271,false],"covernews-featured":["https:\/\/nsf.pt\/wp-content\/uploads\/2026\/03\/LEIRA2.jpg",451,271,false],"covernews-medium":["https:\/\/nsf.pt\/wp-content\/uploads\/2026\/03\/LEIRA2.jpg",451,271,false],"covernews-medium-square":["https:\/\/nsf.pt\/wp-content\/uploads\/2026\/03\/LEIRA2-400x250.jpg",400,250,true]},"author_info":{"info":["Carlos Ribeiro"]},"category_info":"<a href=\"https:\/\/nsf.pt\/index.php\/category\/artes-e-cultura\/\" rel=\"category tag\">ARTES E CULTURA<\/a> <a href=\"https:\/\/nsf.pt\/index.php\/category\/curtas\/\" rel=\"category tag\">CURTAS<\/a>","tag_info":"CURTAS","comment_count":"0","_links":{"self":[{"href":"https:\/\/nsf.pt\/index.php\/wp-json\/wp\/v2\/posts\/16361"}],"collection":[{"href":"https:\/\/nsf.pt\/index.php\/wp-json\/wp\/v2\/posts"}],"about":[{"href":"https:\/\/nsf.pt\/index.php\/wp-json\/wp\/v2\/types\/post"}],"author":[{"embeddable":true,"href":"https:\/\/nsf.pt\/index.php\/wp-json\/wp\/v2\/users\/2"}],"replies":[{"embeddable":true,"href":"https:\/\/nsf.pt\/index.php\/wp-json\/wp\/v2\/comments?post=16361"}],"version-history":[{"count":1,"href":"https:\/\/nsf.pt\/index.php\/wp-json\/wp\/v2\/posts\/16361\/revisions"}],"predecessor-version":[{"id":16364,"href":"https:\/\/nsf.pt\/index.php\/wp-json\/wp\/v2\/posts\/16361\/revisions\/16364"}],"wp:featuredmedia":[{"embeddable":true,"href":"https:\/\/nsf.pt\/index.php\/wp-json\/wp\/v2\/media\/16363"}],"wp:attachment":[{"href":"https:\/\/nsf.pt\/index.php\/wp-json\/wp\/v2\/media?parent=16361"}],"wp:term":[{"taxonomy":"category","embeddable":true,"href":"https:\/\/nsf.pt\/index.php\/wp-json\/wp\/v2\/categories?post=16361"},{"taxonomy":"post_tag","embeddable":true,"href":"https:\/\/nsf.pt\/index.php\/wp-json\/wp\/v2\/tags?post=16361"}],"curies":[{"name":"wp","href":"https:\/\/api.w.org\/{rel}","templated":true}]}}