{"id":16391,"date":"2026-03-11T15:27:47","date_gmt":"2026-03-11T15:27:47","guid":{"rendered":"https:\/\/nsf.pt\/?p=16391"},"modified":"2026-03-11T15:27:49","modified_gmt":"2026-03-11T15:27:49","slug":"argentina-de-milei","status":"publish","type":"post","link":"https:\/\/nsf.pt\/index.php\/2026\/03\/11\/argentina-de-milei\/","title":{"rendered":"Argentina de Milei"},"content":{"rendered":"\n<h2 class=\"wp-block-heading\">A Iniciativa Liberal em Portugal precisa de ser desmascarada<\/h2>\n\n\n\n<p><\/p>\n\n\n\n<p>A jornada de trabalho permitida na Argentina foi alargada de oito para doze horas. As empresas poder\u00e3o impor esta jornada alargada sem pagar horas extra. <\/p>\n\n\n\n<p>Poder\u00e3o ainda despedir funcion\u00e1rios com indemniza\u00e7\u00f5es reduzidas e dividir o per\u00edodo de f\u00e9rias. A nova &#8220;Lei da Moderniza\u00e7\u00e3o do Trabalho&#8221; retira tamb\u00e9m parte do poder aos sindicatos. <\/p>\n\n\n\n<p>O direito \u00e0 greve tamb\u00e9m \u00e9 restringido. Os acordos coletivos por setor est\u00e3o a ser eliminados.<\/p>\n","protected":false},"excerpt":{"rendered":"<p>A Iniciativa Liberal em Portugal precisa de ser desmascarada A jornada de trabalho permitida na&#8230;<\/p>\n","protected":false},"author":2,"featured_media":16393,"comment_status":"open","ping_status":"open","sticky":true,"template":"","format":"standard","meta":{"sfsi_plus_gutenberg_text_before_share":"","sfsi_plus_gutenberg_show_text_before_share":"","sfsi_plus_gutenberg_icon_type":"","sfsi_plus_gutenberg_icon_alignemt":"","sfsi_plus_gutenburg_max_per_row":"","ngg_post_thumbnail":0,"footnotes":""},"categories":[459],"tags":[],"featured_image_urls":{"full":["https:\/\/nsf.pt\/wp-content\/uploads\/2026\/03\/contratacao-coletiva.jpg",864,480,false],"thumbnail":["https:\/\/nsf.pt\/wp-content\/uploads\/2026\/03\/contratacao-coletiva-150x150.jpg",150,150,true],"medium":["https:\/\/nsf.pt\/wp-content\/uploads\/2026\/03\/contratacao-coletiva-300x167.jpg",300,167,true],"medium_large":["https:\/\/nsf.pt\/wp-content\/uploads\/2026\/03\/contratacao-coletiva-768x427.jpg",640,356,true],"large":["https:\/\/nsf.pt\/wp-content\/uploads\/2026\/03\/contratacao-coletiva.jpg",640,356,false],"1536x1536":["https:\/\/nsf.pt\/wp-content\/uploads\/2026\/03\/contratacao-coletiva.jpg",864,480,false],"2048x2048":["https:\/\/nsf.pt\/wp-content\/uploads\/2026\/03\/contratacao-coletiva.jpg",864,480,false],"covernews-slider-full":["https:\/\/nsf.pt\/wp-content\/uploads\/2026\/03\/contratacao-coletiva.jpg",864,480,false],"covernews-slider-center":["https:\/\/nsf.pt\/wp-content\/uploads\/2026\/03\/contratacao-coletiva-800x480.jpg",800,480,true],"covernews-featured":["https:\/\/nsf.pt\/wp-content\/uploads\/2026\/03\/contratacao-coletiva.jpg",864,480,false],"covernews-medium":["https:\/\/nsf.pt\/wp-content\/uploads\/2026\/03\/contratacao-coletiva-540x340.jpg",540,340,true],"covernews-medium-square":["https:\/\/nsf.pt\/wp-content\/uploads\/2026\/03\/contratacao-coletiva-400x250.jpg",400,250,true]},"author_info":{"info":["Carlos Ribeiro"]},"category_info":"<a href=\"https:\/\/nsf.pt\/index.php\/category\/curtas\/\" rel=\"category tag\">CURTAS<\/a>","tag_info":"CURTAS","comment_count":"0","_links":{"self":[{"href":"https:\/\/nsf.pt\/index.php\/wp-json\/wp\/v2\/posts\/16391"}],"collection":[{"href":"https:\/\/nsf.pt\/index.php\/wp-json\/wp\/v2\/posts"}],"about":[{"href":"https:\/\/nsf.pt\/index.php\/wp-json\/wp\/v2\/types\/post"}],"author":[{"embeddable":true,"href":"https:\/\/nsf.pt\/index.php\/wp-json\/wp\/v2\/users\/2"}],"replies":[{"embeddable":true,"href":"https:\/\/nsf.pt\/index.php\/wp-json\/wp\/v2\/comments?post=16391"}],"version-history":[{"count":1,"href":"https:\/\/nsf.pt\/index.php\/wp-json\/wp\/v2\/posts\/16391\/revisions"}],"predecessor-version":[{"id":16394,"href":"https:\/\/nsf.pt\/index.php\/wp-json\/wp\/v2\/posts\/16391\/revisions\/16394"}],"wp:featuredmedia":[{"embeddable":true,"href":"https:\/\/nsf.pt\/index.php\/wp-json\/wp\/v2\/media\/16393"}],"wp:attachment":[{"href":"https:\/\/nsf.pt\/index.php\/wp-json\/wp\/v2\/media?parent=16391"}],"wp:term":[{"taxonomy":"category","embeddable":true,"href":"https:\/\/nsf.pt\/index.php\/wp-json\/wp\/v2\/categories?post=16391"},{"taxonomy":"post_tag","embeddable":true,"href":"https:\/\/nsf.pt\/index.php\/wp-json\/wp\/v2\/tags?post=16391"}],"curies":[{"name":"wp","href":"https:\/\/api.w.org\/{rel}","templated":true}]}}