{"id":16401,"date":"2026-03-12T11:33:43","date_gmt":"2026-03-12T11:33:43","guid":{"rendered":"https:\/\/nsf.pt\/?p=16401"},"modified":"2026-03-12T11:33:45","modified_gmt":"2026-03-12T11:33:45","slug":"transparencia-opaca-na-gestao-do-sns","status":"publish","type":"post","link":"https:\/\/nsf.pt\/index.php\/2026\/03\/12\/transparencia-opaca-na-gestao-do-sns\/","title":{"rendered":"Transpar\u00eancia opaca na gest\u00e3o do SNS"},"content":{"rendered":"\n<h2 class=\"wp-block-heading\">Jos\u00e9 Rafael Nascimento denuncia a oculta\u00e7\u00e3o de informa\u00e7\u00e3o relevante para os cidad\u00e3os<\/h2>\n\n\n\n<p><\/p>\n\n\n\n<figure class=\"wp-block-image size-full is-resized\"><img decoding=\"async\" loading=\"lazy\" width=\"532\" height=\"496\" src=\"https:\/\/nsf.pt\/wp-content\/uploads\/2026\/02\/Jose-Rafael-Nascimento.jpg\" alt=\"\" class=\"wp-image-16098\" style=\"aspect-ratio:1.0725806451612903;width:123px;height:auto\" srcset=\"https:\/\/nsf.pt\/wp-content\/uploads\/2026\/02\/Jose-Rafael-Nascimento.jpg 532w, https:\/\/nsf.pt\/wp-content\/uploads\/2026\/02\/Jose-Rafael-Nascimento-300x280.jpg 300w\" sizes=\"(max-width: 532px) 100vw, 532px\" \/><\/figure>\n\n\n\n<h3 class=\"wp-block-heading\">Jos\u00e9 Rafael Nascimento<\/h3>\n\n\n\n<h3 class=\"wp-block-heading\">Retrocesso e opacidade intoler\u00e1veis<\/h3>\n\n\n\n<p>Com a esperan\u00e7a de que este post chegue ao conhecimento dos altos dirigentes do nosso pa\u00eds, partilho com os meus concidad\u00e3os esta triste realidade que configura mais uma tentativa de oculta\u00e7\u00e3o de informa\u00e7\u00e3o relevante para os cidad\u00e3os.<\/p>\n\n\n\n<p>Como sabem, tenho partilhado e analisado aqui mensalmente a realidade dos Cuidados de Sa\u00fade Prim\u00e1rios, designadamente da cobertura de M\u00e9dicos de Fam\u00edlia, em Abrantes e no M\u00e9dio Tejo. Ora, a informa\u00e7\u00e3o concelhia foi agora retirada do dom\u00ednio p\u00fablico.<\/p>\n\n\n\n<p>Pedi esclarecimentos \u00e0 entidade competente do SNS\/Minist\u00e9rio da Sa\u00fade e esta foi a resposta que recebi, depois de insistir. Este retrocesso e falta de transpar\u00eancia s\u00e3o absolutamente inaceit\u00e1veis. Que pa\u00eds estamos a (des)construir? O que temem os governantes?<\/p>\n\n\n\n<p><\/p>\n\n\n\n<figure class=\"wp-block-gallery has-nested-images columns-default is-cropped wp-block-gallery-1 is-layout-flex wp-block-gallery-is-layout-flex\">\n<figure class=\"wp-block-image size-large\"><img decoding=\"async\" loading=\"lazy\" width=\"1024\" height=\"475\" data-id=\"16403\" src=\"https:\/\/nsf.pt\/wp-content\/uploads\/2026\/03\/opaca-1024x475.jpg\" alt=\"\" class=\"wp-image-16403\" srcset=\"https:\/\/nsf.pt\/wp-content\/uploads\/2026\/03\/opaca-1024x475.jpg 1024w, https:\/\/nsf.pt\/wp-content\/uploads\/2026\/03\/opaca-300x139.jpg 300w, https:\/\/nsf.pt\/wp-content\/uploads\/2026\/03\/opaca-768x357.jpg 768w, https:\/\/nsf.pt\/wp-content\/uploads\/2026\/03\/opaca.jpg 1217w\" sizes=\"(max-width: 1024px) 100vw, 1024px\" \/><\/figure>\n<\/figure>\n\n\n\n<p><\/p>\n\n\n\n<p><\/p>\n","protected":false},"excerpt":{"rendered":"<p>Jos\u00e9 Rafael Nascimento denuncia a oculta\u00e7\u00e3o de informa\u00e7\u00e3o relevante para os cidad\u00e3os Jos\u00e9 Rafael Nascimento&#8230;<\/p>\n","protected":false},"author":2,"featured_media":16404,"comment_status":"open","ping_status":"open","sticky":true,"template":"","format":"standard","meta":{"sfsi_plus_gutenberg_text_before_share":"","sfsi_plus_gutenberg_show_text_before_share":"","sfsi_plus_gutenberg_icon_type":"","sfsi_plus_gutenberg_icon_alignemt":"","sfsi_plus_gutenburg_max_per_row":"","ngg_post_thumbnail":0,"footnotes":""},"categories":[489,238,712],"tags":[748],"featured_image_urls":{"full":["https:\/\/nsf.pt\/wp-content\/uploads\/2026\/03\/sns.jpg",562,346,false],"thumbnail":["https:\/\/nsf.pt\/wp-content\/uploads\/2026\/03\/sns-150x150.jpg",150,150,true],"medium":["https:\/\/nsf.pt\/wp-content\/uploads\/2026\/03\/sns-300x185.jpg",300,185,true],"medium_large":["https:\/\/nsf.pt\/wp-content\/uploads\/2026\/03\/sns.jpg",562,346,false],"large":["https:\/\/nsf.pt\/wp-content\/uploads\/2026\/03\/sns.jpg",562,346,false],"1536x1536":["https:\/\/nsf.pt\/wp-content\/uploads\/2026\/03\/sns.jpg",562,346,false],"2048x2048":["https:\/\/nsf.pt\/wp-content\/uploads\/2026\/03\/sns.jpg",562,346,false],"covernews-slider-full":["https:\/\/nsf.pt\/wp-content\/uploads\/2026\/03\/sns.jpg",562,346,false],"covernews-slider-center":["https:\/\/nsf.pt\/wp-content\/uploads\/2026\/03\/sns.jpg",562,346,false],"covernews-featured":["https:\/\/nsf.pt\/wp-content\/uploads\/2026\/03\/sns.jpg",562,346,false],"covernews-medium":["https:\/\/nsf.pt\/wp-content\/uploads\/2026\/03\/sns-540x340.jpg",540,340,true],"covernews-medium-square":["https:\/\/nsf.pt\/wp-content\/uploads\/2026\/03\/sns-400x250.jpg",400,250,true]},"author_info":{"info":["Carlos Ribeiro"]},"category_info":"<a href=\"https:\/\/nsf.pt\/index.php\/category\/agir\/\" rel=\"category tag\">AGIR<\/a> <a href=\"https:\/\/nsf.pt\/index.php\/category\/destaque\/\" rel=\"category tag\">DESTAQUE<\/a> <a href=\"https:\/\/nsf.pt\/index.php\/category\/saude\/\" rel=\"category tag\">SA\u00daDE<\/a>","tag_info":"SA\u00daDE","comment_count":"0","_links":{"self":[{"href":"https:\/\/nsf.pt\/index.php\/wp-json\/wp\/v2\/posts\/16401"}],"collection":[{"href":"https:\/\/nsf.pt\/index.php\/wp-json\/wp\/v2\/posts"}],"about":[{"href":"https:\/\/nsf.pt\/index.php\/wp-json\/wp\/v2\/types\/post"}],"author":[{"embeddable":true,"href":"https:\/\/nsf.pt\/index.php\/wp-json\/wp\/v2\/users\/2"}],"replies":[{"embeddable":true,"href":"https:\/\/nsf.pt\/index.php\/wp-json\/wp\/v2\/comments?post=16401"}],"version-history":[{"count":1,"href":"https:\/\/nsf.pt\/index.php\/wp-json\/wp\/v2\/posts\/16401\/revisions"}],"predecessor-version":[{"id":16405,"href":"https:\/\/nsf.pt\/index.php\/wp-json\/wp\/v2\/posts\/16401\/revisions\/16405"}],"wp:featuredmedia":[{"embeddable":true,"href":"https:\/\/nsf.pt\/index.php\/wp-json\/wp\/v2\/media\/16404"}],"wp:attachment":[{"href":"https:\/\/nsf.pt\/index.php\/wp-json\/wp\/v2\/media?parent=16401"}],"wp:term":[{"taxonomy":"category","embeddable":true,"href":"https:\/\/nsf.pt\/index.php\/wp-json\/wp\/v2\/categories?post=16401"},{"taxonomy":"post_tag","embeddable":true,"href":"https:\/\/nsf.pt\/index.php\/wp-json\/wp\/v2\/tags?post=16401"}],"curies":[{"name":"wp","href":"https:\/\/api.w.org\/{rel}","templated":true}]}}