{"id":16406,"date":"2026-03-14T15:41:53","date_gmt":"2026-03-14T15:41:53","guid":{"rendered":"https:\/\/nsf.pt\/?p=16406"},"modified":"2026-03-14T15:42:21","modified_gmt":"2026-03-14T15:42:21","slug":"as-eleicoes-municipais-em-franca","status":"publish","type":"post","link":"https:\/\/nsf.pt\/index.php\/2026\/03\/14\/as-eleicoes-municipais-em-franca\/","title":{"rendered":"As elei\u00e7\u00f5es municipais em Fran\u00e7a"},"content":{"rendered":"\n<h2 class=\"wp-block-heading\">A esquerda e o dilema das elei\u00e7\u00f5es municipais de 2026: entre alian\u00e7as pragm\u00e1ticas e a luta pela lideran\u00e7a<\/h2>\n\n\n\n<p><\/p>\n\n\n\n<p><strong>Chlo\u00e9 Alexandre<\/strong>\u00a0, Eddy Vautrin-Dumaine | traduzido da Funda\u00e7\u00e3o Jean Jaur\u00e9s &#8211; Original em franc\u00eas <a href=\"https:\/\/www.jean-jaures.org\/publication\/les-gauches-et-le-dilemme-des-municipales-2026-entre-alliances-pragmatiques-et-lutte-pour-le-leadership\/\">AQUI<\/a><\/p>\n\n\n\n<p>Foto \u00a9 Remi Gruber<\/p>\n\n\n\n<p><strong>A proximidade das elei\u00e7\u00f5es municipais de 2026 com as elei\u00e7\u00f5es presidenciais de 2027 faz delas um importante teste estrat\u00e9gico para a esquerda. De fato, pela primeira vez, os tr\u00eas principais blocos que a comp\u00f5em est\u00e3o se confrontando simultaneamente em n\u00edvel local, desafiando a capacidade da esquerda de funcionar como um sistema pol\u00edtico, e n\u00e3o como uma mera cole\u00e7\u00e3o de agendas partid\u00e1rias. Essa competi\u00e7\u00e3o levar\u00e1 a uma hierarquia mais clara ou confirmar\u00e1 a fragmenta\u00e7\u00e3o duradoura de um campo que, possivelmente, j\u00e1 n\u00e3o possui recursos para lidar com suas divis\u00f5es? Essa \u00e9 a quest\u00e3o levantada por este terceiro artigo de uma s\u00e9rie sobre a import\u00e2ncia das elei\u00e7\u00f5es municipais por fam\u00edlia pol\u00edtica (ap\u00f3s artigos sobre os\u00a0Verdes\u00a0e a\u00a0Reuni\u00e3o Nacional\u00a0).<\/strong><\/p>\n\n\n\n<p><\/p>\n\n\n\n<p>As elei\u00e7\u00f5es municipais de 2026 configuram-se como um importante teste estrat\u00e9gico para a esquerda. Elas ocorrem num momento em que a linha divis\u00f3ria entre as quest\u00f5es locais e a din\u00e2mica nacional se torna cada vez mais t\u00eanue, sobretudo devido \u00e0 sua proximidade com as elei\u00e7\u00f5es presidenciais de 2027. Portanto, esta elei\u00e7\u00e3o n\u00e3o se limita a avaliar a gest\u00e3o municipal: funciona como um indicador precoce do equil\u00edbrio interno de poder dentro da esquerda e oferece um ponto de vista privilegiado para analisar o realinhamento de sua din\u00e2mica de poder.<\/p>\n\n\n\n<p>Para o Partido Socialista (PS), enfraquecido em n\u00edvel nacional, mas ainda firmemente enraizado localmente, o principal desafio \u00e9 preservar seu capital territorial, que se tornou essencial para sua sobreviv\u00eancia pol\u00edtica. As alian\u00e7as forjadas com os Verdes (frequentemente no primeiro turno) s\u00e3o impulsionadas principalmente por uma estrat\u00e9gia de prote\u00e7\u00e3o: garantir as prefeituras que ocupam, limitar o risco de uma guinada \u00e0 direita e evitar a fragmenta\u00e7\u00e3o excessiva do eleitorado de esquerda. Essa estrat\u00e9gia de unidade, embora aplicada de forma desigual em diferentes regi\u00f5es, coexiste com situa\u00e7\u00f5es em que o PS e os Verdes se confrontam. Esses cen\u00e1rios demonstram que as elei\u00e7\u00f5es municipais tamb\u00e9m servem como um teste para avaliar o equil\u00edbrio de poder entre os v\u00e1rios componentes da chamada esquerda governante.<\/p>\n\n\n\n<p>A entrada maci\u00e7a do La France Insoumise (LFI) nas elei\u00e7\u00f5es municipais de 2026 representa uma mudan\u00e7a radical. Concorrendo pela primeira vez com sua pr\u00f3pria bandeira, o movimento busca transformar sua base eleitoral, frequentemente urbana, em legitimidade institucional, utilizando simultaneamente a elei\u00e7\u00e3o como trampolim para a elei\u00e7\u00e3o presidencial de 2027. Caso seus resultados permitam a classifica\u00e7\u00e3o para o segundo turno, o LFI poder\u00e1 se tornar um ator-chave nas negocia\u00e7\u00f5es locais, deslocando a disputa pela lideran\u00e7a da esquerda para o \u00e2mbito municipal e pressionando a posi\u00e7\u00e3o consolidada do Partido Socialista (PS). Por outro lado, se as alian\u00e7as socioecol\u00f3gicas conseguirem conter sua ascens\u00e3o, refor\u00e7ar\u00e3o a ideia de que uma esquerda moderada permanece como refer\u00eancia para os eleitores em n\u00edvel local, reabrindo, assim, possibilidades estrat\u00e9gicas para 2027.<\/p>\n\n\n\n<p>Mesmo que ainda conservem uma dimens\u00e3o local intranspon\u00edvel, as elei\u00e7\u00f5es municipais representam para a esquerda um momento de esclarecimento estrat\u00e9gico: para al\u00e9m da conquista das cidades, podem servir para redefinir de forma duradoura o equil\u00edbrio entre as for\u00e7as de esquerda na v\u00e9spera de 2027.<\/p>\n\n\n\n<h2 class=\"wp-block-heading\" id=\"summary-les-bastionssocialistes--une-stratgie-duale-de-prservation-et-de-reconfiguration-lectorale\">Bast\u00f5es socialistas: uma estrat\u00e9gia dupla de preserva\u00e7\u00e3o e reconfigura\u00e7\u00e3o eleitoral<\/h2>\n\n\n\n<h3 class=\"wp-block-heading\">Da hemorragia socialista de 2014 \u00e0 estabiliza\u00e7\u00e3o socioecol\u00f3gica de 2020<\/h3>\n\n\n\n<p>As elei\u00e7\u00f5es municipais de 2020 marcaram a hist\u00f3ria com a ascens\u00e3o dos Verdes, que conseguiram assumir o controle de seis cidades com mais de 100 mil habitantes (Lyon, Bord\u00e9us, Estrasburgo, Tours, Besan\u00e7on e Annecy). Mas essa elei\u00e7\u00e3o tamb\u00e9m representou um momento significativo para o Partido Socialista. Os expressivos resultados deram ao partido um impulso muito necess\u00e1rio ap\u00f3s v\u00e1rios anos de decl\u00ednio. Enfraquecido por divis\u00f5es internas e pela impopularidade acumulada durante a presid\u00eancia de Fran\u00e7ois Hollande, o partido sofreu uma s\u00e9rie de reveses eleitorais.&nbsp;<strong>Ao longo das elei\u00e7\u00f5es intermedi\u00e1rias, os socialistas, h\u00e1 muito consolidados no \u00e2mbito local, foram perdendo gradualmente muitos de seus redutos.<\/strong><\/p>\n\n\n\n<p><strong>Durante as elei\u00e7\u00f5es municipais de 2014, o Partido Socialista sofreu um verdadeiro terremoto eleitoral, perdendo quase um ter\u00e7o das prefeituras em cidades de m\u00e9dio e grande porte.<\/strong>&nbsp;Algumas dessas derrotas representaram um simples retrocesso em compara\u00e7\u00e3o com 2008, revelando a incapacidade do Partido Socialista de consolidar seus ganhos: Toulouse, Caen, Laval, Amiens, Reims, Narbonne, Angoul\u00eame, Valence, Saint-\u00c9tienne, Quimper e Vernon voltaram a ter controle pol\u00edtico diferente. Outras derrotas foram mais in\u00e9ditas e simb\u00f3licas, como as de Limoges, Angers, Tours, Pau, Tourcoing, Roubaix, Nevers e Belfort. A magnitude dessas perdas levou v\u00e1rios observadores a falar do &#8220;fim do socialismo municipal&nbsp;&nbsp;&#8221;&nbsp;<sup><a href=\"javascript:void(0)\">.<\/a><\/sup><strong>&nbsp;Em 2015, o Partido Socialista tamb\u00e9m sofreu pesadas derrotas nas elei\u00e7\u00f5es departamentais e regionais.<\/strong>&nbsp;O n\u00famero de presid\u00eancias departamentais cai de 57 para 30, e apenas cinco presid\u00eancias regionais das 13 regi\u00f5es metropolitanas s\u00e3o mantidas, enquanto que antes da reforma territorial o governo controlava quase todas as 22 regi\u00f5es.<strong><\/strong><\/p>\n\n\n\n<p><strong>Essa sequ\u00eancia crucial alimentou a crise do partido, enfraquecendo simultaneamente sua rede de autoridades e ativistas locais, seu status como partido governista, sua credibilidade nacional e sua hegemonia entre os partidos de esquerda.<\/strong>\u00a0No entanto, esse foi apenas o in\u00edcio de uma verdadeira reestrutura\u00e7\u00e3o do sistema partid\u00e1rio, que eclodiu durante a elei\u00e7\u00e3o presidencial de 2017: Beno\u00eet Hamon obteve apenas 6,4% dos votos (22 pontos percentuais a menos que Fran\u00e7ois Hollande cinco anos antes), enquanto o eleitorado socialista se desintegrou, ora atra\u00eddo para a esquerda por Jean-Luc M\u00e9lenchon, ora para a direita por Emmanuel Macron . As\u00a0subsequentes\u00a0elei\u00e7\u00f5es europeias de 2019, cujo sistema eleitoral permitiu maior liberdade de voto estrat\u00e9gico, tamb\u00e9m demonstraram a crescente volatilidade dos eleitores de esquerda, antes leais ao Partido Socialista, que agora tamb\u00e9m podiam se voltar para os\u00a0Verdes.<sup><a href=\"javascript:void(0)\"><\/a><\/sup><\/p>\n\n\n\n<p><strong>Durante as elei\u00e7\u00f5es municipais de 2020, os sucessos do Partido Socialista em diversas cidades importantes atenuaram a narrativa de seu decl\u00ednio, pelo menos em n\u00edvel local, mesmo que a lideran\u00e7a agora tivesse que ser compartilhada com os Verdes.<\/strong>&nbsp;Com algumas exce\u00e7\u00f5es,&nbsp;<strong>o&nbsp;<\/strong><strong>Partido Socialista parou de perder novas cidades para a direita e at\u00e9 conseguiu (re)conquistar algumas<\/strong>&nbsp;, como Chamb\u00e9ry, Quimper, Laval, Saint-Brieuc, Nancy e Bourges. Mais importante ainda, manteve Paris e seus principais redutos \u2014 Montpellier, Rennes, Lille, Nantes, Dijon, Clermont-Ferrand, Le Mans, Rouen, Villeurbanne e Brest \u2014 muitas vezes gra\u00e7as ao apoio de outras for\u00e7as de esquerda.&nbsp;<strong>O Partido Socialista tamb\u00e9m desempenhou um papel decisivo nas vit\u00f3rias mais divulgadas dos Verdes<\/strong>&nbsp;, seja pela fus\u00e3o de suas listas no segundo turno, como em Lyon, seja pela participa\u00e7\u00e3o em alian\u00e7as de esquerda formadas no primeiro turno, como em Marselha, Bord\u00e9us, Tours, Annecy e Besan\u00e7on.<\/p>\n\n\n\n<p><strong>Em \u00faltima an\u00e1lise, um partido de esquerda, agora frequentemente com duas lideran\u00e7as a n\u00edvel local, governou quase metade das cidades com mais de 100.000 habitantes e um ter\u00e7o daquelas com mais de 30.000 habitantes desde 2020.<\/strong>&nbsp;Esta s\u00f3lida presen\u00e7a local permite ao Partido Socialista manter um espa\u00e7o de influ\u00eancia, mesmo enquanto continua a lutar para se reconstruir noutras \u00e1reas. As elei\u00e7\u00f5es regionais e departamentais de 2021 ilustram esta din\u00e2mica: marcam uma esp\u00e9cie de manuten\u00e7\u00e3o do&nbsp;<em>status quo , mais uma elei\u00e7\u00e3o de preserva\u00e7\u00e3o do que um momento de conquista. Acima de tudo, a elei\u00e7\u00e3o presidencial de 2022, na qual o Partido Socialista obteve apenas 1,8% dos votos, confirma a profunda desconex\u00e3o entre&nbsp;<\/em><sup><a href=\"javascript:void(0)\">as<\/a><\/sup>&nbsp;disputas locais e nacionais, tornando ainda mais vital para o partido manter-se enraizado nas comunidades locais&nbsp;.<\/p>\n\n\n\n<p><strong>Assim, as elei\u00e7\u00f5es municipais de 2026 representam um passo decisivo: apresentam desafios espec\u00edficos para os Verdes, mas tamb\u00e9m para os Socialistas, que devem continuar a proteger as suas ra\u00edzes locais, ao mesmo tempo que afirmam a sua identidade dentro da esquerda.<\/strong>\u00a0Para o Partido Socialista, esta consolida\u00e7\u00e3o territorial \u00e9 ainda mais essencial, uma vez que poder\u00e1 determinar a sua capacidade de recuperar um lugar no cen\u00e1rio nacional.<\/p>\n\n\n\n<h3 class=\"wp-block-heading\">Em 2026, uma esquerda em grande parte unida, mas repleta de \u00e1reas de atrito, prova que a pol\u00edtica partid\u00e1ria n\u00e3o desapareceu.<\/h3>\n\n\n\n<p>Nas principais cidades conquistadas pela esquerda em 2020, apenas algumas listas foram conjuntas desde o primeiro turno, e quase exclusivamente quando os candidatos da Europe Ecology-Os Verdes (agora Os Ecologistas) buscavam destituir um prefeito de direita em exerc\u00edcio. Em 2026, a din\u00e2mica \u00e9 bem diferente:&nbsp;<strong>na maioria das grandes cidades j\u00e1 governadas pela esquerda, as listas apresentadas demonstram um claro desejo de uni\u00e3o sistem\u00e1tica desde o primeiro turno. Socialistas e ecologistas, cientes de sua interdepend\u00eancia eleitoral, buscam, portanto, assegurar suas posi\u00e7\u00f5es evitando a divis\u00e3o de votos.<\/strong><\/p>\n\n\n\n<ul>\n<li><strong>Para maximizar suas chances de manter &#8220;suas&#8221; cidades, socialistas e verdes buscam apresentar uma frente unida contra o bloco de centro-direita,<\/strong>&nbsp;cuja candidatura conjunta poderia desencadear mudan\u00e7as significativas no poder. Nesse contexto, uma esquerda unida desde o primeiro turno est\u00e1 se tornando a norma. A f\u00f3rmula vencedora de 2020 se repete n\u00e3o apenas em cidades governadas por prefeitos verdes&nbsp;<sup><a href=\"javascript:void(0)\">,<\/a><\/sup>&nbsp;mas tamb\u00e9m na maioria dos munic\u00edpios onde o principal candidato \u00e9 socialista:&nbsp;<strong>Nancy, Brest, Nantes, Rennes, Rouen, Villeurbanne, al\u00e9m de Avignon, Quimper, Bourges, Laval, P\u00e9rigueux e Chamb\u00e9ry<\/strong>&nbsp;. Em&nbsp;<strong>Paris<\/strong>&nbsp;, acordos tamb\u00e9m foram firmados desde o primeiro turno, um desenvolvimento not\u00e1vel, visto que perder a capital seria um s\u00edmbolo particularmente prejudicial. Alguns prefeitos socialistas em exerc\u00edcio tamb\u00e9m lideram listas conjuntas j\u00e1 formadas no primeiro turno de 2020, como em&nbsp;<strong>Clermont-Ferrand<\/strong>&nbsp;ou, ainda mais, em&nbsp;<strong>Marselha<\/strong>&nbsp;. Essas listas frequentemente se baseiam em amplas alian\u00e7as, integrando, de forma mais ou menos regular dependendo dos contextos locais, o Partido Comunista Franc\u00eas (PCF), o G\u00e9n\u00e9ration.s, o Place publique, bem como, por vezes, outras pequenas forma\u00e7\u00f5es de esquerda que romperam com La France insoumise (Debout!, L&#8217;Apr\u00e8s). Essa configura\u00e7\u00e3o vari\u00e1vel sublinha a capacidade da esquerda municipal de reunir diversos parceiros quando busca assegurar seus redutos;<\/li>\n\n\n\n<li><strong>para tentar replicar sua f\u00f3rmula vencedora em cidades consideradas conquist\u00e1veis \u200b\u200bpela direita<\/strong>&nbsp;. Entre os munic\u00edpios que est\u00e3o sendo observados de perto, v\u00e1rias configura\u00e7\u00f5es est\u00e3o surgindo: em&nbsp;<strong>Toulouse, Amiens<\/strong>&nbsp;e&nbsp;<strong>Auxerre<\/strong>&nbsp;, a esquerda se une em torno de um candidato socialista; em&nbsp;<strong>Caen<\/strong>&nbsp;, \u00e9 liderada por um candidato verde; em&nbsp;<strong>N\u00eemes<\/strong>&nbsp;e&nbsp;<strong>Le Havre<\/strong>&nbsp;, o principal candidato \u00e9 do Partido Comunista Franc\u00eas (PCF); e em&nbsp;<strong>Aix-en-Provence<\/strong>&nbsp;, \u00e9 liderado por uma figura da sociedade civil. Essas candidaturas unidas visam capitalizar o impulso de 2020 para criar novas oportunidades para uma mudan\u00e7a de poder.<\/li>\n<\/ul>\n\n\n\n<p><strong>Contudo, essas alian\u00e7as entre socialistas e ambientalistas decorrem menos de uma escolha ideol\u00f3gica do que de um c\u00e1lculo estrat\u00e9gico. N\u00e3o s\u00e3o autom\u00e1ticas nem generalizadas<\/strong>&nbsp;: surgem principalmente em cidades onde o resultado das elei\u00e7\u00f5es \u00e9 incerto e onde uma divis\u00e3o dentro da esquerda representaria um risco real de derrota. Noutros locais, outras configura\u00e7\u00f5es est\u00e3o a emergir, e ser\u00e1 interessante observar esses casos para avaliar a evolu\u00e7\u00e3o do equil\u00edbrio de poder entre socialistas e ambientalistas.<\/p>\n\n\n\n<ul>\n<li><strong>Em cidades onde o prefeito em exerc\u00edcio \u00e9 de direita e que n\u00e3o est\u00e3o entre os alvos priorit\u00e1rios da esquerda, candidaturas separadas s\u00e3o mais frequentes<\/strong>&nbsp;. Socialistas e Verdes podem ent\u00e3o optar por concorrer sob suas pr\u00f3prias bandeiras, j\u00e1 que suas respectivas for\u00e7as s\u00e3o consideradas muito semelhantes para que uma se una naturalmente \u00e0 outra, como em&nbsp;<strong>Orl\u00e9ans<\/strong>&nbsp;,&nbsp;<strong>Auxerre<\/strong>&nbsp;ou&nbsp;<strong>Limoges<\/strong>&nbsp;. Em alguns munic\u00edpios \u2014&nbsp;<strong>Metz, Calais<\/strong>&nbsp;ou&nbsp;<strong>Lorient<\/strong>&nbsp;\u2014 estamos at\u00e9 mesmo testemunhando o colapso de alian\u00e7as formadas em 2020, um sinal de que a unidade nunca \u00e9 garantida e permanece dependente da din\u00e2mica de poder local.<\/li>\n\n\n\n<li><strong>Em cidades onde o risco de uma guinada \u00e0 direita \u00e9 considerado baixo, socialistas e verdes podem at\u00e9 se confrontar diretamente.<\/strong>\u00a0Por exemplo, v\u00e1rios prefeitos socialistas em\u00a0<strong>Dijon, Saint-Nazaire, Le Mans<\/strong>\u00a0e\u00a0<strong>Boulogne-sur-Mer<\/strong>\u00a0est\u00e3o concorrendo novamente sem buscar o apoio dos verdes. Em\u00a0<strong>Montpellier<\/strong>\u00a0, nem Micha\u00ebl Delafosse nem os verdes optaram por formar uma alian\u00e7a. Em\u00a0<strong>Lille<\/strong>\u00a0, onde a elei\u00e7\u00e3o de 2020 foi decidida por uma margem apertada e onde os verdes s\u00e3o fortes concorrentes dos socialistas, os dois partidos est\u00e3o novamente em confronto, liderados respectivamente por Arnaud Deslandes e St\u00e9phane Baly. Por outro lado, em algumas cidades governadas pelos verdes, os socialistas buscam reafirmar seu poder: \u00e9 o caso de\u00a0<strong>Poitiers<\/strong>\u00a0e, especialmente, de\u00a0<strong>Estrasburgo<\/strong>\u00a0, onde a ex-prefeita Catherine Trautmann representa uma s\u00e9ria amea\u00e7a \u00e0 reelei\u00e7\u00e3o de Jeanne Barseghian.<\/li>\n<\/ul>\n\n\n\n<p><\/p>\n","protected":false},"excerpt":{"rendered":"<p>A esquerda e o dilema das elei\u00e7\u00f5es municipais de 2026: entre alian\u00e7as pragm\u00e1ticas e a&#8230;<\/p>\n","protected":false},"author":2,"featured_media":16407,"comment_status":"open","ping_status":"open","sticky":true,"template":"","format":"standard","meta":{"sfsi_plus_gutenberg_text_before_share":"","sfsi_plus_gutenberg_show_text_before_share":"","sfsi_plus_gutenberg_icon_type":"","sfsi_plus_gutenberg_icon_alignemt":"","sfsi_plus_gutenburg_max_per_row":"","ngg_post_thumbnail":0,"footnotes":""},"categories":[238,236],"tags":[530],"featured_image_urls":{"full":["https:\/\/nsf.pt\/wp-content\/uploads\/2026\/03\/LEGER.jpg",926,540,false],"thumbnail":["https:\/\/nsf.pt\/wp-content\/uploads\/2026\/03\/LEGER-150x150.jpg",150,150,true],"medium":["https:\/\/nsf.pt\/wp-content\/uploads\/2026\/03\/LEGER-300x175.jpg",300,175,true],"medium_large":["https:\/\/nsf.pt\/wp-content\/uploads\/2026\/03\/LEGER-768x448.jpg",640,373,true],"large":["https:\/\/nsf.pt\/wp-content\/uploads\/2026\/03\/LEGER.jpg",640,373,false],"1536x1536":["https:\/\/nsf.pt\/wp-content\/uploads\/2026\/03\/LEGER.jpg",926,540,false],"2048x2048":["https:\/\/nsf.pt\/wp-content\/uploads\/2026\/03\/LEGER.jpg",926,540,false],"covernews-slider-full":["https:\/\/nsf.pt\/wp-content\/uploads\/2026\/03\/LEGER.jpg",926,540,false],"covernews-slider-center":["https:\/\/nsf.pt\/wp-content\/uploads\/2026\/03\/LEGER-800x500.jpg",800,500,true],"covernews-featured":["https:\/\/nsf.pt\/wp-content\/uploads\/2026\/03\/LEGER.jpg",926,540,false],"covernews-medium":["https:\/\/nsf.pt\/wp-content\/uploads\/2026\/03\/LEGER-540x340.jpg",540,340,true],"covernews-medium-square":["https:\/\/nsf.pt\/wp-content\/uploads\/2026\/03\/LEGER-400x250.jpg",400,250,true]},"author_info":{"info":["Carlos Ribeiro"]},"category_info":"<a href=\"https:\/\/nsf.pt\/index.php\/category\/destaque\/\" rel=\"category tag\">DESTAQUE<\/a> <a href=\"https:\/\/nsf.pt\/index.php\/category\/mundo\/\" rel=\"category tag\">MUNDO<\/a>","tag_info":"MUNDO","comment_count":"0","_links":{"self":[{"href":"https:\/\/nsf.pt\/index.php\/wp-json\/wp\/v2\/posts\/16406"}],"collection":[{"href":"https:\/\/nsf.pt\/index.php\/wp-json\/wp\/v2\/posts"}],"about":[{"href":"https:\/\/nsf.pt\/index.php\/wp-json\/wp\/v2\/types\/post"}],"author":[{"embeddable":true,"href":"https:\/\/nsf.pt\/index.php\/wp-json\/wp\/v2\/users\/2"}],"replies":[{"embeddable":true,"href":"https:\/\/nsf.pt\/index.php\/wp-json\/wp\/v2\/comments?post=16406"}],"version-history":[{"count":2,"href":"https:\/\/nsf.pt\/index.php\/wp-json\/wp\/v2\/posts\/16406\/revisions"}],"predecessor-version":[{"id":16410,"href":"https:\/\/nsf.pt\/index.php\/wp-json\/wp\/v2\/posts\/16406\/revisions\/16410"}],"wp:featuredmedia":[{"embeddable":true,"href":"https:\/\/nsf.pt\/index.php\/wp-json\/wp\/v2\/media\/16407"}],"wp:attachment":[{"href":"https:\/\/nsf.pt\/index.php\/wp-json\/wp\/v2\/media?parent=16406"}],"wp:term":[{"taxonomy":"category","embeddable":true,"href":"https:\/\/nsf.pt\/index.php\/wp-json\/wp\/v2\/categories?post=16406"},{"taxonomy":"post_tag","embeddable":true,"href":"https:\/\/nsf.pt\/index.php\/wp-json\/wp\/v2\/tags?post=16406"}],"curies":[{"name":"wp","href":"https:\/\/api.w.org\/{rel}","templated":true}]}}