{"id":16420,"date":"2026-03-15T17:02:15","date_gmt":"2026-03-15T17:02:15","guid":{"rendered":"https:\/\/nsf.pt\/?p=16420"},"modified":"2026-03-15T17:02:17","modified_gmt":"2026-03-15T17:02:17","slug":"carta-aberta-sobre-a-futuralia","status":"publish","type":"post","link":"https:\/\/nsf.pt\/index.php\/2026\/03\/15\/carta-aberta-sobre-a-futuralia\/","title":{"rendered":"Carta Aberta sobre a Futur\u00e1lia"},"content":{"rendered":"\n<h2 class=\"wp-block-heading\">Contra a normaliza\u00e7\u00e3o do discurso racista e xen\u00f3fobo <\/h2>\n\n\n\n<p>Enquanto acad\u00e9micas e acad\u00e9micos, manifestamos profunda preocupa\u00e7\u00e3o com as mensagens apresentadas no stand da juventude partid\u00e1ria do partido Chega na Futur\u00e1lia, um evento dedicado \u00e0 educa\u00e7\u00e3o e orienta\u00e7\u00e3o de jovens estudantes. Os materiais a\u00ed expostos recorrem a estrat\u00e9gias de desinforma\u00e7\u00e3o que associam a migra\u00e7\u00e3o a amea\u00e7a e inseguran\u00e7a, alimentando p\u00e2nicos morais e narrativas securit\u00e1rias que simplificam problemas sociais complexos que t\u00eam, na realidade, origens estruturais muito mais amplas.<\/p>\n\n\n\n<p>A Futur\u00e1lia \u00e9 uma feira de educa\u00e7\u00e3o e forma\u00e7\u00e3o dirigida a milhares de jovens que procuram informa\u00e7\u00e3o sobre o seu futuro acad\u00e9mico e profissional. A presen\u00e7a de um stand partid\u00e1rio que mobiliza narrativas racistas e xen\u00f3fobas n\u00e3o pode, por isso, ser tratada como uma mera express\u00e3o de pluralismo pol\u00edtico. A legitima\u00e7\u00e3o institucional de tais discursos num evento educativo transmite uma mensagem profundamente preocupante: a de que a estigmatiza\u00e7\u00e3o de pessoas migrantes pode coexistir sem contesta\u00e7\u00e3o num espa\u00e7o dedicado ao conhecimento, \u00e0 aprendizagem e \u00e0 constru\u00e7\u00e3o de futuros.<\/p>\n\n\n\n<p>Enquanto acad\u00e9micas e acad\u00e9micos comprometidos com os princ\u00edpios fundamentais que regem a universidade &#8211; o rigor cient\u00edfico, o pensamento cr\u00edtico, o respeito pela dignidade humana e a promo\u00e7\u00e3o de sociedades democr\u00e1ticas inclusivas &#8211; consideramos que a presen\u00e7a de discursos racistas e xen\u00f3fobos num evento desta natureza \u00e9 incompat\u00edvel com os valores que devem orientar os espa\u00e7os educativos. Por esta raz\u00e3o, consideramos que a organiza\u00e7\u00e3o da Futur\u00e1lia deve assumir uma posi\u00e7\u00e3o clara e inequ\u00edvoca quanto a esta situa\u00e7\u00e3o.<\/p>\n\n\n\n<p>Eventos dirigidos \u00e0 educa\u00e7\u00e3o e \u00e0 forma\u00e7\u00e3o de jovens n\u00e3o podem servir de plataforma para a dissemina\u00e7\u00e3o de discursos que estigmatizam grupos sociais com base na sua origem ou condi\u00e7\u00e3o migrat\u00f3ria. A educa\u00e7\u00e3o deve permanecer um espa\u00e7o de conhecimento, inclus\u00e3o e respeito pela diversidade e n\u00e3o deve ser instrumentalizada para a normaliza\u00e7\u00e3o do racismo, da xenofobia ou da desumaniza\u00e7\u00e3o de grupos sociais.<\/p>\n\n\n\n<p>In\u00eas Amaral, Professora da Universidade de Coimbra<\/p>\n\n\n\n<p>Pedro Jer\u00f3nimo, Investigador da Universidade da Beira Inteiror<\/p>\n\n\n\n<p>Rosa Monteiro, Professora da Universidade de Coimbra<\/p>\n\n\n\n<p>Lig\u00eda Ferro, Professora da Universidade do Porto<\/p>\n\n\n\n<p>Pedro Abrantes, Professor da Universidade Aberta<\/p>\n\n\n\n<p>Marisa Torres da Silva, Professora da Universidade Nova de Lisboa<\/p>\n\n\n\n<p>S\u00edlvia Portugal, Professora da Universidade de Coimbra<\/p>\n\n\n\n<p>Carla Cerqueira, Professora da Universidade Lus\u00f3fona<\/p>\n\n\n\n<p>Teresa Carvalho, Professora da Universidade de Aveiro<\/p>\n\n\n\n<p>Manuel Abrantes, Professor do ISCTE<\/p>\n\n\n\n<p>Bruno Carri\u00e7o Reis, Professor da Universidade Aut\u00f3noma de Lisboa<\/p>\n\n\n\n<p>J\u00falia Garraio, Investigadora do Centro de Estudos Sociais da Universidade de Coimbra<\/p>\n\n\n\n<p>Andr\u00e9ia Barbas, Professora da Universidade de Coimbra<\/p>\n\n\n\n<p>Amit Singh, Investigador do Centro de Estudos Sociais da Universidade de Coimbra<\/p>\n\n\n\n<p>Isabel Macedo, Professora da Universidade do Minho<\/p>\n\n\n\n<p>Filipa Subtil, Professora do Instituto Polit\u00e9cnico de Lisboa<\/p>\n\n\n\n<p>Cristiano Gianolla, Investigador do Centro de Estudos Sociais da Universidade de Coimbra<\/p>\n\n\n\n<p>Maria Jos\u00e9 Brites, Professora da Universidade Lus\u00f3fona<\/p>\n\n\n\n<p>Gisela Gon\u00e7alves, Professora da Universidade da Beira Interior<\/p>\n\n\n\n<p>Sofia Jos\u00e9 Santos, Professora da Universidade de Coimbra<\/p>\n\n\n\n<p>Ana Marta M. Flores, Professora da Universidade Nova de Lisboa<\/p>\n\n\n\n<p>Paula Rodrigues, Professora do Instituto Polit\u00e9cnico de Viseu<\/p>\n\n\n\n<p>Lidia Mar\u00f4po, Professora do Instituto Polit\u00e9cnico de Set\u00fabal<\/p>\n\n\n\n<p>Giovanni Ramos, Professor do Instituto Polit\u00e9cnico de Coimbra<\/p>\n\n\n\n<p>Cl\u00e1udia Cavadas, Professora da Universidade de Coimbra<\/p>\n\n\n\n<p>Gil Baptista Ferreira, Professor do Instituto Polit\u00e9cnico de Coimbra<\/p>\n\n\n\n<p>Cristina Gomes da Silva, Professora do Instituto Polit\u00e9cnico de Set\u00fabal<\/p>\n\n\n\n<p>Aldina Sofia Silva, Professora do Instituto Europeu de Estudos Superiores<\/p>\n\n\n\n<p>Ricardo Morais, Professor da Universidade do Porto<\/p>\n\n\n\n<p>Tatiana Moura, Investigadora do Centro de Estudos Sociais da Universidade de Coimbra<\/p>\n","protected":false},"excerpt":{"rendered":"<p>Contra a normaliza\u00e7\u00e3o do discurso racista e xen\u00f3fobo Enquanto acad\u00e9micas e acad\u00e9micos, manifestamos profunda preocupa\u00e7\u00e3o&#8230;<\/p>\n","protected":false},"author":2,"featured_media":16421,"comment_status":"open","ping_status":"open","sticky":true,"template":"","format":"standard","meta":{"sfsi_plus_gutenberg_text_before_share":"","sfsi_plus_gutenberg_show_text_before_share":"","sfsi_plus_gutenberg_icon_type":"","sfsi_plus_gutenberg_icon_alignemt":"","sfsi_plus_gutenburg_max_per_row":"","ngg_post_thumbnail":0,"footnotes":""},"categories":[238,520],"tags":[],"featured_image_urls":{"full":["https:\/\/nsf.pt\/wp-content\/uploads\/2026\/03\/chega-futur.jpg",651,398,false],"thumbnail":["https:\/\/nsf.pt\/wp-content\/uploads\/2026\/03\/chega-futur-150x150.jpg",150,150,true],"medium":["https:\/\/nsf.pt\/wp-content\/uploads\/2026\/03\/chega-futur-300x183.jpg",300,183,true],"medium_large":["https:\/\/nsf.pt\/wp-content\/uploads\/2026\/03\/chega-futur.jpg",640,391,false],"large":["https:\/\/nsf.pt\/wp-content\/uploads\/2026\/03\/chega-futur.jpg",640,391,false],"1536x1536":["https:\/\/nsf.pt\/wp-content\/uploads\/2026\/03\/chega-futur.jpg",651,398,false],"2048x2048":["https:\/\/nsf.pt\/wp-content\/uploads\/2026\/03\/chega-futur.jpg",651,398,false],"covernews-slider-full":["https:\/\/nsf.pt\/wp-content\/uploads\/2026\/03\/chega-futur.jpg",651,398,false],"covernews-slider-center":["https:\/\/nsf.pt\/wp-content\/uploads\/2026\/03\/chega-futur.jpg",651,398,false],"covernews-featured":["https:\/\/nsf.pt\/wp-content\/uploads\/2026\/03\/chega-futur.jpg",651,398,false],"covernews-medium":["https:\/\/nsf.pt\/wp-content\/uploads\/2026\/03\/chega-futur-540x340.jpg",540,340,true],"covernews-medium-square":["https:\/\/nsf.pt\/wp-content\/uploads\/2026\/03\/chega-futur-400x250.jpg",400,250,true]},"author_info":{"info":["Carlos Ribeiro"]},"category_info":"<a href=\"https:\/\/nsf.pt\/index.php\/category\/destaque\/\" rel=\"category tag\">DESTAQUE<\/a> <a href=\"https:\/\/nsf.pt\/index.php\/category\/educacao\/\" rel=\"category tag\">EDUCA\u00c7\u00c3O<\/a>","tag_info":"EDUCA\u00c7\u00c3O","comment_count":"0","_links":{"self":[{"href":"https:\/\/nsf.pt\/index.php\/wp-json\/wp\/v2\/posts\/16420"}],"collection":[{"href":"https:\/\/nsf.pt\/index.php\/wp-json\/wp\/v2\/posts"}],"about":[{"href":"https:\/\/nsf.pt\/index.php\/wp-json\/wp\/v2\/types\/post"}],"author":[{"embeddable":true,"href":"https:\/\/nsf.pt\/index.php\/wp-json\/wp\/v2\/users\/2"}],"replies":[{"embeddable":true,"href":"https:\/\/nsf.pt\/index.php\/wp-json\/wp\/v2\/comments?post=16420"}],"version-history":[{"count":1,"href":"https:\/\/nsf.pt\/index.php\/wp-json\/wp\/v2\/posts\/16420\/revisions"}],"predecessor-version":[{"id":16422,"href":"https:\/\/nsf.pt\/index.php\/wp-json\/wp\/v2\/posts\/16420\/revisions\/16422"}],"wp:featuredmedia":[{"embeddable":true,"href":"https:\/\/nsf.pt\/index.php\/wp-json\/wp\/v2\/media\/16421"}],"wp:attachment":[{"href":"https:\/\/nsf.pt\/index.php\/wp-json\/wp\/v2\/media?parent=16420"}],"wp:term":[{"taxonomy":"category","embeddable":true,"href":"https:\/\/nsf.pt\/index.php\/wp-json\/wp\/v2\/categories?post=16420"},{"taxonomy":"post_tag","embeddable":true,"href":"https:\/\/nsf.pt\/index.php\/wp-json\/wp\/v2\/tags?post=16420"}],"curies":[{"name":"wp","href":"https:\/\/api.w.org\/{rel}","templated":true}]}}