{"id":16430,"date":"2026-03-16T09:59:01","date_gmt":"2026-03-16T09:59:01","guid":{"rendered":"https:\/\/nsf.pt\/?p=16430"},"modified":"2026-03-16T09:59:02","modified_gmt":"2026-03-16T09:59:02","slug":"a-esquerda-resiste-mas-a-extrema-direita-avanca","status":"publish","type":"post","link":"https:\/\/nsf.pt\/index.php\/2026\/03\/16\/a-esquerda-resiste-mas-a-extrema-direita-avanca\/","title":{"rendered":"A esquerda resiste, mas a extrema-direita avan\u00e7a"},"content":{"rendered":"\n<h2 class=\"wp-block-heading\">J\u00e1 est\u00e3o a decorrer as negocia\u00e7\u00f5es para a segunda volta<\/h2>\n\n\n\n<p>Os vencedores da jornada do 15 de mar\u00e7o, que n\u00e3o obtiveram maioria absoluta, poder\u00e3o agora ser derrotados na segunda volta em consequ\u00eancia das coliga\u00e7\u00f5es e fus\u00f5es que podem ocorrer entre as listas que atingiram o patamar dos 10% de votos conquistados no primeiro embate,<\/p>\n\n\n\n<p>O sistema eleitoral em Fran\u00e7a apresenta uma complexidade que n\u00e3o deve ser desprezada. Desde logo a regra da maioria absoluta na primeira volta para conquistar as C\u00e2maras Municipais e a possibilidade das listas que n\u00e3o s\u00e3o exclu\u00eddas numa segunda [s\u00e3o afastadas as que obt\u00eam menos de 10% dos votos] poderem fundir-se entre si e tentarem uma bipolariza\u00e7\u00e3o entre dois campos opostos, dando assim a oportunidade a vencidos numa primeira fase surgirem como vencedores numa segunda. O que \u00e9 certo \u00e9 que em muitas situa\u00e7\u00f5es a segunda ser\u00e1 disputada por mais que dois protagonistas criando incertezas adicionais sobre os desfechos de muitas vota\u00e7\u00f5es. <\/p>\n\n\n\n<p>Da primeira jornada, ontem ocorrida, verifica-se que a extrema-direita ampliou a sua influ\u00eancia no territ\u00f3rio nacional. N\u00e3o tanto quanto esperava ou desejava. Mas cresceu fora das suas \u00e1reas territoriais tradicionais.<\/p>\n\n\n\n<p>\u00c0 esquerda, os socialistas que surgem como a for\u00e7a mais representativa deste campo, jogaram na eventual dificuldade da LFI &#8211; France Insoumise de M\u00e9lanchon em ultrapassar o patamar dos 10% e consequentemente agregarem, sem ter que fazer acordos, os votos da maioria da esquerda. Foram c\u00e1lculos que sa\u00edram furados e j\u00e1 est\u00e3o a acontecer acordos entre os dois partidos para impedir vit\u00f3rias da direita e da extrema-direita.<\/p>\n\n\n\n<p>Em Paris, Emanuel Gr\u00e9goire do PS, que era o vice-presidente da C\u00e2mara de Paris dirigida por Hidalgo, terminou em 1\u00ba lugar na primeira volta ultrapassando a candidata da direita, muito pr\u00f3xima da extrema-direita, Rachida Dati. Tamb\u00e9m na capital as negocia\u00e7\u00f5es para a segunda volta, que decorrem at\u00e9 ter\u00e7a-feira \u00e0s 18h00, v\u00e3o ser complicadas. O objetivo ser\u00e1 manter Paris \u00e0 esquerda como tem acontecido nas \u00faltimas duas d\u00e9cadas.<\/p>\n\n\n\n<p><\/p>\n\n\n\n<p><\/p>\n\n\n\n<h2 class=\"wp-block-heading\">RESUMO LIB\u00c9RATION<\/h2>\n\n\n\n<p><\/p>\n\n\n\n<h4 class=\"wp-block-heading\">Apr\u00e8s le&nbsp;premier&nbsp;tour, divisions d\u2019ensemble<\/h4>\n\n\n\n<p>Au-del\u00e0 de l\u2019avance de la gauche dans les grandes villes, le scrutin de dimanche a&nbsp;\u00e9t\u00e9 marqu\u00e9 par une&nbsp;abstention record, une pouss\u00e9e de LFI et un enracinement du RN. Mais aussi par un \u00e9clatement&#8230;<\/p>\n\n\n\n<h4 class=\"wp-block-heading\">A Paris, Rachida Dati \u00e0 la tra\u00eene derri\u00e8re Emmanuel Gr\u00e9goire<\/h4>\n\n\n\n<p>Dans la capitale, le socialiste et&nbsp;la&nbsp;maire LR du VIIe&nbsp;arrondissement m\u00e8nent largement la course, devant Sophia Chikirou et Pierre-Yves Bournazel, \u00e9galement qualifi\u00e9s. Dans la soir\u00e9e, l\u2019incertitude&#8230;<\/p>\n\n\n\n<h4 class=\"wp-block-heading\">A Marseille, Beno\u00eet Payan en t\u00eate, le RN en trouble-f\u00eate<\/h4>\n\n\n\n<p>La liste du maire sortant est arriv\u00e9e a priori devant, suivi de&nbsp;pr\u00e8s par le RN. LFI et la candidate de la droite et du&nbsp;centre compl\u00e8tent une possible quadrangulaire. Un premier soulagement. Beno\u00eet&#8230;<\/p>\n\n\n\n<h4 class=\"wp-block-heading\">A Roubaix, LFI bien parti pour r\u00e9ussir son pari<\/h4>\n\n\n\n<p>La ville du Nord, \u00e0 droite depuis&nbsp;2014, est en passe de revenir \u00e0 gauche. Le candidat LFI, David Guiraud, s\u2019est plac\u00e9 en t\u00eate avec 46 %, devant la droite et l\u2019union de gauche. A Roubaix (Nord), David&#8230;<\/p>\n\n\n\n<h4 class=\"wp-block-heading\">Talonn\u00e9e&nbsp;par LR, Rolland en danger \u00e0&nbsp;Nantes<\/h4>\n\n\n\n<p>Avec 35 % des voix, la maire PS sortante devance de peu le candidat LR (33 %). Une triangulaire avec LFI pourrait \u00eatre \u00e0 risque dans la ville socialiste depuis trente-six ans. ANantes, la liste de la&#8230;<\/p>\n\n\n\n<h4 class=\"wp-block-heading\">A Lille, la surprise insoumise, au coude-\u00e0-coude avec le PS<\/h4>\n\n\n\n<p>Dans la ville du Nord, Arnaud Deslandes (26 %) devance l\u2019insoumise Lahouaria Addouche (23 %), alors&nbsp;que se profile une&nbsp;quinquangulaire avec&nbsp;les Ecologistes, Renaissance et le&nbsp;RN. A Lille, la&#8230;<\/p>\n\n\n\n<h4 class=\"wp-block-heading\">A Montpellier, Delafosse en premi\u00e8re place sans suspense<\/h4>\n\n\n\n<p>Le maire socialiste est arriv\u00e9 largement en t\u00eate du premier tour dans la&nbsp;ville h\u00e9raultaise, dimanche, avec 32,8 % des voix. Dans la m\u00e9tropole h\u00e9raultaise, o\u00f9 la gauche avance plus que jamais en ordre&#8230;<\/p>\n\n\n\n<h4 class=\"wp-block-heading\">Jean-Michel Aulas et Gr\u00e9gory Doucet font jeu \u00e9gal \u00e0 Lyon<\/h4>\n\n\n\n<p>Favori pendant une bonne partie de la campagne, l\u2019ex-pr\u00e9sident de l\u2019Olympique lyonnais, embourb\u00e9 dans une&nbsp;s\u00e9rie de sorties m\u00e9diatiques, est \u00e0 touche-touche avec l\u2019\u00e9cologiste dans la&nbsp;capitale des&#8230;<\/p>\n\n\n\n<h4 class=\"wp-block-heading\">A Poitiers, un scrutin \u00e9clat\u00e9, les \u00e9colos favoris\u00e9s<\/h4>\n\n\n\n<p>Six&nbsp;candidats pourraient se&nbsp;qualifier au&nbsp;second tour. L\u2019avantage est pour la maire sortante verte, L\u00e9onore Moncond\u2019huy. Dans le chef-lieu de la&nbsp;Vienne, l\u2019\u00e9clatement spectaculaire des familles&#8230;<\/p>\n\n\n\n<h4 class=\"wp-block-heading\">A Strasbourg, Trautmann, le&nbsp;retour<\/h4>\n\n\n\n<p>Trente-sept ans apr\u00e8s son premier mandat de maire, la&nbsp;candidate PS a r\u00e9colt\u00e9 plus de&nbsp;26 % des voix et affrontera dimanche la sortante \u00e9colo, Jeanne Barseghian, et&nbsp;le candidat LR. C\u2019est sans surprise&#8230;<\/p>\n\n\n\n<h4 class=\"wp-block-heading\">A Bordeaux, le vert Hurmic reprend des couleurs<\/h4>\n\n\n\n<p>Six&nbsp;ans apr\u00e8s sa conqu\u00eate surprise de la mairie, l\u2019\u00e9colo tient la corde face au macroniste Thomas Cazenave, lui-m\u00eame concurrenc\u00e9 par une&nbsp;liste d\u2019inspiration lib\u00e9rale. L\u2019exp\u00e9rience verte peut-elle se&#8230;<\/p>\n\n\n\n<h4 class=\"wp-block-heading\">A Rennes, la socialiste sortante App\u00e9r\u00e9 sous la&nbsp;pression de Horizons<\/h4>\n\n\n\n<p>Avec 34,1 %, la maire PS, alli\u00e9e aux verts d\u00e8s le&nbsp;premier tour arrive nettement en t\u00eate, mais a&nbsp;peu de r\u00e9serves de voix face au candidat de droite. A Rennes (Ille-et-Vilaine), la maire PS sortante&#8230;<\/p>\n\n\n\n<h4 class=\"wp-block-heading\">A Nice, Eric Ciotti distance son meilleur ennemi Christian&nbsp;Estrosi<\/h4>\n\n\n\n<p>Apr\u00e8s une campagne impitoyable, le candidat UDR soutenu par le RN prend une longueur d\u2019avance au premier tour du scrutin, avec plus de 40 % des suffrages. Son rival obtient environ 30 % des&nbsp;voix&#8230;.<\/p>\n\n\n\n<h4 class=\"wp-block-heading\">A N\u00eemes, vers une&nbsp;quadrangulaire sans crier Gard<\/h4>\n\n\n\n<p>L\u2019union des gauches (hors LFI) et le RN sortent largement en t\u00eate du premier tour, obtenant chacun 30 % des voix. Un camouflet pour la droite, m\u00eame si LR et Renaissance sont aussi qualifi\u00e9s. Mauvais&#8230;<\/p>\n\n\n\n<h4 class=\"wp-block-heading\">A Toulon, Laure Lavalette profite d\u2019une droite en rade<\/h4>\n\n\n\n<p>Dans la ville du Var, le&nbsp;Rassemblement national arrive devant les listes de droite avec pr\u00e8s de 40 %. L\u2019issue du second tour d\u00e9pendra de la&nbsp;capacit\u00e9 de ses adversaires \u00e0 s\u2019entendre. Sans surprise, la&#8230;<\/p>\n\n\n\n<h4 class=\"wp-block-heading\">A Perpignan, Louis&nbsp;Aliot conserve le&nbsp;saint fief du&nbsp;RN<\/h4>\n\n\n\n<p>Le vice-pr\u00e9sident du&nbsp;Rassemblement national est \u00e9lu d\u00e8s&nbsp;le&nbsp;premier tour avec&nbsp;50,4 % des voix,&nbsp;am\u00e9liorant largement son score de&nbsp;2020. Maire sortant de Perpignan, la plus grande ville pour l\u2019instant&#8230;<\/p>\n\n\n\n<h4 class=\"wp-block-heading\">Au Havre, Edouard&nbsp;Philippe tient&nbsp;bon la barre<\/h4>\n\n\n\n<p>Le maire sortant arrive largement en t\u00eate du premier tour avec plus de 43 % . Il&nbsp;se&nbsp;retrouvera dans une&nbsp;triangulaire face au communiste Jean-Paul Lecoq, candidat de&nbsp;la&nbsp;gauche hors LFI, et&nbsp;Franck&#8230;<\/p>\n\n\n\n<h4 class=\"wp-block-heading\">Bayrou toujours debout, le RN tourne autour de&nbsp;Pau<\/h4>\n\n\n\n<p>A l\u2019heure de notre bouclage, selon des r\u00e9sultats partiels, l\u2019ex-Premier ministre arrivait en t\u00eate. Surprise : la liste du RN semblait devoir se qualifier pour&nbsp;le&nbsp;second tour. Fran\u00e7ois Bayrou vire en&#8230;<\/p>\n\n\n\n<h4 class=\"wp-block-heading\">Toulouse : face \u00e0 LFI et au PS, Moudenc en t\u00eate mais en stress<\/h4>\n\n\n\n<p>Conform\u00e9ment aux pronostics, le maire sortant soutenu par LR et&nbsp;Renaissance se hisse en&nbsp;premi\u00e8re position. Mais rien n\u2019est gagn\u00e9 face&nbsp;aux listes socialiste et&nbsp;insoumise. Un sortant en t\u00eate mais deux&#8230;<\/p>\n\n\n\n<h4 class=\"wp-block-heading\">Tourcoing : la droite loin&nbsp;devant, la&nbsp;gauche loin du compte<\/h4>\n\n\n\n<p>La maire sortante Doriane B\u00e9cue, qui&nbsp;a&nbsp;remplac\u00e9 G\u00e9rald&nbsp;Darmanin pass\u00e9 au&nbsp;gouvernement, semble en bonne passe de conserver son fief. Elle \u00e9tait partie favorite, et \u00e0 raison. Doriane B\u00e9cue (divers.<\/p>\n\n\n\n<p><\/p>\n\n\n\n<p>Foto: capa do Lib\u00e9<\/p>\n\n\n\n<p><\/p>\n\n\n\n<figure class=\"wp-block-image aligncenter size-full\"><img decoding=\"async\" loading=\"lazy\" width=\"474\" height=\"587\" src=\"https:\/\/nsf.pt\/wp-content\/uploads\/2026\/03\/libe2.jpg\" alt=\"\" class=\"wp-image-16432\" srcset=\"https:\/\/nsf.pt\/wp-content\/uploads\/2026\/03\/libe2.jpg 474w, https:\/\/nsf.pt\/wp-content\/uploads\/2026\/03\/libe2-242x300.jpg 242w\" sizes=\"(max-width: 474px) 100vw, 474px\" \/><\/figure>\n","protected":false},"excerpt":{"rendered":"<p>J\u00e1 est\u00e3o a decorrer as negocia\u00e7\u00f5es para a segunda volta Os vencedores da jornada do&#8230;<\/p>\n","protected":false},"author":2,"featured_media":16431,"comment_status":"open","ping_status":"open","sticky":true,"template":"","format":"standard","meta":{"sfsi_plus_gutenberg_text_before_share":"","sfsi_plus_gutenberg_show_text_before_share":"","sfsi_plus_gutenberg_icon_type":"","sfsi_plus_gutenberg_icon_alignemt":"","sfsi_plus_gutenburg_max_per_row":"","ngg_post_thumbnail":0,"footnotes":""},"categories":[238,236,467],"tags":[530],"featured_image_urls":{"full":["https:\/\/nsf.pt\/wp-content\/uploads\/2026\/03\/libe3.jpg",426,270,false],"thumbnail":["https:\/\/nsf.pt\/wp-content\/uploads\/2026\/03\/libe3-150x150.jpg",150,150,true],"medium":["https:\/\/nsf.pt\/wp-content\/uploads\/2026\/03\/libe3-300x190.jpg",300,190,true],"medium_large":["https:\/\/nsf.pt\/wp-content\/uploads\/2026\/03\/libe3.jpg",426,270,false],"large":["https:\/\/nsf.pt\/wp-content\/uploads\/2026\/03\/libe3.jpg",426,270,false],"1536x1536":["https:\/\/nsf.pt\/wp-content\/uploads\/2026\/03\/libe3.jpg",426,270,false],"2048x2048":["https:\/\/nsf.pt\/wp-content\/uploads\/2026\/03\/libe3.jpg",426,270,false],"covernews-slider-full":["https:\/\/nsf.pt\/wp-content\/uploads\/2026\/03\/libe3.jpg",426,270,false],"covernews-slider-center":["https:\/\/nsf.pt\/wp-content\/uploads\/2026\/03\/libe3.jpg",426,270,false],"covernews-featured":["https:\/\/nsf.pt\/wp-content\/uploads\/2026\/03\/libe3.jpg",426,270,false],"covernews-medium":["https:\/\/nsf.pt\/wp-content\/uploads\/2026\/03\/libe3.jpg",426,270,false],"covernews-medium-square":["https:\/\/nsf.pt\/wp-content\/uploads\/2026\/03\/libe3-400x250.jpg",400,250,true]},"author_info":{"info":["Carlos Ribeiro"]},"category_info":"<a href=\"https:\/\/nsf.pt\/index.php\/category\/destaque\/\" rel=\"category tag\">DESTAQUE<\/a> <a href=\"https:\/\/nsf.pt\/index.php\/category\/mundo\/\" rel=\"category tag\">MUNDO<\/a> <a href=\"https:\/\/nsf.pt\/index.php\/category\/na-hora\/\" rel=\"category tag\">NA HORA<\/a>","tag_info":"NA HORA","comment_count":"0","_links":{"self":[{"href":"https:\/\/nsf.pt\/index.php\/wp-json\/wp\/v2\/posts\/16430"}],"collection":[{"href":"https:\/\/nsf.pt\/index.php\/wp-json\/wp\/v2\/posts"}],"about":[{"href":"https:\/\/nsf.pt\/index.php\/wp-json\/wp\/v2\/types\/post"}],"author":[{"embeddable":true,"href":"https:\/\/nsf.pt\/index.php\/wp-json\/wp\/v2\/users\/2"}],"replies":[{"embeddable":true,"href":"https:\/\/nsf.pt\/index.php\/wp-json\/wp\/v2\/comments?post=16430"}],"version-history":[{"count":1,"href":"https:\/\/nsf.pt\/index.php\/wp-json\/wp\/v2\/posts\/16430\/revisions"}],"predecessor-version":[{"id":16433,"href":"https:\/\/nsf.pt\/index.php\/wp-json\/wp\/v2\/posts\/16430\/revisions\/16433"}],"wp:featuredmedia":[{"embeddable":true,"href":"https:\/\/nsf.pt\/index.php\/wp-json\/wp\/v2\/media\/16431"}],"wp:attachment":[{"href":"https:\/\/nsf.pt\/index.php\/wp-json\/wp\/v2\/media?parent=16430"}],"wp:term":[{"taxonomy":"category","embeddable":true,"href":"https:\/\/nsf.pt\/index.php\/wp-json\/wp\/v2\/categories?post=16430"},{"taxonomy":"post_tag","embeddable":true,"href":"https:\/\/nsf.pt\/index.php\/wp-json\/wp\/v2\/tags?post=16430"}],"curies":[{"name":"wp","href":"https:\/\/api.w.org\/{rel}","templated":true}]}}