{"id":16474,"date":"2026-03-18T21:10:08","date_gmt":"2026-03-18T21:10:08","guid":{"rendered":"https:\/\/nsf.pt\/?p=16474"},"modified":"2026-03-18T21:10:09","modified_gmt":"2026-03-18T21:10:09","slug":"depois-das-presidenciais-um-novo-ciclo","status":"publish","type":"post","link":"https:\/\/nsf.pt\/index.php\/2026\/03\/18\/depois-das-presidenciais-um-novo-ciclo\/","title":{"rendered":"Depois das Presidenciais um novo ciclo"},"content":{"rendered":"\n<h2 class=\"wp-block-heading\">AGENDA &#8211; 26 de mar\u00e7o, 18h, livraria Almedina-Lisboa<\/h2>\n\n\n\n<p><\/p>\n\n\n\n<p>Dia 26 de mar\u00e7o, convidamo-lo a vir ter connosco \u00e0 Livraria Almedina para o debate &#8220;Depois das Presidenciais um novo ciclo?&#8221;.<br>Vamos falar sobre o momento pol\u00edtico atual e sobre as expetativas ap\u00f3s este ciclo eleitoral conclu\u00eddo, com as elei\u00e7\u00f5es presidenciais. S\u00e3o convidados\u00a0<strong>Daniel Oliveira<\/strong>, jornalista e comentador pol\u00edtico;\u00a0<strong>Mariana Vieira da Silva<\/strong>, ex-ministra e deputada; e\u00a0<strong>Marisa Matias<\/strong>, soci\u00f3loga e ex-eurodeputada.<br>A sess\u00e3o decorre na\u00a0<strong>Livraria Almedina do Saldanha\u00a0<\/strong>na 5\u00aa feira, dia\u00a0<strong>26 de mar\u00e7o, das 18h \u00e0s 20 horas<\/strong>. A entrada \u00e9 livre.<\/p>\n","protected":false},"excerpt":{"rendered":"<p>AGENDA &#8211; 26 de mar\u00e7o, 18h, livraria Almedina-Lisboa Dia 26 de mar\u00e7o, convidamo-lo a vir&#8230;<\/p>\n","protected":false},"author":2,"featured_media":16475,"comment_status":"open","ping_status":"open","sticky":true,"template":"","format":"standard","meta":{"sfsi_plus_gutenberg_text_before_share":"","sfsi_plus_gutenberg_show_text_before_share":"","sfsi_plus_gutenberg_icon_type":"","sfsi_plus_gutenberg_icon_alignemt":"","sfsi_plus_gutenburg_max_per_row":"","ngg_post_thumbnail":0,"footnotes":""},"categories":[207,459],"tags":[513],"featured_image_urls":{"full":["https:\/\/nsf.pt\/wp-content\/uploads\/2026\/03\/sintia-astarina.jpg",958,528,false],"thumbnail":["https:\/\/nsf.pt\/wp-content\/uploads\/2026\/03\/sintia-astarina-150x150.jpg",150,150,true],"medium":["https:\/\/nsf.pt\/wp-content\/uploads\/2026\/03\/sintia-astarina-300x165.jpg",300,165,true],"medium_large":["https:\/\/nsf.pt\/wp-content\/uploads\/2026\/03\/sintia-astarina-768x423.jpg",640,353,true],"large":["https:\/\/nsf.pt\/wp-content\/uploads\/2026\/03\/sintia-astarina.jpg",640,353,false],"1536x1536":["https:\/\/nsf.pt\/wp-content\/uploads\/2026\/03\/sintia-astarina.jpg",958,528,false],"2048x2048":["https:\/\/nsf.pt\/wp-content\/uploads\/2026\/03\/sintia-astarina.jpg",958,528,false],"covernews-slider-full":["https:\/\/nsf.pt\/wp-content\/uploads\/2026\/03\/sintia-astarina.jpg",958,528,false],"covernews-slider-center":["https:\/\/nsf.pt\/wp-content\/uploads\/2026\/03\/sintia-astarina-800x500.jpg",800,500,true],"covernews-featured":["https:\/\/nsf.pt\/wp-content\/uploads\/2026\/03\/sintia-astarina.jpg",958,528,false],"covernews-medium":["https:\/\/nsf.pt\/wp-content\/uploads\/2026\/03\/sintia-astarina-540x340.jpg",540,340,true],"covernews-medium-square":["https:\/\/nsf.pt\/wp-content\/uploads\/2026\/03\/sintia-astarina-400x250.jpg",400,250,true]},"author_info":{"info":["Carlos Ribeiro"]},"category_info":"<a href=\"https:\/\/nsf.pt\/index.php\/category\/agenda-2\/\" rel=\"category tag\">AGENDA<\/a> <a href=\"https:\/\/nsf.pt\/index.php\/category\/curtas\/\" rel=\"category tag\">CURTAS<\/a>","tag_info":"CURTAS","comment_count":"0","_links":{"self":[{"href":"https:\/\/nsf.pt\/index.php\/wp-json\/wp\/v2\/posts\/16474"}],"collection":[{"href":"https:\/\/nsf.pt\/index.php\/wp-json\/wp\/v2\/posts"}],"about":[{"href":"https:\/\/nsf.pt\/index.php\/wp-json\/wp\/v2\/types\/post"}],"author":[{"embeddable":true,"href":"https:\/\/nsf.pt\/index.php\/wp-json\/wp\/v2\/users\/2"}],"replies":[{"embeddable":true,"href":"https:\/\/nsf.pt\/index.php\/wp-json\/wp\/v2\/comments?post=16474"}],"version-history":[{"count":1,"href":"https:\/\/nsf.pt\/index.php\/wp-json\/wp\/v2\/posts\/16474\/revisions"}],"predecessor-version":[{"id":16476,"href":"https:\/\/nsf.pt\/index.php\/wp-json\/wp\/v2\/posts\/16474\/revisions\/16476"}],"wp:featuredmedia":[{"embeddable":true,"href":"https:\/\/nsf.pt\/index.php\/wp-json\/wp\/v2\/media\/16475"}],"wp:attachment":[{"href":"https:\/\/nsf.pt\/index.php\/wp-json\/wp\/v2\/media?parent=16474"}],"wp:term":[{"taxonomy":"category","embeddable":true,"href":"https:\/\/nsf.pt\/index.php\/wp-json\/wp\/v2\/categories?post=16474"},{"taxonomy":"post_tag","embeddable":true,"href":"https:\/\/nsf.pt\/index.php\/wp-json\/wp\/v2\/tags?post=16474"}],"curies":[{"name":"wp","href":"https:\/\/api.w.org\/{rel}","templated":true}]}}