{"id":16504,"date":"2026-03-23T18:05:37","date_gmt":"2026-03-23T18:05:37","guid":{"rendered":"https:\/\/nsf.pt\/?p=16504"},"modified":"2026-03-23T18:07:18","modified_gmt":"2026-03-23T18:07:18","slug":"o-movimento-estudantil-na-resistencia-antes-do-25-de-abril","status":"publish","type":"post","link":"https:\/\/nsf.pt\/index.php\/2026\/03\/23\/o-movimento-estudantil-na-resistencia-antes-do-25-de-abril\/","title":{"rendered":"O Movimento Estudantil na Resist\u00eancia antes do 25 de Abril"},"content":{"rendered":"\n<h2 class=\"wp-block-heading has-vivid-red-color has-text-color\">AGENDA &#8211; 24 de Mar\u00e7o, 3.\u00aa feira, \u00e0s 18h00 &#8211; UNICEPE Porto<\/h2>\n\n\n\n<p>Organiza\u00e7\u00e3o AJA &#8211; Norte<\/p>\n\n\n\n<p>Dando continuidade ao projeto que mergulha na resist\u00eancia \u00e0 ditadura (&#8220;<strong><em>Abril, no caminho dos 50 anos<\/em><\/strong>&#8220;), o N\u00facleo do Norte da Associa\u00e7\u00e3o Jos\u00e9 Afonso convida todas e todos para uma sess\u00e3o fundamental:&nbsp;<strong>&#8220;O Movimento Estudantil na Resist\u00eancia antes do 25 de Abril&#8221;<\/strong>.&nbsp;Num dia de enorme carga simb\u00f3lica, o&nbsp;<strong>Dia Nacional do Estudante,&nbsp;<\/strong>vamos abordar as lutas e os processos acad\u00e9micos que desafiaram o regime.&nbsp;Contaremos com os testemunhos e a an\u00e1lise de&nbsp;<strong>Alberto Martins<\/strong>&nbsp;e&nbsp;<strong>Gualberto Freitas<\/strong>.&nbsp;Uma iniciativa em parceria com a&nbsp;<strong>UNICEPE<\/strong>, onde a hist\u00f3ria e a mem\u00f3ria se encontram.UNICEPE (Pra\u00e7a Carlos Alberto 128-A, 4050-159. Porto)&nbsp; ||&nbsp;<\/p>\n\n\n\n<figure class=\"wp-block-image size-large\"><img decoding=\"async\" loading=\"lazy\" width=\"809\" height=\"1024\" src=\"https:\/\/nsf.pt\/wp-content\/uploads\/2026\/03\/aja-porto-809x1024.jpg\" alt=\"\" class=\"wp-image-16505\" srcset=\"https:\/\/nsf.pt\/wp-content\/uploads\/2026\/03\/aja-porto-809x1024.jpg 809w, https:\/\/nsf.pt\/wp-content\/uploads\/2026\/03\/aja-porto-237x300.jpg 237w, https:\/\/nsf.pt\/wp-content\/uploads\/2026\/03\/aja-porto-768x972.jpg 768w, https:\/\/nsf.pt\/wp-content\/uploads\/2026\/03\/aja-porto.jpg 844w\" sizes=\"(max-width: 809px) 100vw, 809px\" \/><\/figure>\n","protected":false},"excerpt":{"rendered":"<p>AGENDA &#8211; 24 de Mar\u00e7o, 3.\u00aa feira, \u00e0s 18h00 &#8211; UNICEPE Porto Organiza\u00e7\u00e3o AJA &#8211;&#8230;<\/p>\n","protected":false},"author":2,"featured_media":16506,"comment_status":"open","ping_status":"open","sticky":true,"template":"","format":"standard","meta":{"sfsi_plus_gutenberg_text_before_share":"","sfsi_plus_gutenberg_show_text_before_share":"","sfsi_plus_gutenberg_icon_type":"","sfsi_plus_gutenberg_icon_alignemt":"","sfsi_plus_gutenburg_max_per_row":"","ngg_post_thumbnail":0,"footnotes":""},"categories":[334,207,459],"tags":[480],"featured_image_urls":{"full":["https:\/\/nsf.pt\/wp-content\/uploads\/2026\/03\/aja-n2.jpg",1288,784,false],"thumbnail":["https:\/\/nsf.pt\/wp-content\/uploads\/2026\/03\/aja-n2-150x150.jpg",150,150,true],"medium":["https:\/\/nsf.pt\/wp-content\/uploads\/2026\/03\/aja-n2-300x183.jpg",300,183,true],"medium_large":["https:\/\/nsf.pt\/wp-content\/uploads\/2026\/03\/aja-n2-768x467.jpg",640,389,true],"large":["https:\/\/nsf.pt\/wp-content\/uploads\/2026\/03\/aja-n2-1024x623.jpg",640,389,true],"1536x1536":["https:\/\/nsf.pt\/wp-content\/uploads\/2026\/03\/aja-n2.jpg",1288,784,false],"2048x2048":["https:\/\/nsf.pt\/wp-content\/uploads\/2026\/03\/aja-n2.jpg",1288,784,false],"covernews-slider-full":["https:\/\/nsf.pt\/wp-content\/uploads\/2026\/03\/aja-n2-1115x715.jpg",1115,715,true],"covernews-slider-center":["https:\/\/nsf.pt\/wp-content\/uploads\/2026\/03\/aja-n2-800x500.jpg",800,500,true],"covernews-featured":["https:\/\/nsf.pt\/wp-content\/uploads\/2026\/03\/aja-n2-1024x623.jpg",1024,623,true],"covernews-medium":["https:\/\/nsf.pt\/wp-content\/uploads\/2026\/03\/aja-n2-540x340.jpg",540,340,true],"covernews-medium-square":["https:\/\/nsf.pt\/wp-content\/uploads\/2026\/03\/aja-n2-400x250.jpg",400,250,true]},"author_info":{"info":["Carlos Ribeiro"]},"category_info":"<a href=\"https:\/\/nsf.pt\/index.php\/category\/abril-vivo\/\" rel=\"category tag\">ABRIL VIVO!<\/a> <a href=\"https:\/\/nsf.pt\/index.php\/category\/agenda-2\/\" rel=\"category tag\">AGENDA<\/a> <a href=\"https:\/\/nsf.pt\/index.php\/category\/curtas\/\" rel=\"category tag\">CURTAS<\/a>","tag_info":"CURTAS","comment_count":"0","_links":{"self":[{"href":"https:\/\/nsf.pt\/index.php\/wp-json\/wp\/v2\/posts\/16504"}],"collection":[{"href":"https:\/\/nsf.pt\/index.php\/wp-json\/wp\/v2\/posts"}],"about":[{"href":"https:\/\/nsf.pt\/index.php\/wp-json\/wp\/v2\/types\/post"}],"author":[{"embeddable":true,"href":"https:\/\/nsf.pt\/index.php\/wp-json\/wp\/v2\/users\/2"}],"replies":[{"embeddable":true,"href":"https:\/\/nsf.pt\/index.php\/wp-json\/wp\/v2\/comments?post=16504"}],"version-history":[{"count":2,"href":"https:\/\/nsf.pt\/index.php\/wp-json\/wp\/v2\/posts\/16504\/revisions"}],"predecessor-version":[{"id":16508,"href":"https:\/\/nsf.pt\/index.php\/wp-json\/wp\/v2\/posts\/16504\/revisions\/16508"}],"wp:featuredmedia":[{"embeddable":true,"href":"https:\/\/nsf.pt\/index.php\/wp-json\/wp\/v2\/media\/16506"}],"wp:attachment":[{"href":"https:\/\/nsf.pt\/index.php\/wp-json\/wp\/v2\/media?parent=16504"}],"wp:term":[{"taxonomy":"category","embeddable":true,"href":"https:\/\/nsf.pt\/index.php\/wp-json\/wp\/v2\/categories?post=16504"},{"taxonomy":"post_tag","embeddable":true,"href":"https:\/\/nsf.pt\/index.php\/wp-json\/wp\/v2\/tags?post=16504"}],"curies":[{"name":"wp","href":"https:\/\/api.w.org\/{rel}","templated":true}]}}