{"id":16524,"date":"2026-04-02T07:52:32","date_gmt":"2026-04-02T07:52:32","guid":{"rendered":"https:\/\/nsf.pt\/?p=16524"},"modified":"2026-04-02T07:56:34","modified_gmt":"2026-04-02T07:56:34","slug":"tortura-e-genocidio","status":"publish","type":"post","link":"https:\/\/nsf.pt\/index.php\/2026\/04\/02\/tortura-e-genocidio\/","title":{"rendered":"Tortura e Genoc\u00eddio"},"content":{"rendered":"\n<h2 class=\"wp-block-heading\">Albanese: Tortura \u00e9 uma componente estrutural do genoc\u00eddio e do colonialismo de ocupa\u00e7\u00e3o israelita<\/h2>\n\n\n\n<p>O MPPM &#8211; Movimento pelos Direitos do Povo Palestino e pela Paz no M\u00e9dio Oriente denuncia a atua\u00e7\u00e3o do Estado Israelita fazendo eco do Relat\u00f3rio elaborado por Francesca Albanese &#8220;A tortura tornou-se parte integrante da domina\u00e7\u00e3o e da puni\u00e7\u00e3o infligida aos palestinos, tanto atrav\u00e9s de abusos durante a deten\u00e7\u00e3o como atrav\u00e9s de uma campanha implac\u00e1vel de deslocamento for\u00e7ado, assassinatos em massa, e priva\u00e7\u00e3o e destrui\u00e7\u00e3o de todos os meios de subsist\u00eancia, com o objectivo de infligir dor e sofrimento colectivos a longo prazo, o que a coloca no limiar do genoc\u00eddio nos termos da respectiva Conven\u00e7\u00e3o \u2013 acusa a Relatora Especial da ONU sobre a situa\u00e7\u00e3o dos direitos humanos nos territ\u00f3rios palestinos ocupados desde 1967, Francesca Albanese, no relat\u00f3rio que apresentou na 61.\u00aa sess\u00e3o do Conselho dos Direitos Humanos, reunida entre 23 de Fevereiro e 2 de Abril, e que ontem foi divulgado&#8221;.<\/p>\n\n\n\n<p>Eis o que diz o relat\u00f3rio, em tr\u00eas pontos:<\/p>\n\n\n\n<p>1.\u00ba A tortura n\u00e3o \u00e9 um fen\u00f3meno marginal.<\/p>\n\n\n\n<p>O relat\u00f3rio descreve o uso sistem\u00e1tico de tortura contra palestinianos desde 7 de outubro de 2023: deten\u00e7\u00f5es em massa, viol\u00eancia f\u00edsica e psicol\u00f3gica, incluindo contra menores. Trata-se de uma pr\u00e1tica generalizada.<\/p>\n\n\n\n<p>2.\u00ba A tortura vai para al\u00e9m das pris\u00f5es.<\/p>\n\n\n\n<p>Inclui tamb\u00e9m a destrui\u00e7\u00e3o das condi\u00e7\u00f5es de vida: bombardeamentos, desloca\u00e7\u00f5es for\u00e7adas e priva\u00e7\u00f5es.<\/p>\n\n\n\n<p>A tortura \u00e9 descrita como um sistema abrangente de coa\u00e7\u00e3o e terror.<\/p>\n\n\n\n<p>3.\u00ba Uma classifica\u00e7\u00e3o jur\u00eddica reconhecida.<\/p>\n\n\n\n<p>De acordo com o relat\u00f3rio, estas pr\u00e1ticas atingem o limiar do genoc\u00eddio.<\/p>\n\n\n\n<p>A tortura n\u00e3o \u00e9 descrita como uma aberra\u00e7\u00e3o, mas como uma ferramenta de domina\u00e7\u00e3o. H\u00e1 poucas semanas, o Ministro dos Neg\u00f3cios Estrangeiros franc\u00eas, Jean-No\u00ebl Barrot, apelou \u00e0 demiss\u00e3o de Francesca Albanese, com base em declara\u00e7\u00f5es truncadas.  Os detractores de Albanese n\u00e3o est\u00e3o a tentar refutar as suas reportagens \u2014 est\u00e3o a tentar desacredit\u00e1-la para evitar ter de lhes responder. Por outras palavras: quando o que ela documenta se torna demasiado s\u00e9rio, j\u00e1 n\u00e3o \u00e9 o conte\u00fado que \u00e9 atacado, mas sim a pessoa.<\/p>\n\n\n\n<p><\/p>\n\n\n\n<p>\u00a9 Fotograf\u00eda oficial de la Presidencia de Colombia &#8211; Andrea Puentes&nbsp;<\/p>\n\n\n\n<p>.<\/p>\n","protected":false},"excerpt":{"rendered":"<p>Albanese: Tortura \u00e9 uma componente estrutural do genoc\u00eddio e do colonialismo de ocupa\u00e7\u00e3o israelita O&#8230;<\/p>\n","protected":false},"author":2,"featured_media":16551,"comment_status":"open","ping_status":"open","sticky":true,"template":"","format":"standard","meta":{"sfsi_plus_gutenberg_text_before_share":"","sfsi_plus_gutenberg_show_text_before_share":"","sfsi_plus_gutenberg_icon_type":"","sfsi_plus_gutenberg_icon_alignemt":"","sfsi_plus_gutenburg_max_per_row":"","ngg_post_thumbnail":0,"footnotes":""},"categories":[459,622],"tags":[479],"featured_image_urls":{"full":["https:\/\/nsf.pt\/wp-content\/uploads\/2026\/04\/albanese.jpg",1343,686,false],"thumbnail":["https:\/\/nsf.pt\/wp-content\/uploads\/2026\/04\/albanese-150x150.jpg",150,150,true],"medium":["https:\/\/nsf.pt\/wp-content\/uploads\/2026\/04\/albanese-300x153.jpg",300,153,true],"medium_large":["https:\/\/nsf.pt\/wp-content\/uploads\/2026\/04\/albanese-768x392.jpg",640,327,true],"large":["https:\/\/nsf.pt\/wp-content\/uploads\/2026\/04\/albanese-1024x523.jpg",640,327,true],"1536x1536":["https:\/\/nsf.pt\/wp-content\/uploads\/2026\/04\/albanese.jpg",1343,686,false],"2048x2048":["https:\/\/nsf.pt\/wp-content\/uploads\/2026\/04\/albanese.jpg",1343,686,false],"covernews-slider-full":["https:\/\/nsf.pt\/wp-content\/uploads\/2026\/04\/albanese-1115x686.jpg",1115,686,true],"covernews-slider-center":["https:\/\/nsf.pt\/wp-content\/uploads\/2026\/04\/albanese-800x500.jpg",800,500,true],"covernews-featured":["https:\/\/nsf.pt\/wp-content\/uploads\/2026\/04\/albanese-1024x523.jpg",1024,523,true],"covernews-medium":["https:\/\/nsf.pt\/wp-content\/uploads\/2026\/04\/albanese-540x340.jpg",540,340,true],"covernews-medium-square":["https:\/\/nsf.pt\/wp-content\/uploads\/2026\/04\/albanese-400x250.jpg",400,250,true]},"author_info":{"info":["Carlos Ribeiro"]},"category_info":"<a href=\"https:\/\/nsf.pt\/index.php\/category\/curtas\/\" rel=\"category tag\">CURTAS<\/a> <a href=\"https:\/\/nsf.pt\/index.php\/category\/o-mundo-em-transicao\/\" rel=\"category tag\">O MUNDO EM TRANSI\u00c7\u00c3O<\/a>","tag_info":"O MUNDO EM TRANSI\u00c7\u00c3O","comment_count":"0","_links":{"self":[{"href":"https:\/\/nsf.pt\/index.php\/wp-json\/wp\/v2\/posts\/16524"}],"collection":[{"href":"https:\/\/nsf.pt\/index.php\/wp-json\/wp\/v2\/posts"}],"about":[{"href":"https:\/\/nsf.pt\/index.php\/wp-json\/wp\/v2\/types\/post"}],"author":[{"embeddable":true,"href":"https:\/\/nsf.pt\/index.php\/wp-json\/wp\/v2\/users\/2"}],"replies":[{"embeddable":true,"href":"https:\/\/nsf.pt\/index.php\/wp-json\/wp\/v2\/comments?post=16524"}],"version-history":[{"count":3,"href":"https:\/\/nsf.pt\/index.php\/wp-json\/wp\/v2\/posts\/16524\/revisions"}],"predecessor-version":[{"id":16553,"href":"https:\/\/nsf.pt\/index.php\/wp-json\/wp\/v2\/posts\/16524\/revisions\/16553"}],"wp:featuredmedia":[{"embeddable":true,"href":"https:\/\/nsf.pt\/index.php\/wp-json\/wp\/v2\/media\/16551"}],"wp:attachment":[{"href":"https:\/\/nsf.pt\/index.php\/wp-json\/wp\/v2\/media?parent=16524"}],"wp:term":[{"taxonomy":"category","embeddable":true,"href":"https:\/\/nsf.pt\/index.php\/wp-json\/wp\/v2\/categories?post=16524"},{"taxonomy":"post_tag","embeddable":true,"href":"https:\/\/nsf.pt\/index.php\/wp-json\/wp\/v2\/tags?post=16524"}],"curies":[{"name":"wp","href":"https:\/\/api.w.org\/{rel}","templated":true}]}}