{"id":16530,"date":"2026-04-02T17:51:57","date_gmt":"2026-04-02T17:51:57","guid":{"rendered":"https:\/\/nsf.pt\/?p=16530"},"modified":"2026-04-02T17:51:58","modified_gmt":"2026-04-02T17:51:58","slug":"o-guiao-trumpista-da-direita-portuguesa","status":"publish","type":"post","link":"https:\/\/nsf.pt\/index.php\/2026\/04\/02\/o-guiao-trumpista-da-direita-portuguesa\/","title":{"rendered":"O gui\u00e3o trumpista da direita portuguesa"},"content":{"rendered":"\n<h2 class=\"wp-block-heading\">Jos\u00e9 Pacheco Pereira, S\u00e1bado, 25\/03\/2026<\/h2>\n\n\n\n<p><\/p>\n\n\n\n<h3 class=\"wp-block-heading\">Um texto particularmente relevante de Jos\u00e9 Pacheco Pereira que sintetiza toda uma estrat\u00e9gia de &#8220;engenharia social, cultural e de moldagem pol\u00edtica da democracia&#8221;.<\/h3>\n\n\n\n<p>&#8220;Embora as pe\u00e7as deste gui\u00e3o j\u00e1 tenham muitos anos, em bom rigor s\u00e3o gen\u00e9ticas naquilo que consideramos a direita radical, elas tem tido uma esp\u00e9cie de c\u00e2none estruturado que vem desse patrim\u00f3nio e acrescenta-lhe elementos novos. Este gui\u00e3o deixou de ser apenas da direita radical \u2013 fa\u00e7o uma distin\u00e7\u00e3o com a extrema-direita \u2013 para impregnar toda a direita. O seu objectivo \u00e9 a engenharia social e cultural, e a moldagem pol\u00edtica da democracia, introduzindo elementos autorit\u00e1rios e a eros\u00e3o dos procedimentos democr\u00e1ticos e do primado da lei.<\/p>\n\n\n\n<p>O que Trump e os seus minions est\u00e3o a fazer nos EUA \u00e9 o melhor instrumento para perceber esta nova direita radical, que serve de modelo e influ\u00eancia para os grupos europeus alimentados e apoiados financeiramente por Bannon e Musk.<\/p>\n\n\n\n<h2 class=\"wp-block-heading\">Atacar os procedimentos da democracia<\/h2>\n\n\n\n<p>Esta direita radical participa no processo eleitoral, embora tente sempre diminuir o eleitorado que n\u00e3o lhe \u00e9 favor\u00e1vel, como acontece com a tentativa de Trump de dificultar o acesso \u00e0s urnas das zonas onde, por exemplo, h\u00e1 maiorias negras que lhe s\u00e3o hostis.<\/p>\n\n\n\n<p>O parlamentarismo \u00e9 tamb\u00e9m um dos alvos preferenciais com campanhas de denegrimento dos deputados, mesmo quando t\u00eam presen\u00e7a parlamentar. Nos casos em que t\u00eam maiorias, como nos EUA, bloqueiam os direitos da oposi\u00e7\u00e3o e aceitam a concentra\u00e7\u00e3o de poderes no executivo, mesmo violando as leis.<\/p>\n\n\n\n<h2 class=\"wp-block-heading\">Atacar os direitos das mulheres<\/h2>\n\n\n\n<p>Os princ\u00edpios de paridade, a igualdade salarial, a menoriza\u00e7\u00e3o da viol\u00eancia dom\u00e9stica, o combate \u00e0 posse do corpo no caso do aborto e, de um modo geral, a redu\u00e7\u00e3o da mulher a esposa e \u00e0 domesticidade s\u00e3o componentes de uma minimiza\u00e7\u00e3o da mulher, acompanhada de uma agressividade masculina.<\/p>\n\n\n\n<h2 class=\"wp-block-heading\">Atacar os direitos das minorias<\/h2>\n\n\n\n<p>Minorias de todo o tipo, sejam de comportamento sexual, como a comunidade LGBT, sejam as minorias religiosas como o Isl\u00e3o, ou \u00e9tnicas ou de cor s\u00e3o alvos de uma ideologia do primado do \u201chomem branco\u201d crist\u00e3o.<\/p>\n\n\n\n<h2 class=\"wp-block-heading\">P\u00f4r em causa a liberdade da comunica\u00e7\u00e3o social<\/h2>\n\n\n\n<p>A comunica\u00e7\u00e3o social assente no jornalismo profissional \u00e9 um dos alvos preferenciais da direita radical. Apresentada como \u201cjornalixo\u201d, \u00e9 substitu\u00edda pela promo\u00e7\u00e3o das redes sociais sem edi\u00e7\u00e3o e por influenciadores em todos os \u00f3rg\u00e3os de comunica\u00e7\u00e3o, usando propagandistas de not\u00edcias falsas e promotores de discursos de \u00f3dio. Em Portugal, h\u00e1 cada vez mais destes propagandistas com liga\u00e7\u00e3o \u00e0 extrema-direita e ao Chega, no TikTok e no YouTube.<\/p>\n\n\n\n<h2 class=\"wp-block-heading\">Exigir que a \u201ccultura da direita\u201d seja institucionalizada<\/h2>\n\n\n\n<p>Esta parte do gui\u00e3o come\u00e7a na afirma\u00e7\u00e3o de que a \u201ccultura de esquerda\u201d \u00e9 dominante na subsidia\u00e7\u00e3o da cultura pelo Estado. Embora a caracteriza\u00e7\u00e3o do que \u00e9 o bin\u00f3mio esquerda\/direita na cultura seja simplista, n\u00e3o deixa de haver uma excessiva depend\u00eancia de muitos \u201cagentes culturais\u201d do Estado,<\/p>\n\n\n\n<p>sem crit\u00e9rios de independ\u00eancia e qualidade. Mas o que \u00e9 a \u201ccultura de direita\u201d? Ezra Pound, Eliot? Ou por c\u00e1, o Integralismo Lusitano ou a chamada \u201cfilosofia portuguesa \u201d? Ou a promo\u00e7\u00e3o de tudo o que referimos antes como \u201ccultura\u201d anti-woke? O discurso anti-intelectual desta direita dificulta que tenha uma \u201ccultura\u201d.<\/p>\n\n\n\n<h2 class=\"wp-block-heading\">Rever a Hist\u00f3ria<\/h2>\n\n\n\n<p>Um dos problemas da direita radical \u00e9 n\u00e3o ter uma hist\u00f3ria \u201capresent\u00e1vel\u201d. No caso europeu, a experi\u00eancia do nazismo e do fascismo e do seu impacto em particular na II Guerra Mundial, ou no caso portugu\u00eas a ditadura do Estado Novo, tornam dif\u00edcil obter a legitimidade de que a direita radical precisa em termos hist\u00f3ricos. A revis\u00e3o da hist\u00f3ria da guerra da Secess\u00e3o e do esclavagismo, o esconder do racismo, fazem parte desse esfor\u00e7o nos EUA como em Portugal a descri\u00e7\u00e3o \u00e9pica dos Descobrimentos, a \u201clavagem\u201d do colonialismo e da guerra colonial, ou a contraposi\u00e7\u00e3o do 25 de Novembro ao 25 de Abril, s\u00e3o casos desse esfor\u00e7o de manipula\u00e7\u00e3o hist\u00f3rica.<\/p>\n\n\n\n<h2 class=\"wp-block-heading\">Incentivar e alimentar guerras culturais<\/h2>\n\n\n\n<p>As guerras culturais t\u00eam um papel importante na ofensiva da direita radical e t\u00eam encontrado um alvo ing\u00e9nuo na chamada esquerda \u201cfracturante\u201d. Sejam movimentos de pais para p\u00f4r em causa a educa\u00e7\u00e3o c\u00edvica nas escolas ou a divulga\u00e7\u00e3o de conhecimentos de teor sexual, a tentativa de censurar nas bibliotecas livros infantis cujos protagonistas sejam homossexuais, campanhas contra quem os afronte com enorme virul\u00eancia nas redes sociais, insultos e amea\u00e7as f\u00edsicas punindo qualquer forma de dissid\u00eancia e diferen\u00e7a, a apresenta\u00e7\u00e3o do \u201coutro\u201d como um risco de seguran\u00e7a e uma amea\u00e7a de \u201csubstitui\u00e7\u00e3o\u201d dos europeus brancos e crist\u00e3os, toda uma pan\u00f3plia de mecanismos de grande agressividade, promovendo uma \u201cguerra\u201d contra a liberdade do \u201coutro\u201d, e ironicamente apresentando-se como v\u00edtimas de censura e \u201ccancelamento\u201d.<\/p>\n\n\n\n<p>Foto de Jos\u00e9 Pacheco Pereira \u00a9 JN<\/p>\n","protected":false},"excerpt":{"rendered":"<p>Jos\u00e9 Pacheco Pereira, S\u00e1bado, 25\/03\/2026 Um texto particularmente relevante de Jos\u00e9 Pacheco Pereira que sintetiza&#8230;<\/p>\n","protected":false},"author":2,"featured_media":16572,"comment_status":"open","ping_status":"open","sticky":true,"template":"","format":"standard","meta":{"sfsi_plus_gutenberg_text_before_share":"","sfsi_plus_gutenberg_show_text_before_share":"","sfsi_plus_gutenberg_icon_type":"","sfsi_plus_gutenberg_icon_alignemt":"","sfsi_plus_gutenburg_max_per_row":"","ngg_post_thumbnail":0,"footnotes":""},"categories":[459,236],"tags":[763],"featured_image_urls":{"full":["https:\/\/nsf.pt\/wp-content\/uploads\/2026\/04\/PACHECO.jpg",682,440,false],"thumbnail":["https:\/\/nsf.pt\/wp-content\/uploads\/2026\/04\/PACHECO-150x150.jpg",150,150,true],"medium":["https:\/\/nsf.pt\/wp-content\/uploads\/2026\/04\/PACHECO-300x194.jpg",300,194,true],"medium_large":["https:\/\/nsf.pt\/wp-content\/uploads\/2026\/04\/PACHECO.jpg",640,413,false],"large":["https:\/\/nsf.pt\/wp-content\/uploads\/2026\/04\/PACHECO.jpg",640,413,false],"1536x1536":["https:\/\/nsf.pt\/wp-content\/uploads\/2026\/04\/PACHECO.jpg",682,440,false],"2048x2048":["https:\/\/nsf.pt\/wp-content\/uploads\/2026\/04\/PACHECO.jpg",682,440,false],"covernews-slider-full":["https:\/\/nsf.pt\/wp-content\/uploads\/2026\/04\/PACHECO.jpg",682,440,false],"covernews-slider-center":["https:\/\/nsf.pt\/wp-content\/uploads\/2026\/04\/PACHECO.jpg",682,440,false],"covernews-featured":["https:\/\/nsf.pt\/wp-content\/uploads\/2026\/04\/PACHECO.jpg",682,440,false],"covernews-medium":["https:\/\/nsf.pt\/wp-content\/uploads\/2026\/04\/PACHECO-540x340.jpg",540,340,true],"covernews-medium-square":["https:\/\/nsf.pt\/wp-content\/uploads\/2026\/04\/PACHECO-400x250.jpg",400,250,true]},"author_info":{"info":["Carlos Ribeiro"]},"category_info":"<a href=\"https:\/\/nsf.pt\/index.php\/category\/curtas\/\" rel=\"category tag\">CURTAS<\/a> <a href=\"https:\/\/nsf.pt\/index.php\/category\/mundo\/\" rel=\"category tag\">MUNDO<\/a>","tag_info":"MUNDO","comment_count":"0","_links":{"self":[{"href":"https:\/\/nsf.pt\/index.php\/wp-json\/wp\/v2\/posts\/16530"}],"collection":[{"href":"https:\/\/nsf.pt\/index.php\/wp-json\/wp\/v2\/posts"}],"about":[{"href":"https:\/\/nsf.pt\/index.php\/wp-json\/wp\/v2\/types\/post"}],"author":[{"embeddable":true,"href":"https:\/\/nsf.pt\/index.php\/wp-json\/wp\/v2\/users\/2"}],"replies":[{"embeddable":true,"href":"https:\/\/nsf.pt\/index.php\/wp-json\/wp\/v2\/comments?post=16530"}],"version-history":[{"count":2,"href":"https:\/\/nsf.pt\/index.php\/wp-json\/wp\/v2\/posts\/16530\/revisions"}],"predecessor-version":[{"id":16581,"href":"https:\/\/nsf.pt\/index.php\/wp-json\/wp\/v2\/posts\/16530\/revisions\/16581"}],"wp:featuredmedia":[{"embeddable":true,"href":"https:\/\/nsf.pt\/index.php\/wp-json\/wp\/v2\/media\/16572"}],"wp:attachment":[{"href":"https:\/\/nsf.pt\/index.php\/wp-json\/wp\/v2\/media?parent=16530"}],"wp:term":[{"taxonomy":"category","embeddable":true,"href":"https:\/\/nsf.pt\/index.php\/wp-json\/wp\/v2\/categories?post=16530"},{"taxonomy":"post_tag","embeddable":true,"href":"https:\/\/nsf.pt\/index.php\/wp-json\/wp\/v2\/tags?post=16530"}],"curies":[{"name":"wp","href":"https:\/\/api.w.org\/{rel}","templated":true}]}}