{"id":16548,"date":"2026-04-02T07:15:00","date_gmt":"2026-04-02T07:15:00","guid":{"rendered":"https:\/\/nsf.pt\/?p=16548"},"modified":"2026-04-02T07:15:02","modified_gmt":"2026-04-02T07:15:02","slug":"a-acao-coletiva-em-debate","status":"publish","type":"post","link":"https:\/\/nsf.pt\/index.php\/2026\/04\/02\/a-acao-coletiva-em-debate\/","title":{"rendered":"A a\u00e7\u00e3o coletiva em debate"},"content":{"rendered":"\n<h2 class=\"wp-block-heading\"><strong>Confer\u00eancia Internacional do Mestrado em Planeamento Regional e Urbano<\/strong> da Universidade de Aveiro<\/h2>\n\n\n\n<p><\/p>\n\n\n\n<figure class=\"wp-block-image size-full is-resized\"><img decoding=\"async\" loading=\"lazy\" width=\"555\" height=\"625\" src=\"https:\/\/nsf.pt\/wp-content\/uploads\/2026\/03\/jose-Carlos-mota.jpg\" alt=\"\" class=\"wp-image-16484\" style=\"aspect-ratio:0.888;width:118px;height:auto\" srcset=\"https:\/\/nsf.pt\/wp-content\/uploads\/2026\/03\/jose-Carlos-mota.jpg 555w, https:\/\/nsf.pt\/wp-content\/uploads\/2026\/03\/jose-Carlos-mota-266x300.jpg 266w\" sizes=\"(max-width: 555px) 100vw, 555px\" \/><\/figure>\n\n\n\n<h3 class=\"wp-block-heading\">Jos\u00e9 Carlos Mota<\/h3>\n\n\n\n<p><\/p>\n\n\n\n<p>A\u00a0<strong>Confer\u00eancia Internacional do Mestrado em Planeamento Regional e Urbano<\/strong>, subordinada ao tema\u00a0<strong>Urban Transitions: Proximity, Diversity and Collective Action<\/strong>, ter\u00e1 lugar na\u00a0<strong>Universidade de Aveiro<\/strong>, entre\u00a0<strong>15 e 17 de abril de 2026<\/strong>.<\/p>\n\n\n\n<p>O evento \u00e9 organizado pela&nbsp;<strong>Universidade de Aveiro<\/strong>&nbsp;(no \u00e2mbito do&nbsp;<em>Mestrado em Planeamento Regional e Urbano \u2013 Cidades, Coes\u00e3o e Sustentabilidade<\/em>), em colabora\u00e7\u00e3o com a&nbsp;<strong>Associa\u00e7\u00e3o Portuguesa de Urbanistas (APU)<\/strong>.<\/p>\n\n\n\n<p>A&nbsp;<strong>International Conference + Young Academics Workshop \u201cUrban Transitions: Proximity, Diversity and Collective Action\u201d<\/strong>, organizada pela&nbsp;<strong>Universidade de Aveiro (DCSPT<\/strong>&nbsp;&amp;&nbsp;<strong>Mestrado em Planeamento Regional e Urbano \u2013<\/strong>&nbsp;<strong><em>Cidades, Coes\u00e3o e Sustentabilidade<\/em><\/strong>) em colabora\u00e7\u00e3o com a&nbsp;<strong>Associa\u00e7\u00e3o Portuguesa de Urbanistas (APU)<\/strong>, surge num momento particularmente oportuno para pensar e agir sobre a transforma\u00e7\u00e3o das cidades.<\/p>\n\n\n\n<p>Num contexto marcado por&nbsp;<strong>crises ambientais<\/strong>,&nbsp;<strong>press\u00f5es sobre a habita\u00e7\u00e3o<\/strong>,&nbsp;<strong>desigualdades territoriais<\/strong>&nbsp;e&nbsp;<strong>mudan\u00e7as nos modos de vida e mobilidade<\/strong>, ganha renovada centralidade a discuss\u00e3o sobre&nbsp;<strong>proximidade<\/strong>&nbsp;\u2014 n\u00e3o apenas como estrat\u00e9gia urbana e ideia de cidade, mas como condi\u00e7\u00e3o concreta de acesso a servi\u00e7os, oportunidades e melhor qualidade de vida. Em paralelo, a&nbsp;<strong>diversidade<\/strong>&nbsp;coloca desafios e refor\u00e7a potencialidades ao n\u00edvel da diversidade social e cultural, mas tamb\u00e9m ao n\u00edvel da&nbsp;<strong>diversidade funcional<\/strong>&nbsp;\u2014 a mistura de&nbsp;<strong>atividades, fun\u00e7\u00f5es urbanas e usos do solo<\/strong>&nbsp;(habitar, trabalhar, estudar, cuidar, com\u00e9rcio, lazer) que sustenta bairros mais vivos, resilientes e eficientes, reduzindo desloca\u00e7\u00f5es e refor\u00e7ando economias locais.<\/p>\n\n\n\n<p>A confer\u00eancia convoca ainda um tema decisivo: a&nbsp;<strong>a\u00e7\u00e3o coletiva<\/strong>. Perante problemas urbanos complexos e interdependentes, as solu\u00e7\u00f5es dependem cada vez mais de&nbsp;<strong>governan\u00e7a colaborativa<\/strong>,&nbsp;<strong>participa\u00e7\u00e3o informada<\/strong>&nbsp;e articula\u00e7\u00e3o entre investiga\u00e7\u00e3o, pol\u00edticas p\u00fablicas, pr\u00e1tica profissional e comunidades. Ao integrar um&nbsp;<strong>workshop para jovens acad\u00e9micos<\/strong>, o programa refor\u00e7a a ambi\u00e7\u00e3o de ligar pensamento cr\u00edtico e metodologias emergentes \u00e0 constru\u00e7\u00e3o de respostas aplicadas, criando um espa\u00e7o de encontro entre gera\u00e7\u00f5es e entre teoria e pr\u00e1tica.<\/p>\n\n\n\n<p>Este evento afirma-se, assim, como um f\u00f3rum essencial para\u00a0<strong>debater transi\u00e7\u00f5es urbanas justas e sustent\u00e1veis<\/strong>, partilhar evid\u00eancia e experi\u00eancias, e mobilizar redes capazes de transformar conhecimento em a\u00e7\u00e3o nas cidades e territ\u00f3rios.<\/p>\n\n\n\n<h2 class=\"wp-block-heading\">CONVITE<\/h2>\n\n\n\n<p class=\"has-luminous-vivid-amber-background-color has-background\">Querem enviar um resumo \u00e0 Confer\u00eancia Internacional do MPRU \u201cUrban Transitions: Proximity, Diversity and Collective Action? O prazo foi alargado para 6 de abril.<\/p>\n","protected":false},"excerpt":{"rendered":"<p>Confer\u00eancia Internacional do Mestrado em Planeamento Regional e Urbano da Universidade de Aveiro Jos\u00e9 Carlos&#8230;<\/p>\n","protected":false},"author":2,"featured_media":16549,"comment_status":"open","ping_status":"open","sticky":true,"template":"","format":"standard","meta":{"sfsi_plus_gutenberg_text_before_share":"","sfsi_plus_gutenberg_show_text_before_share":"","sfsi_plus_gutenberg_icon_type":"","sfsi_plus_gutenberg_icon_alignemt":"","sfsi_plus_gutenburg_max_per_row":"","ngg_post_thumbnail":0,"footnotes":""},"categories":[207,459,747],"tags":[691],"featured_image_urls":{"full":["https:\/\/nsf.pt\/wp-content\/uploads\/2026\/04\/conferencia.jpg",1830,922,false],"thumbnail":["https:\/\/nsf.pt\/wp-content\/uploads\/2026\/04\/conferencia-150x150.jpg",150,150,true],"medium":["https:\/\/nsf.pt\/wp-content\/uploads\/2026\/04\/conferencia-300x151.jpg",300,151,true],"medium_large":["https:\/\/nsf.pt\/wp-content\/uploads\/2026\/04\/conferencia-768x387.jpg",640,323,true],"large":["https:\/\/nsf.pt\/wp-content\/uploads\/2026\/04\/conferencia-1024x516.jpg",640,323,true],"1536x1536":["https:\/\/nsf.pt\/wp-content\/uploads\/2026\/04\/conferencia-1536x774.jpg",1536,774,true],"2048x2048":["https:\/\/nsf.pt\/wp-content\/uploads\/2026\/04\/conferencia.jpg",1830,922,false],"covernews-slider-full":["https:\/\/nsf.pt\/wp-content\/uploads\/2026\/04\/conferencia-1115x715.jpg",1115,715,true],"covernews-slider-center":["https:\/\/nsf.pt\/wp-content\/uploads\/2026\/04\/conferencia-800x500.jpg",800,500,true],"covernews-featured":["https:\/\/nsf.pt\/wp-content\/uploads\/2026\/04\/conferencia-1024x516.jpg",1024,516,true],"covernews-medium":["https:\/\/nsf.pt\/wp-content\/uploads\/2026\/04\/conferencia-540x340.jpg",540,340,true],"covernews-medium-square":["https:\/\/nsf.pt\/wp-content\/uploads\/2026\/04\/conferencia-400x250.jpg",400,250,true]},"author_info":{"info":["Carlos Ribeiro"]},"category_info":"<a href=\"https:\/\/nsf.pt\/index.php\/category\/agenda-2\/\" rel=\"category tag\">AGENDA<\/a> <a href=\"https:\/\/nsf.pt\/index.php\/category\/curtas\/\" rel=\"category tag\">CURTAS<\/a> <a href=\"https:\/\/nsf.pt\/index.php\/category\/debates\/\" rel=\"category tag\">DEBATES<\/a>","tag_info":"DEBATES","comment_count":"0","_links":{"self":[{"href":"https:\/\/nsf.pt\/index.php\/wp-json\/wp\/v2\/posts\/16548"}],"collection":[{"href":"https:\/\/nsf.pt\/index.php\/wp-json\/wp\/v2\/posts"}],"about":[{"href":"https:\/\/nsf.pt\/index.php\/wp-json\/wp\/v2\/types\/post"}],"author":[{"embeddable":true,"href":"https:\/\/nsf.pt\/index.php\/wp-json\/wp\/v2\/users\/2"}],"replies":[{"embeddable":true,"href":"https:\/\/nsf.pt\/index.php\/wp-json\/wp\/v2\/comments?post=16548"}],"version-history":[{"count":1,"href":"https:\/\/nsf.pt\/index.php\/wp-json\/wp\/v2\/posts\/16548\/revisions"}],"predecessor-version":[{"id":16550,"href":"https:\/\/nsf.pt\/index.php\/wp-json\/wp\/v2\/posts\/16548\/revisions\/16550"}],"wp:featuredmedia":[{"embeddable":true,"href":"https:\/\/nsf.pt\/index.php\/wp-json\/wp\/v2\/media\/16549"}],"wp:attachment":[{"href":"https:\/\/nsf.pt\/index.php\/wp-json\/wp\/v2\/media?parent=16548"}],"wp:term":[{"taxonomy":"category","embeddable":true,"href":"https:\/\/nsf.pt\/index.php\/wp-json\/wp\/v2\/categories?post=16548"},{"taxonomy":"post_tag","embeddable":true,"href":"https:\/\/nsf.pt\/index.php\/wp-json\/wp\/v2\/tags?post=16548"}],"curies":[{"name":"wp","href":"https:\/\/api.w.org\/{rel}","templated":true}]}}