{"id":16627,"date":"2026-04-08T09:10:08","date_gmt":"2026-04-08T09:10:08","guid":{"rendered":"https:\/\/nsf.pt\/?p=16627"},"modified":"2026-04-08T09:10:10","modified_gmt":"2026-04-08T09:10:10","slug":"por-dentro-do-chega-na-aja-lisboa","status":"publish","type":"post","link":"https:\/\/nsf.pt\/index.php\/2026\/04\/08\/por-dentro-do-chega-na-aja-lisboa\/","title":{"rendered":"Por Dentro do Chega na AJA Lisboa"},"content":{"rendered":"\n<h2 class=\"wp-block-heading\">AGENDA &#8211; Dia 9 de abril \u00e0s 21h00<\/h2>\n\n\n\n<p><\/p>\n\n\n\n<p>\u00c9 j\u00e1 amanh\u00e3 (dia&nbsp;<strong>9 de abril \u00e0s 21h<\/strong>) que&nbsp;o N\u00facleo AJA Lisboa recebe a apresenta\u00e7\u00e3o do livro &#8220;<strong>Por Dentro do Chega<\/strong>&#8221; de&nbsp;<strong>Miguel Carvalho<\/strong>.<\/p>\n\n\n\n<p>Baseado em milhares de p\u00e1ginas de documentos in\u00e9ditos e em dezenas de entrevistas exclusivas com fundadores, dirigentes e militantes, &#8220;Por Dentro do Chega&#8221; oferece um retrato profundo e sem filtros de um dos fen\u00f3menos pol\u00edticos mais marcantes da atualidade.<\/p>\n\n\n\n<p>A sess\u00e3o conta com a\u00a0<strong>presen\u00e7a do autor<\/strong>, Miguel Carvalho, numa reflex\u00e3o sobre o processo de escrita da obra e os seus principais temas.<\/p>\n\n\n\n<p>Fonte &#8211; AJA Lisboa<\/p>\n","protected":false},"excerpt":{"rendered":"<p>AGENDA &#8211; Dia 9 de abril \u00e0s 21h00 \u00c9 j\u00e1 amanh\u00e3 (dia&nbsp;9 de abril \u00e0s&#8230;<\/p>\n","protected":false},"author":2,"featured_media":16628,"comment_status":"open","ping_status":"open","sticky":true,"template":"","format":"standard","meta":{"sfsi_plus_gutenberg_text_before_share":"","sfsi_plus_gutenberg_show_text_before_share":"","sfsi_plus_gutenberg_icon_type":"","sfsi_plus_gutenberg_icon_alignemt":"","sfsi_plus_gutenburg_max_per_row":"","ngg_post_thumbnail":0,"footnotes":""},"categories":[207,450],"tags":[104],"featured_image_urls":{"full":["https:\/\/nsf.pt\/wp-content\/uploads\/2026\/04\/ja-lx.jpg",973,549,false],"thumbnail":["https:\/\/nsf.pt\/wp-content\/uploads\/2026\/04\/ja-lx-150x150.jpg",150,150,true],"medium":["https:\/\/nsf.pt\/wp-content\/uploads\/2026\/04\/ja-lx-300x169.jpg",300,169,true],"medium_large":["https:\/\/nsf.pt\/wp-content\/uploads\/2026\/04\/ja-lx-768x433.jpg",640,361,true],"large":["https:\/\/nsf.pt\/wp-content\/uploads\/2026\/04\/ja-lx.jpg",640,361,false],"1536x1536":["https:\/\/nsf.pt\/wp-content\/uploads\/2026\/04\/ja-lx.jpg",973,549,false],"2048x2048":["https:\/\/nsf.pt\/wp-content\/uploads\/2026\/04\/ja-lx.jpg",973,549,false],"covernews-slider-full":["https:\/\/nsf.pt\/wp-content\/uploads\/2026\/04\/ja-lx.jpg",973,549,false],"covernews-slider-center":["https:\/\/nsf.pt\/wp-content\/uploads\/2026\/04\/ja-lx-800x500.jpg",800,500,true],"covernews-featured":["https:\/\/nsf.pt\/wp-content\/uploads\/2026\/04\/ja-lx.jpg",973,549,false],"covernews-medium":["https:\/\/nsf.pt\/wp-content\/uploads\/2026\/04\/ja-lx-540x340.jpg",540,340,true],"covernews-medium-square":["https:\/\/nsf.pt\/wp-content\/uploads\/2026\/04\/ja-lx-400x250.jpg",400,250,true]},"author_info":{"info":["Carlos Ribeiro"]},"category_info":"<a href=\"https:\/\/nsf.pt\/index.php\/category\/agenda-2\/\" rel=\"category tag\">AGENDA<\/a> <a href=\"https:\/\/nsf.pt\/index.php\/category\/livros\/\" rel=\"category tag\">LIVROS<\/a>","tag_info":"LIVROS","comment_count":"0","_links":{"self":[{"href":"https:\/\/nsf.pt\/index.php\/wp-json\/wp\/v2\/posts\/16627"}],"collection":[{"href":"https:\/\/nsf.pt\/index.php\/wp-json\/wp\/v2\/posts"}],"about":[{"href":"https:\/\/nsf.pt\/index.php\/wp-json\/wp\/v2\/types\/post"}],"author":[{"embeddable":true,"href":"https:\/\/nsf.pt\/index.php\/wp-json\/wp\/v2\/users\/2"}],"replies":[{"embeddable":true,"href":"https:\/\/nsf.pt\/index.php\/wp-json\/wp\/v2\/comments?post=16627"}],"version-history":[{"count":1,"href":"https:\/\/nsf.pt\/index.php\/wp-json\/wp\/v2\/posts\/16627\/revisions"}],"predecessor-version":[{"id":16629,"href":"https:\/\/nsf.pt\/index.php\/wp-json\/wp\/v2\/posts\/16627\/revisions\/16629"}],"wp:featuredmedia":[{"embeddable":true,"href":"https:\/\/nsf.pt\/index.php\/wp-json\/wp\/v2\/media\/16628"}],"wp:attachment":[{"href":"https:\/\/nsf.pt\/index.php\/wp-json\/wp\/v2\/media?parent=16627"}],"wp:term":[{"taxonomy":"category","embeddable":true,"href":"https:\/\/nsf.pt\/index.php\/wp-json\/wp\/v2\/categories?post=16627"},{"taxonomy":"post_tag","embeddable":true,"href":"https:\/\/nsf.pt\/index.php\/wp-json\/wp\/v2\/tags?post=16627"}],"curies":[{"name":"wp","href":"https:\/\/api.w.org\/{rel}","templated":true}]}}