{"id":16630,"date":"2026-04-08T09:30:32","date_gmt":"2026-04-08T09:30:32","guid":{"rendered":"https:\/\/nsf.pt\/?p=16630"},"modified":"2026-04-08T09:37:06","modified_gmt":"2026-04-08T09:37:06","slug":"guerra-e-paz","status":"publish","type":"post","link":"https:\/\/nsf.pt\/index.php\/2026\/04\/08\/guerra-e-paz\/","title":{"rendered":"Guerra e Paz"},"content":{"rendered":"\n<h2 class=\"wp-block-heading\">AGENDA &#8211; 10 abril, 18h, lanche+tert\u00falia, SPGL<\/h2>\n\n\n\n<p><strong>Oradores<\/strong><\/p>\n\n\n\n<p><strong>Giulia Daniele&nbsp;<\/strong>&nbsp;Diretora do Observat\u00f3rio de Estudos da Palestina do ISCTE &#8211; Opal<br><strong>Pedro Caldeira Rodrigues<\/strong>&nbsp;Jornalista&nbsp;<br><strong>Raquel Ribeiro<\/strong>&nbsp;Professora de Hist\u00f3ria Ibero-Americana na FCSH&nbsp;<\/p>\n\n\n\n<p><strong>Modera\u00e7\u00e3o<\/strong><br><strong>Sandra Monteiro<\/strong>&nbsp;(diretora&nbsp;<em>Le Monde diplomatique \u2013 edi\u00e7\u00e3o portuguesa<\/em>)&nbsp;<\/p>\n\n\n\n<p><strong>Local<\/strong><\/p>\n\n\n\n<p><a href=\"https:\/\/osm.org\/go\/b5crtmB~2?m=\">SPGL, R. Fialho de Almeida, n.\u00ba 3 (Lisboa)<\/a><\/p>\n\n\n\n<p><\/p>\n\n\n\n<p>O mundo est\u00e1 em perigo. A opera\u00e7\u00e3o militar lan\u00e7ada em 28 de fevereiro pelos governos dos Estados Unidos e de Israel contra o Ir\u00e3o ateou o fogo em todo o M\u00e9dio Oriente e amea\u00e7a a estabilidade regional e global. A guerra entre Kiev e Moscovo, ap\u00f3s a invas\u00e3o feita pela R\u00fassia, dura j\u00e1 h\u00e1 quatro anos e as negocia\u00e7\u00f5es chegaram a um impasse. Os bombardeamentos, a ocupa\u00e7\u00e3o e o genoc\u00eddio perpetrados pelo ex\u00e9rcito israelita em Gaza e na Cisjord\u00e2nia (com os ataques militares a estenderem-se j\u00e1 ent\u00e3o ao I\u00e9men, \u00e0 S\u00edria, ao Qatar, ao Ir\u00e3o e \u00e0 L\u00edbia) duram h\u00e1 mais de dois anos. Os Estados Unidos, que amea\u00e7am at\u00e9 a Gronel\u00e2ndia, procuram impor o seu dom\u00ednio global na Am\u00e9rica Latina, obrigando os governos a conformarem-se \u00e0 sua pol\u00edtica, como aconteceu na Venezuela e poder\u00e1 alastrar-se a Cuba, ap\u00f3s o endurecimento do bloqueio americano. A opera\u00e7\u00e3o \u00abF\u00faria \u00c9pica\u00bb no Ir\u00e3o, com contornos vagos, representa uma escalada b\u00e9lica cujas consequ\u00eancias j\u00e1 se fazem sentir com intensidade.<\/p>\n\n\n\n<p>Israel e os Estados Unidos, envolvidos num genoc\u00eddio e em agress\u00f5es, anexa\u00e7\u00f5es e guerras ilegais, n\u00e3o se limitam a desrespeitar o direito internacional e institui\u00e7\u00f5es como as Na\u00e7\u00f5es Unidas. Deixaram tamb\u00e9m de prestar contas aos seus \u00abaliados\u00bb. Na Uni\u00e3o Europeia \u2013 onde s\u00f3 o presidente do governo espanhol defende claramente o multilateralismo, a aplica\u00e7\u00e3o do direito internacional e a via da paz \u2013, os governantes n\u00e3o mostram capacidade, ou vontade, reagem a uma aventura militar desastrosa sem capacidade, ou vontade, de evitar a escala que ela implica dos desequil\u00edbrios geopol\u00edticos e geoecon\u00f3micos, nem a crise profunda em que ir\u00e1 mergulhar o continente. Enquanto se avoluma a crise resultante da depend\u00eancia dos hidrocarbonetos, da interrup\u00e7\u00e3o das cadeias log\u00edsticas, da infla\u00e7\u00e3o galopante nos bens essenciais e da perda de poder de compra dos cidad\u00e3os, como podem os governos europeus (incluindo o portugu\u00eas) manter a cumplicidade ou at\u00e9 o apoio a Donald Trump e a Benjamin Netanyahu?<\/p>\n\n\n\n<p><strong>Contribui\u00e7\u00e3o<\/strong><br>Entrada: 10 mondes<br>Entrada solid\u00e1ria: 15 mondes<\/p>\n\n\n\n<p><strong>Organiza\u00e7\u00e3o<\/strong><br>Outro Modo \/&nbsp;<em>Le Monde diplomatique \u2013 edi\u00e7\u00e3o portuguesa<\/em><\/p>\n\n\n\n<p><strong>Inscri\u00e7\u00f5es<\/strong><br>Inscri\u00e7\u00f5es no&nbsp;<a href=\"https:\/\/pt.mondediplo.com\/2026\/03\/guerra-e-paz-compreender-o-caos-mundial.html#{{Inscri%C3%A7%C3%B5es}}\">formul\u00e1rio<\/a>&nbsp;em pt.mondediplo.com&nbsp;ou no e-mail&nbsp;<a href=\"mailto:mondediplopt@gmail.com\">mondediplopt@gmail.com<\/a><\/p>\n\n\n\n<p><strong>Local<\/strong><br>SPGL, R. Fialho de Almeida, n.\u00ba 3 (Lisboa)<br><\/p>\n","protected":false},"excerpt":{"rendered":"<p>AGENDA &#8211; 10 abril, 18h, lanche+tert\u00falia, SPGL Oradores Giulia Daniele&nbsp;&nbsp;Diretora do Observat\u00f3rio de Estudos da&#8230;<\/p>\n","protected":false},"author":2,"featured_media":16633,"comment_status":"open","ping_status":"open","sticky":true,"template":"","format":"standard","meta":{"sfsi_plus_gutenberg_text_before_share":"","sfsi_plus_gutenberg_show_text_before_share":"","sfsi_plus_gutenberg_icon_type":"","sfsi_plus_gutenberg_icon_alignemt":"","sfsi_plus_gutenburg_max_per_row":"","ngg_post_thumbnail":0,"footnotes":""},"categories":[207,459,622],"tags":[576],"featured_image_urls":{"full":["https:\/\/nsf.pt\/wp-content\/uploads\/2026\/04\/md2.jpg",1290,668,false],"thumbnail":["https:\/\/nsf.pt\/wp-content\/uploads\/2026\/04\/md2-150x150.jpg",150,150,true],"medium":["https:\/\/nsf.pt\/wp-content\/uploads\/2026\/04\/md2-300x155.jpg",300,155,true],"medium_large":["https:\/\/nsf.pt\/wp-content\/uploads\/2026\/04\/md2-768x398.jpg",640,332,true],"large":["https:\/\/nsf.pt\/wp-content\/uploads\/2026\/04\/md2-1024x530.jpg",640,331,true],"1536x1536":["https:\/\/nsf.pt\/wp-content\/uploads\/2026\/04\/md2.jpg",1290,668,false],"2048x2048":["https:\/\/nsf.pt\/wp-content\/uploads\/2026\/04\/md2.jpg",1290,668,false],"covernews-slider-full":["https:\/\/nsf.pt\/wp-content\/uploads\/2026\/04\/md2-1115x668.jpg",1115,668,true],"covernews-slider-center":["https:\/\/nsf.pt\/wp-content\/uploads\/2026\/04\/md2-800x500.jpg",800,500,true],"covernews-featured":["https:\/\/nsf.pt\/wp-content\/uploads\/2026\/04\/md2-1024x530.jpg",1024,530,true],"covernews-medium":["https:\/\/nsf.pt\/wp-content\/uploads\/2026\/04\/md2-540x340.jpg",540,340,true],"covernews-medium-square":["https:\/\/nsf.pt\/wp-content\/uploads\/2026\/04\/md2-400x250.jpg",400,250,true]},"author_info":{"info":["Carlos Ribeiro"]},"category_info":"<a href=\"https:\/\/nsf.pt\/index.php\/category\/agenda-2\/\" rel=\"category tag\">AGENDA<\/a> <a href=\"https:\/\/nsf.pt\/index.php\/category\/curtas\/\" rel=\"category tag\">CURTAS<\/a> <a href=\"https:\/\/nsf.pt\/index.php\/category\/o-mundo-em-transicao\/\" rel=\"category tag\">O MUNDO EM TRANSI\u00c7\u00c3O<\/a>","tag_info":"O MUNDO EM TRANSI\u00c7\u00c3O","comment_count":"0","_links":{"self":[{"href":"https:\/\/nsf.pt\/index.php\/wp-json\/wp\/v2\/posts\/16630"}],"collection":[{"href":"https:\/\/nsf.pt\/index.php\/wp-json\/wp\/v2\/posts"}],"about":[{"href":"https:\/\/nsf.pt\/index.php\/wp-json\/wp\/v2\/types\/post"}],"author":[{"embeddable":true,"href":"https:\/\/nsf.pt\/index.php\/wp-json\/wp\/v2\/users\/2"}],"replies":[{"embeddable":true,"href":"https:\/\/nsf.pt\/index.php\/wp-json\/wp\/v2\/comments?post=16630"}],"version-history":[{"count":1,"href":"https:\/\/nsf.pt\/index.php\/wp-json\/wp\/v2\/posts\/16630\/revisions"}],"predecessor-version":[{"id":16632,"href":"https:\/\/nsf.pt\/index.php\/wp-json\/wp\/v2\/posts\/16630\/revisions\/16632"}],"wp:featuredmedia":[{"embeddable":true,"href":"https:\/\/nsf.pt\/index.php\/wp-json\/wp\/v2\/media\/16633"}],"wp:attachment":[{"href":"https:\/\/nsf.pt\/index.php\/wp-json\/wp\/v2\/media?parent=16630"}],"wp:term":[{"taxonomy":"category","embeddable":true,"href":"https:\/\/nsf.pt\/index.php\/wp-json\/wp\/v2\/categories?post=16630"},{"taxonomy":"post_tag","embeddable":true,"href":"https:\/\/nsf.pt\/index.php\/wp-json\/wp\/v2\/tags?post=16630"}],"curies":[{"name":"wp","href":"https:\/\/api.w.org\/{rel}","templated":true}]}}