{"id":16827,"date":"2026-04-30T11:57:21","date_gmt":"2026-04-30T11:57:21","guid":{"rendered":"https:\/\/nsf.pt\/?p=16827"},"modified":"2026-04-30T11:57:28","modified_gmt":"2026-04-30T11:57:28","slug":"relacoes-culturais-entre-a-galiza-e-portugal","status":"publish","type":"post","link":"https:\/\/nsf.pt\/index.php\/2026\/04\/30\/relacoes-culturais-entre-a-galiza-e-portugal\/","title":{"rendered":"Rela\u00e7\u00f5es culturais entre a Galiza e Portugal"},"content":{"rendered":"\n<h2 class=\"wp-block-heading\">Xico de Carinho, distinguido com o Pr\u00e9mio Especial do J\u00fari \u00e0 Embaixada da Amizade Galego-Lus\u00f3fona <\/h2>\n\n\n\n<p><\/p>\n\n\n\n<p>Na v\u00e9spera da Revolu\u00e7\u00e3o dos Pregos, o concurso aRi[t]mar de m\u00fasica e poesia galego-portuguesa destacou a figura de Xico de Carinho pelo seu trabalho de constru\u00e7\u00e3o de pontes entre a Galiza e Portugal.<\/p>\n\n\n\n<p>Como todos os dias 24 de abril, na v\u00e9spera da Revolu\u00e7\u00e3o dos Pregos, o concurso aRi[t]mar de m\u00fasica e poesia galego-portuguesa anuncia o Pr\u00e9mio Especial do J\u00fari \u00e0 Embaixada da Amizade Galego-Lus\u00f3fona. Em 2026, o j\u00fari concordou em atribuir o referido pr\u00e9mio ao m\u00fasico Xico de Carinho. <\/p>\n\n\n\n<p>Este reconhecimento \u00e9 dado a pessoas ou entidades que tenham desenvolvido um fundo de trabalho na promo\u00e7\u00e3o e fortalecimento das rela\u00e7\u00f5es culturais entre a Galiza e Portugal. Nesta edi\u00e7\u00e3o, o veredicto do j\u00fari foi claro: <\/p>\n\n\n\n<blockquote class=\"wp-block-quote\">\n<p>&#8220;Xico de Carinho merece o pr\u00e9mio especial do j\u00fari porque passou a vida a construir pontes de afeto, mem\u00f3ria e cultura entre a Galiza e Portugal.&#8221; <\/p>\n<\/blockquote>\n\n\n\n<p>O trabalho de &#8220;verdadeira amizade&#8221; e a constru\u00e7\u00e3o de pontes entre as culturas de ambas as margens do Minho \u00e9 a raz\u00e3o &#8220;fundamental&#8221; para atribuir o pr\u00e9mio ao m\u00fasico. Al\u00e9m disso, na v\u00e9spera de uma data simb\u00f3lica como 25 de abril, o j\u00fari destaca tamb\u00e9m a rela\u00e7\u00e3o que Xico de Carinho mantinha com Zeca Afonso: <\/p>\n\n\n\n<blockquote class=\"wp-block-quote\">\n<p>&#8220;A sua profunda amizade com Jos\u00e9 Afonso confere um valor ainda mais especial \u00e0 sua carreira, pois nasce n\u00e3o s\u00f3 da admira\u00e7\u00e3o por uma figura importante da cultura portuguesa, mas tamb\u00e9m de um v\u00ednculo humano sincero e duradouro.&#8221; <\/p>\n<\/blockquote>\n\n\n\n<p>Concluindo a sua declara\u00e7\u00e3o, o j\u00fari de aRi[t]mar assegura que &#8220;reconhecer Xico de Carinho \u00e9, em suma, reconhecer uma vida dedicada a manter viva a luz da amizade galego-portuguesa&#8221;.<\/p>\n\n\n\n<p>Not\u00edcia original do peri\u00f3dico N\u00d3S Di\u00e1rio [Galiza].<\/p>\n","protected":false},"excerpt":{"rendered":"<p>Xico de Carinho, distinguido com o Pr\u00e9mio Especial do J\u00fari \u00e0 Embaixada da Amizade Galego-Lus\u00f3fona&#8230;<\/p>\n","protected":false},"author":2,"featured_media":16828,"comment_status":"open","ping_status":"open","sticky":true,"template":"","format":"standard","meta":{"sfsi_plus_gutenberg_text_before_share":"","sfsi_plus_gutenberg_show_text_before_share":"","sfsi_plus_gutenberg_icon_type":"","sfsi_plus_gutenberg_icon_alignemt":"","sfsi_plus_gutenburg_max_per_row":"","ngg_post_thumbnail":0,"footnotes":""},"categories":[768,238,395],"tags":[140],"featured_image_urls":{"full":["https:\/\/nsf.pt\/wp-content\/uploads\/2026\/04\/xico-Nos-Diario.jpg",1359,772,false],"thumbnail":["https:\/\/nsf.pt\/wp-content\/uploads\/2026\/04\/xico-Nos-Diario-150x150.jpg",150,150,true],"medium":["https:\/\/nsf.pt\/wp-content\/uploads\/2026\/04\/xico-Nos-Diario-300x170.jpg",300,170,true],"medium_large":["https:\/\/nsf.pt\/wp-content\/uploads\/2026\/04\/xico-Nos-Diario-768x436.jpg",640,363,true],"large":["https:\/\/nsf.pt\/wp-content\/uploads\/2026\/04\/xico-Nos-Diario-1024x582.jpg",640,364,true],"1536x1536":["https:\/\/nsf.pt\/wp-content\/uploads\/2026\/04\/xico-Nos-Diario.jpg",1359,772,false],"2048x2048":["https:\/\/nsf.pt\/wp-content\/uploads\/2026\/04\/xico-Nos-Diario.jpg",1359,772,false],"covernews-slider-full":["https:\/\/nsf.pt\/wp-content\/uploads\/2026\/04\/xico-Nos-Diario-1115x715.jpg",1115,715,true],"covernews-slider-center":["https:\/\/nsf.pt\/wp-content\/uploads\/2026\/04\/xico-Nos-Diario-800x500.jpg",800,500,true],"covernews-featured":["https:\/\/nsf.pt\/wp-content\/uploads\/2026\/04\/xico-Nos-Diario-1024x582.jpg",1024,582,true],"covernews-medium":["https:\/\/nsf.pt\/wp-content\/uploads\/2026\/04\/xico-Nos-Diario-540x340.jpg",540,340,true],"covernews-medium-square":["https:\/\/nsf.pt\/wp-content\/uploads\/2026\/04\/xico-Nos-Diario-400x250.jpg",400,250,true]},"author_info":{"info":["Carlos Ribeiro"]},"category_info":"<a href=\"https:\/\/nsf.pt\/index.php\/category\/abril2026\/\" rel=\"category tag\">ABRIL2026<\/a> <a href=\"https:\/\/nsf.pt\/index.php\/category\/destaque\/\" rel=\"category tag\">DESTAQUE<\/a> <a href=\"https:\/\/nsf.pt\/index.php\/category\/zeca-afonso\/\" rel=\"category tag\">ZECA AFONSO<\/a>","tag_info":"ZECA AFONSO","comment_count":"0","_links":{"self":[{"href":"https:\/\/nsf.pt\/index.php\/wp-json\/wp\/v2\/posts\/16827"}],"collection":[{"href":"https:\/\/nsf.pt\/index.php\/wp-json\/wp\/v2\/posts"}],"about":[{"href":"https:\/\/nsf.pt\/index.php\/wp-json\/wp\/v2\/types\/post"}],"author":[{"embeddable":true,"href":"https:\/\/nsf.pt\/index.php\/wp-json\/wp\/v2\/users\/2"}],"replies":[{"embeddable":true,"href":"https:\/\/nsf.pt\/index.php\/wp-json\/wp\/v2\/comments?post=16827"}],"version-history":[{"count":1,"href":"https:\/\/nsf.pt\/index.php\/wp-json\/wp\/v2\/posts\/16827\/revisions"}],"predecessor-version":[{"id":16829,"href":"https:\/\/nsf.pt\/index.php\/wp-json\/wp\/v2\/posts\/16827\/revisions\/16829"}],"wp:featuredmedia":[{"embeddable":true,"href":"https:\/\/nsf.pt\/index.php\/wp-json\/wp\/v2\/media\/16828"}],"wp:attachment":[{"href":"https:\/\/nsf.pt\/index.php\/wp-json\/wp\/v2\/media?parent=16827"}],"wp:term":[{"taxonomy":"category","embeddable":true,"href":"https:\/\/nsf.pt\/index.php\/wp-json\/wp\/v2\/categories?post=16827"},{"taxonomy":"post_tag","embeddable":true,"href":"https:\/\/nsf.pt\/index.php\/wp-json\/wp\/v2\/tags?post=16827"}],"curies":[{"name":"wp","href":"https:\/\/api.w.org\/{rel}","templated":true}]}}