{"id":17568,"date":"2026-08-31T17:00:15","date_gmt":"2026-08-31T17:00:15","guid":{"rendered":"https:\/\/nsf.pt\/?p=17568"},"modified":"2026-08-31T17:02:19","modified_gmt":"2026-08-31T17:02:19","slug":"25-anos-de-paixao","status":"publish","type":"post","link":"https:\/\/nsf.pt\/index.php\/2026\/08\/31\/25-anos-de-paixao\/","title":{"rendered":"25 anos de paix\u00e3o"},"content":{"rendered":"\n<h2 class=\"wp-block-heading\">Sons da Terra, em Sendim, festeja um quarto de s\u00e9culo de atividade<\/h2>\n\n\n\n<p class=\"\"><\/p>\n\n\n\n<p class=\"\"><\/p>\n\n\n\n<figure class=\"wp-block-image size-full is-resized\"><img decoding=\"async\" loading=\"lazy\" width=\"934\" height=\"538\" src=\"https:\/\/nsf.pt\/wp-content\/uploads\/2026\/08\/mario-correia_colaborador.jpg\" alt=\"\" class=\"wp-image-17569\" style=\"aspect-ratio:1.7360594795539033;width:210px;height:auto\" srcset=\"https:\/\/nsf.pt\/wp-content\/uploads\/2026\/08\/mario-correia_colaborador.jpg 934w, https:\/\/nsf.pt\/wp-content\/uploads\/2026\/08\/mario-correia_colaborador-300x173.jpg 300w, https:\/\/nsf.pt\/wp-content\/uploads\/2026\/08\/mario-correia_colaborador-768x442.jpg 768w\" sizes=\"(max-width: 934px) 100vw, 934px\" \/><\/figure>\n\n\n\n<h3 class=\"wp-block-heading\">M\u00e1rio Correia<\/h3>\n\n\n\n<p class=\"\">O Centro de M\u00fasica Tradicional Sons da Terra abriu em Sendim no dia em 1 de Setembro de 2001. Sem holofotes nem c\u00e2maras de filmar faz hoje 25 anos!<\/p>\n\n\n\n<p class=\"\">Assegurou as 24 edi\u00e7\u00f5es do Festival Interc\u00e9ltico de Sendim e realizou trabalho de campo de recolhas musicais da tradi\u00e7\u00e3o oral: cerca de 150 discos compactos editados, mais de um milhar de horas gravadas com gaiteiros, tamborileiros, cantares.<\/p>\n\n\n\n<blockquote class=\"wp-block-quote\">\n<p class=\"\"><strong>Arquivo fotogr\u00e1fico com cerca de oitenta mil fotos e registos videogr\u00e1ficos que j\u00e1 ultrapassam cinco centenas.<\/strong><\/p>\n<\/blockquote>\n\n\n\n<p class=\"\">Abordando temas musicais, etnogr\u00e1ficos, hist\u00f3ricos e liter\u00e1rios foram editados 52 livros. Participa\u00e7\u00e3o em numerosos semin\u00e1rios, congressos e confer\u00eancias e apoio a trabalhos de estudantes de antropologia e etnomusicologia.<\/p>\n\n\n\n<p class=\"\">Constitui\u00e7\u00e3o de uma fonoteca que ultrapassa mais de dez mil suportes fonogr\u00e1ficos (CD, K7, vinil, rolos\u2026) e de uma biblioteca com cerca de nove mil t\u00edtulos bibliogr\u00e1ficos.<\/p>\n\n\n\n<p class=\"\">Enfrentando dificuldades de v\u00e1ria ordem, como n\u00e3o nos podem desvalorizar somos combatidos pelo ostracismo dos invejosos, aos quais pagamos ignorando-os.<\/p>\n\n\n\n<blockquote class=\"wp-block-quote\">\n<p class=\"\"><strong>O que muito nos importa e satisfaz \u00e9 que fizemos amigos, muitos amigos, amigos para sempre: <\/strong><\/p>\n<\/blockquote>\n\n\n\n<p class=\"\">entre quem grav\u00e1mos e regist\u00e1mos, entre os que aqui vieram para festivalar ou estudar. Amizades e cumplicidades muito retemperadoras.<\/p>\n\n\n\n<p class=\"\">A obra aqui est\u00e1. Vale o que vale e fala por si.<\/p>\n\n\n\n<p class=\"\"><\/p>\n\n\n\n<h2 class=\"wp-block-heading\">GALERIA DE FOTOS &#8211; \u00a9 NSF<\/h2>\n\n\n\n<p class=\"\">Sons da Terra, um espa\u00e7o de cultura, de encontro, de conv\u00edvio e de boas conversas entre amigos. \u00a9 CVR-NSF<\/p>\n\n\n\n<p class=\"\"><\/p>\n\n\n\n<figure class=\"wp-block-gallery has-nested-images columns-default is-cropped wp-block-gallery-1 is-layout-flex wp-block-gallery-is-layout-flex\">\n<figure class=\"wp-block-image size-large\"><img decoding=\"async\" loading=\"lazy\" width=\"1024\" height=\"759\" data-id=\"17613\" src=\"https:\/\/nsf.pt\/wp-content\/uploads\/2026\/08\/st2-1-1024x759.jpg\" alt=\"\" class=\"wp-image-17613\" srcset=\"https:\/\/nsf.pt\/wp-content\/uploads\/2026\/08\/st2-1-1024x759.jpg 1024w, https:\/\/nsf.pt\/wp-content\/uploads\/2026\/08\/st2-1-300x222.jpg 300w, https:\/\/nsf.pt\/wp-content\/uploads\/2026\/08\/st2-1-768x569.jpg 768w, https:\/\/nsf.pt\/wp-content\/uploads\/2026\/08\/st2-1.jpg 1238w\" sizes=\"(max-width: 1024px) 100vw, 1024px\" \/><\/figure>\n\n\n\n<figure class=\"wp-block-image size-large\"><img decoding=\"async\" loading=\"lazy\" width=\"1024\" height=\"766\" data-id=\"17614\" src=\"https:\/\/nsf.pt\/wp-content\/uploads\/2026\/08\/st5-1-1024x766.jpg\" alt=\"\" class=\"wp-image-17614\" srcset=\"https:\/\/nsf.pt\/wp-content\/uploads\/2026\/08\/st5-1-1024x766.jpg 1024w, https:\/\/nsf.pt\/wp-content\/uploads\/2026\/08\/st5-1-300x225.jpg 300w, https:\/\/nsf.pt\/wp-content\/uploads\/2026\/08\/st5-1-768x575.jpg 768w, https:\/\/nsf.pt\/wp-content\/uploads\/2026\/08\/st5-1.jpg 1248w\" sizes=\"(max-width: 1024px) 100vw, 1024px\" \/><\/figure>\n<\/figure>\n\n\n\n<figure class=\"wp-block-gallery has-nested-images columns-default is-cropped wp-block-gallery-3 is-layout-flex wp-block-gallery-is-layout-flex\">\n<figure class=\"wp-block-image size-large\"><img decoding=\"async\" loading=\"lazy\" width=\"1024\" height=\"773\" data-id=\"17616\" src=\"https:\/\/nsf.pt\/wp-content\/uploads\/2026\/08\/st7-1024x773.jpg\" alt=\"\" class=\"wp-image-17616\" srcset=\"https:\/\/nsf.pt\/wp-content\/uploads\/2026\/08\/st7-1024x773.jpg 1024w, https:\/\/nsf.pt\/wp-content\/uploads\/2026\/08\/st7-300x226.jpg 300w, https:\/\/nsf.pt\/wp-content\/uploads\/2026\/08\/st7-768x579.jpg 768w, https:\/\/nsf.pt\/wp-content\/uploads\/2026\/08\/st7.jpg 1246w\" sizes=\"(max-width: 1024px) 100vw, 1024px\" \/><\/figure>\n\n\n\n<figure class=\"wp-block-image size-large\"><img decoding=\"async\" loading=\"lazy\" width=\"1024\" height=\"826\" data-id=\"17615\" src=\"https:\/\/nsf.pt\/wp-content\/uploads\/2026\/08\/st8-1-1024x826.jpg\" alt=\"\" class=\"wp-image-17615\" srcset=\"https:\/\/nsf.pt\/wp-content\/uploads\/2026\/08\/st8-1-1024x826.jpg 1024w, https:\/\/nsf.pt\/wp-content\/uploads\/2026\/08\/st8-1-300x242.jpg 300w, https:\/\/nsf.pt\/wp-content\/uploads\/2026\/08\/st8-1-768x619.jpg 768w, https:\/\/nsf.pt\/wp-content\/uploads\/2026\/08\/st8-1.jpg 1300w\" sizes=\"(max-width: 1024px) 100vw, 1024px\" \/><\/figure>\n\n\n\n<figure class=\"wp-block-image size-large\"><img decoding=\"async\" loading=\"lazy\" width=\"1024\" height=\"769\" data-id=\"17617\" src=\"https:\/\/nsf.pt\/wp-content\/uploads\/2026\/08\/st10-1024x769.jpg\" alt=\"\" class=\"wp-image-17617\" srcset=\"https:\/\/nsf.pt\/wp-content\/uploads\/2026\/08\/st10-1024x769.jpg 1024w, https:\/\/nsf.pt\/wp-content\/uploads\/2026\/08\/st10-300x225.jpg 300w, https:\/\/nsf.pt\/wp-content\/uploads\/2026\/08\/st10-768x577.jpg 768w, https:\/\/nsf.pt\/wp-content\/uploads\/2026\/08\/st10.jpg 1252w\" sizes=\"(max-width: 1024px) 100vw, 1024px\" \/><\/figure>\n<\/figure>\n\n\n\n<figure class=\"wp-block-gallery has-nested-images columns-default is-cropped wp-block-gallery-5 is-layout-flex wp-block-gallery-is-layout-flex\">\n<figure class=\"wp-block-image size-large\"><img decoding=\"async\" loading=\"lazy\" width=\"1024\" height=\"771\" data-id=\"17620\" src=\"https:\/\/nsf.pt\/wp-content\/uploads\/2026\/08\/st11-1-1024x771.jpg\" alt=\"\" class=\"wp-image-17620\" srcset=\"https:\/\/nsf.pt\/wp-content\/uploads\/2026\/08\/st11-1-1024x771.jpg 1024w, https:\/\/nsf.pt\/wp-content\/uploads\/2026\/08\/st11-1-300x226.jpg 300w, https:\/\/nsf.pt\/wp-content\/uploads\/2026\/08\/st11-1-768x578.jpg 768w, https:\/\/nsf.pt\/wp-content\/uploads\/2026\/08\/st11-1.jpg 1222w\" sizes=\"(max-width: 1024px) 100vw, 1024px\" \/><\/figure>\n\n\n\n<figure class=\"wp-block-image size-large\"><img decoding=\"async\" loading=\"lazy\" width=\"1024\" height=\"758\" data-id=\"17618\" src=\"https:\/\/nsf.pt\/wp-content\/uploads\/2026\/08\/st12-1-1024x758.jpg\" alt=\"\" class=\"wp-image-17618\" srcset=\"https:\/\/nsf.pt\/wp-content\/uploads\/2026\/08\/st12-1-1024x758.jpg 1024w, https:\/\/nsf.pt\/wp-content\/uploads\/2026\/08\/st12-1-300x222.jpg 300w, https:\/\/nsf.pt\/wp-content\/uploads\/2026\/08\/st12-1-768x569.jpg 768w, https:\/\/nsf.pt\/wp-content\/uploads\/2026\/08\/st12-1.jpg 1248w\" sizes=\"(max-width: 1024px) 100vw, 1024px\" \/><\/figure>\n\n\n\n<figure class=\"wp-block-image size-large\"><img decoding=\"async\" loading=\"lazy\" width=\"1024\" height=\"759\" data-id=\"17619\" src=\"https:\/\/nsf.pt\/wp-content\/uploads\/2026\/08\/st13-1-1024x759.jpg\" alt=\"\" class=\"wp-image-17619\" srcset=\"https:\/\/nsf.pt\/wp-content\/uploads\/2026\/08\/st13-1-1024x759.jpg 1024w, https:\/\/nsf.pt\/wp-content\/uploads\/2026\/08\/st13-1-300x222.jpg 300w, https:\/\/nsf.pt\/wp-content\/uploads\/2026\/08\/st13-1-768x569.jpg 768w, https:\/\/nsf.pt\/wp-content\/uploads\/2026\/08\/st13-1.jpg 1274w\" sizes=\"(max-width: 1024px) 100vw, 1024px\" \/><\/figure>\n<\/figure>\n","protected":false},"excerpt":{"rendered":"<p>Sons da Terra, em Sendim, festeja um quarto de s\u00e9culo de atividade M\u00e1rio Correia O&#8230;<\/p>\n","protected":false},"author":2,"featured_media":17621,"comment_status":"open","ping_status":"open","sticky":true,"template":"","format":"standard","meta":{"sfsi_plus_gutenberg_text_before_share":"","sfsi_plus_gutenberg_show_text_before_share":"","sfsi_plus_gutenberg_icon_type":"","sfsi_plus_gutenberg_icon_alignemt":"","sfsi_plus_gutenburg_max_per_row":"","footnotes":""},"categories":[238],"tags":[621],"post_badge":[],"featured_image_urls":{"full":["https:\/\/nsf.pt\/wp-content\/uploads\/2026\/08\/st4-2.jpg",1250,962,false],"thumbnail":["https:\/\/nsf.pt\/wp-content\/uploads\/2026\/08\/st4-2-150x150.jpg",150,150,true],"medium":["https:\/\/nsf.pt\/wp-content\/uploads\/2026\/08\/st4-2-300x231.jpg",300,231,true],"medium_large":["https:\/\/nsf.pt\/wp-content\/uploads\/2026\/08\/st4-2-768x591.jpg",640,493,true],"large":["https:\/\/nsf.pt\/wp-content\/uploads\/2026\/08\/st4-2-1024x788.jpg",640,493,true],"1536x1536":["https:\/\/nsf.pt\/wp-content\/uploads\/2026\/08\/st4-2.jpg",1250,962,false],"2048x2048":["https:\/\/nsf.pt\/wp-content\/uploads\/2026\/08\/st4-2.jpg",1250,962,false],"covernews-slider-full":["https:\/\/nsf.pt\/wp-content\/uploads\/2026\/08\/st4-2-1115x715.jpg",1115,715,true],"covernews-slider-center":["https:\/\/nsf.pt\/wp-content\/uploads\/2026\/08\/st4-2-800x500.jpg",800,500,true],"covernews-featured":["https:\/\/nsf.pt\/wp-content\/uploads\/2026\/08\/st4-2-1024x788.jpg",1024,788,true],"covernews-medium":["https:\/\/nsf.pt\/wp-content\/uploads\/2026\/08\/st4-2-540x340.jpg",540,340,true],"covernews-medium-square":["https:\/\/nsf.pt\/wp-content\/uploads\/2026\/08\/st4-2-400x250.jpg",400,250,true]},"author_info":{"info":["Carlos Ribeiro"]},"category_info":"<a href=\"https:\/\/nsf.pt\/index.php\/category\/destaque\/\" rel=\"category tag\">DESTAQUE<\/a>","tag_info":"DESTAQUE","comment_count":"0","post_mailing_queue_ids":[],"_links":{"self":[{"href":"https:\/\/nsf.pt\/index.php\/wp-json\/wp\/v2\/posts\/17568"}],"collection":[{"href":"https:\/\/nsf.pt\/index.php\/wp-json\/wp\/v2\/posts"}],"about":[{"href":"https:\/\/nsf.pt\/index.php\/wp-json\/wp\/v2\/types\/post"}],"author":[{"embeddable":true,"href":"https:\/\/nsf.pt\/index.php\/wp-json\/wp\/v2\/users\/2"}],"replies":[{"embeddable":true,"href":"https:\/\/nsf.pt\/index.php\/wp-json\/wp\/v2\/comments?post=17568"}],"version-history":[{"count":2,"href":"https:\/\/nsf.pt\/index.php\/wp-json\/wp\/v2\/posts\/17568\/revisions"}],"predecessor-version":[{"id":17623,"href":"https:\/\/nsf.pt\/index.php\/wp-json\/wp\/v2\/posts\/17568\/revisions\/17623"}],"wp:featuredmedia":[{"embeddable":true,"href":"https:\/\/nsf.pt\/index.php\/wp-json\/wp\/v2\/media\/17621"}],"wp:attachment":[{"href":"https:\/\/nsf.pt\/index.php\/wp-json\/wp\/v2\/media?parent=17568"}],"wp:term":[{"taxonomy":"category","embeddable":true,"href":"https:\/\/nsf.pt\/index.php\/wp-json\/wp\/v2\/categories?post=17568"},{"taxonomy":"post_tag","embeddable":true,"href":"https:\/\/nsf.pt\/index.php\/wp-json\/wp\/v2\/tags?post=17568"},{"taxonomy":"post_badge","embeddable":true,"href":"https:\/\/nsf.pt\/index.php\/wp-json\/wp\/v2\/post_badge?post=17568"}],"curies":[{"name":"wp","href":"https:\/\/api.w.org\/{rel}","templated":true}]}}