{"id":17624,"date":"2026-09-02T15:49:24","date_gmt":"2026-09-02T15:49:24","guid":{"rendered":"https:\/\/nsf.pt\/?p=17624"},"modified":"2026-09-02T15:49:28","modified_gmt":"2026-09-02T15:49:28","slug":"o-oportunismo","status":"publish","type":"post","link":"https:\/\/nsf.pt\/index.php\/2026\/09\/02\/o-oportunismo\/","title":{"rendered":"O oportunismo"},"content":{"rendered":"\n<h2 class=\"wp-block-heading\">De que lado estiveste quando ainda n\u00e3o sabias quem iria vencer?<\/h2>\n\n\n\n<p class=\"\"><\/p>\n\n\n\n<p class=\"\"><\/p>\n\n\n\n<figure class=\"wp-block-image size-full is-resized\"><img decoding=\"async\" loading=\"lazy\" width=\"737\" height=\"388\" src=\"https:\/\/nsf.pt\/wp-content\/uploads\/2026\/07\/ana-sampaio-monteiro_Col2.jpg\" alt=\"\" class=\"wp-image-17354\" style=\"aspect-ratio:1.8994845360824741;width:241px;height:auto\" srcset=\"https:\/\/nsf.pt\/wp-content\/uploads\/2026\/07\/ana-sampaio-monteiro_Col2.jpg 737w, https:\/\/nsf.pt\/wp-content\/uploads\/2026\/07\/ana-sampaio-monteiro_Col2-300x158.jpg 300w\" sizes=\"(max-width: 737px) 100vw, 737px\" \/><\/figure>\n\n\n\n<p class=\"\"><\/p>\n\n\n\n<h3 class=\"wp-block-heading\">Ana Sampaio Monteiro<\/h3>\n\n\n\n<p class=\"\"><\/p>\n\n\n\n<h3 class=\"wp-block-heading\">1 de setembro de 1939<\/h3>\n\n\n\n<p class=\"\">Diz o ad\u00e1gio portugu\u00eas:<\/p>\n\n\n\n<p class=\"\">\u201cSe n\u00e3o podes vencer o teu inimigo, junta-te a ele.\u201d<\/p>\n\n\n\n<p class=\"\">E outro, igualmente conhecido:<\/p>\n\n\n\n<p class=\"\">\u201cAmigo de todos, amigo de ningu\u00e9m.\u201d<\/p>\n\n\n\n<p class=\"\">S\u00e3o prov\u00e9rbios populares. Mas, quando transformados em princ\u00edpio de vida, podem esconder algo bem menos inocente do que prud\u00eancia: o OPORTUNISMO.<\/p>\n\n\n\n<blockquote class=\"wp-block-quote\">\n<p class=\"\"><strong>H\u00e1 quem esteja sempre do lado certo &#8211; n\u00e3o porque tenha princ\u00edpios, mas porque escolhe cuidadosamente o lado que parece mais forte.<\/strong><\/p>\n<\/blockquote>\n\n\n\n<p class=\"\">Muda de opini\u00e3o conforme muda o poder.<\/p>\n\n\n\n<p class=\"\">Muda de convic\u00e7\u00f5es conforme mudam as circunst\u00e2ncias.<\/p>\n\n\n\n<p class=\"\">E consegue faz\u00ea-lo sem sentir pejo ou fazer mossa.<\/p>\n\n\n\n<p class=\"\">\u00c9 uma das formas mais evidentes de aus\u00eancia de car\u00e1cter e de deslealdade.<\/p>\n\n\n\n<p class=\"\">Contudo, o TEMPO acaba sempre por revelar quem cada um realmente \u00e9.<\/p>\n\n\n\n<p class=\"\">I &#8211; 1 DE SETEMBRO DE 1939<\/p>\n\n\n\n<p class=\"\">Hoje, 1 de Setembro de 2026, passam 87 anos sobre o acontecimento que iniciaria a Segunda Guerra Mundial.<\/p>\n\n\n\n<p class=\"\">Nesse dia, Adolf Hitler invadia a Pol\u00f3nia &#8211; pa\u00eds militarmente impreparado, de soberania relativamente recente, incapaz de resistir \u00e0 esmagadora superioridade militar alem\u00e3.<\/p>\n\n\n\n<p class=\"\">Dois dias depois, a Gr\u00e3-Bretanha e a Fran\u00e7a declaravam guerra \u00e0 Alemanha.<\/p>\n\n\n\n<p class=\"\">A guerra come\u00e7ava.<\/p>\n\n\n\n<p class=\"\">Mas a sua prepara\u00e7\u00e3o pol\u00edtica vinha de tr\u00e1s.<\/p>\n\n\n\n<p class=\"\">Meses antes, Hitler celebrara com Jos\u00e9 Estaline o Pacto Germano-Sovi\u00e9tico de N\u00e3o Agress\u00e3o.<\/p>\n\n\n\n<p class=\"\">Dois ditadores que nutriam um pelo outro uma profunda hostilidade ideol\u00f3gica encontravam, ainda assim, uma converg\u00eancia suficiente para dividir territ\u00f3rios e satisfazer ambi\u00e7\u00f5es imperialistas.<\/p>\n\n\n\n<p class=\"\">A Pol\u00f3nia seria dividida entre os dois.<\/p>\n\n\n\n<blockquote class=\"wp-block-quote\">\n<p class=\"\"><strong>Quando o poder e a ambi\u00e7\u00e3o falam mais alto, at\u00e9 os inimigos podem tornar-se aliados tempor\u00e1rios.<\/strong><\/p>\n<\/blockquote>\n\n\n\n<p class=\"\">Um ano antes, em 29 de Setembro de 1938, o Acordo de Munique tinha mostrado at\u00e9 onde podia chegar a ingenuidade dos que acreditavam conseguir conter Hitler atrav\u00e9s de concess\u00f5es.<\/p>\n\n\n\n<p class=\"\">Estavam presentes:<\/p>\n\n\n\n<p class=\"\">Neville Chamberlain, Primeiro-Ministro brit\u00e2nico, l\u00edder do Partido Conservador e chefe do Governo de Jorge VI;<\/p>\n\n\n\n<p class=\"\">\u00c9douard Daladier, Presidente do Conselho de Fran\u00e7a, cujo antecessor havia sido L\u00e9on Blum;<\/p>\n\n\n\n<p class=\"\">Benito Mussolini, Primeiro-Ministro de It\u00e1lia, apresentado como mediador e pacificador perante o expansionismo alem\u00e3o, mas validador das inten\u00e7\u00f5es de Hitler,<\/p>\n\n\n\n<p class=\"\">e<\/p>\n\n\n\n<p class=\"\">Adolf Hitler, o F\u00fchrer da Alemanha.<\/p>\n\n\n\n<p class=\"\">Chamberlain e Daladier haveriam de ficar na Hist\u00f3ria tamb\u00e9m pela sua ingenuidade pol\u00edtica.<\/p>\n\n\n\n<p class=\"\">Ao regressar a Londres, Chamberlain declarou euf\u00f3rico,<\/p>\n\n\n\n<blockquote class=\"wp-block-quote\">\n<p class=\"\"><strong>\u201cCreio que \u00e9 a paz para o nosso tempo. Podemos dormir descansados.\u201d<\/strong><\/p>\n<\/blockquote>\n\n\n\n<p class=\"\">Seriam afastados logo a seguir.<\/p>\n\n\n\n<p class=\"\">Winston Churchill muito mais dif\u00edcil de iludir quanto \u00e0s inten\u00e7\u00f5es de Hitler, haveria de assumir a lideran\u00e7a brit\u00e2nica.<\/p>\n\n\n\n<p class=\"\">Em Fran\u00e7a, seria Paul Reynaud antes de ser preso pelos alem\u00e3es ap\u00f3s a ocupa\u00e7\u00e3o de Fran\u00e7a.<\/p>\n\n\n\n<p class=\"\">Estaline, por sua vez, haveria de descobrir da pior maneira poss\u00edvel a trai\u00e7\u00e3o de Hitler.<\/p>\n\n\n\n<p class=\"\">Em 22 de Junho de 1941, a URSS seria invadida.<\/p>\n\n\n\n<p class=\"\">II &#8211; SEIS ANOS DE BARB\u00c1RIE<\/p>\n\n\n\n<p class=\"\">A guerra que come\u00e7ou em Setembro de 1939 tornar-se-ia a mais mort\u00edfera e cruel de toda a Hist\u00f3ria da Humanidade:<\/p>\n\n\n\n<ul class=\"\">\n<li class=\"\">60 milh\u00f5es de mortos.<\/li>\n\n\n\n<li class=\"\">O armamento mais b\u00e1rbaro e sofisticado.<\/li>\n\n\n\n<li class=\"\">A destrui\u00e7\u00e3o de cidades inteiras.<\/li>\n\n\n\n<li class=\"\">O Holocausto.<\/li>\n\n\n\n<li class=\"\">O maior genoc\u00eddio da Hist\u00f3ria.<\/li>\n\n\n\n<li class=\"\">Duas bombas at\u00f3micas.<\/li>\n<\/ul>\n\n\n\n<p class=\"\">Seis anos de uma viol\u00eancia que revelou aquilo que de mais hediondo o ser humano \u00e9 capaz de esconder dentro de si.<\/p>\n\n\n\n<p class=\"\">E, no meio de tudo isto, houve tamb\u00e9m homens que escolheram colaborar.<\/p>\n\n\n\n<p class=\"\">Homens que escolheram o lado do mais forte.<\/p>\n\n\n\n<p class=\"\">Homens que aceitaram a ocupa\u00e7\u00e3o, o autoritarismo, a persegui\u00e7\u00e3o e o crime porque acreditaram que, dessa forma, conseguiriam preservar o poder, a posi\u00e7\u00e3o social ou a pr\u00f3pria sobreviv\u00eancia.<\/p>\n\n\n\n<p class=\"\">A Hist\u00f3ria guardou os seus nomes.<\/p>\n\n\n\n<blockquote class=\"wp-block-quote\">\n<p class=\"\"><strong>E alguns tornaram-se, eles pr\u00f3prios, sin\u00f3nimos da palavra trai\u00e7\u00e3o contra a humanidade<\/strong>.<\/p>\n<\/blockquote>\n\n\n\n<p class=\"\">&#8211; BENITO MUSSOLINI- IT\u00c1LIA<\/p>\n\n\n\n<p class=\"\">Aliado convicto de Hitler. O seu oportunismo estrat\u00e9gico acabaria, por\u00e9m, por conduzir a It\u00e1lia \u00e0 cat\u00e1strofe, \u00e0 queda do regime.<\/p>\n\n\n\n<p class=\"\">Morreu executado, foi pendurado pelos p\u00e9s, em 28 de Abril de 1945,<\/p>\n\n\n\n<p class=\"\">&#8211; PHILIPPE P\u00c9TAIN &#8211; FRAN\u00c7A<\/p>\n\n\n\n<p class=\"\">Marechal, tornou-se chefe do regime de Vichy.<\/p>\n\n\n\n<p class=\"\">Fundou um governo autorit\u00e1rio e colaboracionista, alinhado com a Alemanha Nazi.<\/p>\n\n\n\n<p class=\"\">A Fran\u00e7a derrotada encontrou nele um homem disposto a colaborar com o ocupante.<\/p>\n\n\n\n<p class=\"\">O general Charles de Gaulle comutou-lhe a pena para pris\u00e3o perp\u00e9tua.<\/p>\n\n\n\n<p class=\"\">Morreu em 1951.<\/p>\n\n\n\n<p class=\"\">&#8211; VIDKUN QUISLING &#8211; NORUEGA<\/p>\n\n\n\n<p class=\"\">Ministro-Presidente da Noruega em 1942, tornou-se chefe de um governo fantoche pr\u00f3-nazi. Colaborou no holocausto.<\/p>\n\n\n\n<p class=\"\">Foi fuzilado em 1945, em Oslo.<\/p>\n\n\n\n<p class=\"\">O seu nome tornou-se, em v\u00e1rios idiomas, sin\u00f3nimo de \u201ctraidor\u201d ou \u201ccolaboracionista\u201d.<\/p>\n\n\n\n<p class=\"\">-ANTE PAVELI\u0106 &#8211; CRO\u00c1CIA<\/p>\n\n\n\n<p class=\"\">Chefe do Estado, promoveu um dos genoc\u00eddios mais brutais da guerra, tendo como v\u00edtimas s\u00e9rvios, judeus e ciganos.<\/p>\n\n\n\n<p class=\"\">Francisco Franco concedeu-lhe asilo.<\/p>\n\n\n\n<p class=\"\">Morreu em Madrid, em 1959.<\/p>\n\n\n\n<p class=\"\">&#8211; JOZEF TISO &#8211; ESLOV\u00c1QUIA<\/p>\n\n\n\n<p class=\"\">Sacerdote cat\u00f3lico, tornou-se o primeiro Estado aliado da Alemanha a deportar a sua pr\u00f3pria popula\u00e7\u00e3o judaica para os campos de concentra\u00e7\u00e3o.<\/p>\n\n\n\n<p class=\"\">No final da guerra foi condenado \u00e0 morte, foi enforcado em Bratislava, em 1947.<\/p>\n\n\n\n<p class=\"\">&#8211; ION ANTONESCU &#8211; ROM\u00c9NIA<\/p>\n\n\n\n<p class=\"\">Marechal e ditador, governou sob os ausp\u00edcios do Terceiro Reich.<\/p>\n\n\n\n<p class=\"\">Enviou centenas de milhares de soldados romenos para a invas\u00e3o da Uni\u00e3o Sovi\u00e9tica e promoveu o Holocausto na Rom\u00e9nia.<\/p>\n\n\n\n<p class=\"\">Foi executado por fuzilamento, em 1946.<\/p>\n\n\n\n<p class=\"\">-MIKL\u00d3S HORTHY E FERENC SZ\u00c1LASI &#8211; HUNGRIA<\/p>\n\n\n\n<p class=\"\">&#8211; FERENC SZ\u00c1LASI, l\u00edder do partido fascista.<\/p>\n\n\n\n<p class=\"\">Foi enforcado em Budapeste, em 1946.<\/p>\n\n\n\n<p class=\"\">MIKL\u00d3S HORTHY obteve asilo de Salazar. Morreu, em 1957, no Estoril.<\/p>\n\n\n\n<p class=\"\">&#8211; ANT\u00d3NIO DE OLIVEIRA SALAZAR<\/p>\n\n\n\n<p class=\"\">\u00c9 aqui que a palavra ambiguidade ganha uma dimens\u00e3o particularmente inc\u00f3moda.<\/p>\n\n\n\n<p class=\"\">SALAZAR manteve oficialmente Portugal neutral durante a Segunda Guerra Mundial.<\/p>\n\n\n\n<p class=\"\">Mas neutralidade n\u00e3o significava necessariamente equidist\u00e2ncia moral.<\/p>\n\n\n\n<p class=\"\">A sua pol\u00edtica foi cuidadosamente constru\u00edda entre interesses econ\u00f3micos, sobreviv\u00eancia do regime, manuten\u00e7\u00e3o do imp\u00e9rio ultramarino, equil\u00edbrio diplom\u00e1tico e muita hipocrisia e embuste.<\/p>\n\n\n\n<p class=\"\">German\u00f3filo convicto, soube, contudo, recorrer \u00e0 hist\u00f3rica Alian\u00e7a Luso-Brit\u00e2nica quando isso se revelou conveniente:<\/p>\n\n\n\n<p class=\"\">em 1943, permitiu o uso da Base A\u00e9rea das Lajes, nos A\u00e7ores, primeiro pela For\u00e7a A\u00e9rea Brit\u00e2nica e posteriormente pelos Estados Unidos.<\/p>\n\n\n\n<blockquote class=\"wp-block-quote\">\n<p class=\"\"><strong>Concedeu asilo a ditadores e colaboradores dos regimes derrotados.<\/strong><\/p>\n<\/blockquote>\n\n\n\n<p class=\"\">E, ap\u00f3s a morte de Adolf Hitler, decretou tr\u00eas dias de luto oficial.<\/p>\n\n\n\n<p class=\"\">No final da guerra, o nazi-fascismo fora derrotado em toda a Europa.<\/p>\n\n\n\n<p class=\"\">Mas n\u00e3o em Portugal.<\/p>\n\n\n\n<p class=\"\">Nem em Espanha.<\/p>\n\n\n\n<p class=\"\">Temendo que os ventos da democracia chegassem finalmente ao pa\u00eds, Salazar prometeu elei\u00e7\u00f5es legislativas \u201ct\u00e3o livres como na livre Inglaterra\u201d &#8211; mera tergiversa\u00e7\u00e3o inescrupulosa, esperava uma desmesurada gratid\u00e3o por \u201cter livrado os portugueses da guerra\u201d.<\/p>\n\n\n\n<p class=\"\">Quando milhares de portugueses opositores do regime se identificaram publicamente nas listas apresentadas para a constitui\u00e7\u00e3o do MUD &#8211; Movimento de Unidade Democr\u00e1tica -, o regime reagiu e tremeu; n\u00e3o contava com assaz \u201cfalta de considera\u00e7\u00e3o\u201d e \u201cdesfa\u00e7atez\u201d.<\/p>\n\n\n\n<p class=\"\">Vingou-se.<\/p>\n\n\n\n<p class=\"\">Os ditadores retaliam sempre contra quem tem a coragem de os enfrentar, protegidos e aplaudidos pela legi\u00e3o de sequazes &#8211; de recrutamento acess\u00edvel &#8211; que, por conveni\u00eancia, vingan\u00e7a injustific\u00e1vel, medo, raiva ou inveja, lhes alimenta o poder.<\/p>\n\n\n\n<p class=\"\">Os nomes foram entregues \u00e0 PIDE.<\/p>\n\n\n\n<p class=\"\">E esses homens e mulheres pagaram caro pela coragem de se identificarem como democratas.<\/p>\n\n\n\n<p class=\"\">Foram perseguidos.<\/p>\n\n\n\n<p class=\"\">Foram privados das suas condi\u00e7\u00f5es de vida e de trabalho.<\/p>\n\n\n\n<p class=\"\">Foram silenciados.<\/p>\n\n\n\n<p class=\"\">A promessa de liberdade revelou-se, uma vez mais, apenas uma ferramenta de sobreviv\u00eancia do poder.<\/p>\n\n\n\n<p class=\"\">Morreria em 1970.<\/p>\n\n\n\n<p class=\"\">&#8211; FRANCISCO FRANCO &#8211; ESPANHA<\/p>\n\n\n\n<p class=\"\">FRANCO manteve a Espanha numa posi\u00e7\u00e3o de \u201cn\u00e3o-beliger\u00e2ncia\u201d e posteriormente de neutralidade.<\/p>\n\n\n\n<p class=\"\">Que n\u00e3o impediram um forte apoio ideol\u00f3gico, militar e econ\u00f3mico \u00e0 Alemanha Nazi e \u00e0 It\u00e1lia Fascista.<\/p>\n\n\n\n<p class=\"\">Morreria em 1975.<\/p>\n\n\n\n<p class=\"\">III &#8211; A HIST\u00d3RIA N\u00c3O ESQUECE.<\/p>\n\n\n\n<p class=\"\">\u00c9 por isso que o 1 de Setembro de 1939 n\u00e3o deve ser apenas uma data no calend\u00e1rio.<\/p>\n\n\n\n<p class=\"\">Deve ser uma advert\u00eancia.<\/p>\n\n\n\n<p class=\"\">Porque uma guerra n\u00e3o \u00e9 feita apenas por soldados.<\/p>\n\n\n\n<p class=\"\">\u00c9 feita tamb\u00e9m por escolhas:<\/p>\n\n\n\n<p class=\"\">de quem resiste.<\/p>\n\n\n\n<p class=\"\">de quem denuncia.<\/p>\n\n\n\n<p class=\"\">de quem se cala.<\/p>\n\n\n\n<p class=\"\">de quem colabora.<\/p>\n\n\n\n<p class=\"\">de quem fecha os olhos.<\/p>\n\n\n\n<p class=\"\">O oportunismo pode ser uma estrat\u00e9gia de sobreviv\u00eancia; raramente \u00e9 uma estrat\u00e9gia de honra.<\/p>\n\n\n\n<p class=\"\">A Hist\u00f3ria permanece.<\/p>\n\n\n\n<p class=\"\">E quando chega a hora do julgamento, h\u00e1 homens que ficam recordados pela coragem de defender os seus princ\u00edpios quando faz\u00ea-lo tinha um pre\u00e7o.<\/p>\n\n\n\n<p class=\"\">E h\u00e1 outros que ficam recordados por uma \u00fanica caracter\u00edstica:<\/p>\n\n\n\n<p class=\"\">estiveram sempre do lado de quem parecia ganhar.<\/p>\n\n\n\n<p class=\"\">At\u00e9 deixarem de ganhar.<\/p>\n\n\n\n<p class=\"\">E talvez seja essa a defini\u00e7\u00e3o mais cruel de deslealdade.<\/p>\n\n\n\n<p class=\"\">E n\u00e3o esque\u00e7amos nunca:<\/p>\n\n\n\n<p class=\"\">a Hist\u00f3ria n\u00e3o pergunta apenas quem venceu.<\/p>\n\n\n\n<p class=\"\">Pergunta tamb\u00e9m:<\/p>\n\n\n\n<p class=\"\">DE QUE LADO ESTIVESTE QUANDO AINDA N\u00c3O SABIAS QUEM IRIA VENCER?<\/p>\n","protected":false},"excerpt":{"rendered":"<p>De que lado estiveste quando ainda n\u00e3o sabias quem iria vencer? Ana Sampaio Monteiro 1&#8230;<\/p>\n","protected":false},"author":2,"featured_media":17626,"comment_status":"open","ping_status":"open","sticky":true,"template":"","format":"standard","meta":{"sfsi_plus_gutenberg_text_before_share":"","sfsi_plus_gutenberg_show_text_before_share":"","sfsi_plus_gutenberg_icon_type":"","sfsi_plus_gutenberg_icon_alignemt":"","sfsi_plus_gutenburg_max_per_row":"","footnotes":""},"categories":[790,238],"tags":[799],"post_badge":[],"featured_image_urls":{"full":["https:\/\/nsf.pt\/wp-content\/uploads\/2026\/09\/fasc-ismo2.jpg",1378,982,false],"thumbnail":["https:\/\/nsf.pt\/wp-content\/uploads\/2026\/09\/fasc-ismo2-150x150.jpg",150,150,true],"medium":["https:\/\/nsf.pt\/wp-content\/uploads\/2026\/09\/fasc-ismo2-300x214.jpg",300,214,true],"medium_large":["https:\/\/nsf.pt\/wp-content\/uploads\/2026\/09\/fasc-ismo2-768x547.jpg",640,456,true],"large":["https:\/\/nsf.pt\/wp-content\/uploads\/2026\/09\/fasc-ismo2-1024x730.jpg",640,456,true],"1536x1536":["https:\/\/nsf.pt\/wp-content\/uploads\/2026\/09\/fasc-ismo2.jpg",1378,982,false],"2048x2048":["https:\/\/nsf.pt\/wp-content\/uploads\/2026\/09\/fasc-ismo2.jpg",1378,982,false],"covernews-slider-full":["https:\/\/nsf.pt\/wp-content\/uploads\/2026\/09\/fasc-ismo2-1115x715.jpg",1115,715,true],"covernews-slider-center":["https:\/\/nsf.pt\/wp-content\/uploads\/2026\/09\/fasc-ismo2-800x500.jpg",800,500,true],"covernews-featured":["https:\/\/nsf.pt\/wp-content\/uploads\/2026\/09\/fasc-ismo2-1024x730.jpg",1024,730,true],"covernews-medium":["https:\/\/nsf.pt\/wp-content\/uploads\/2026\/09\/fasc-ismo2-540x340.jpg",540,340,true],"covernews-medium-square":["https:\/\/nsf.pt\/wp-content\/uploads\/2026\/09\/fasc-ismo2-400x250.jpg",400,250,true]},"author_info":{"info":["Carlos Ribeiro"]},"category_info":"<a href=\"https:\/\/nsf.pt\/index.php\/category\/combate-a-extrema-direita\/\" rel=\"category tag\">COMBATE \u00c0 EXTREMA-DIREITA<\/a> <a href=\"https:\/\/nsf.pt\/index.php\/category\/destaque\/\" rel=\"category tag\">DESTAQUE<\/a>","tag_info":"DESTAQUE","comment_count":"0","post_mailing_queue_ids":[],"_links":{"self":[{"href":"https:\/\/nsf.pt\/index.php\/wp-json\/wp\/v2\/posts\/17624"}],"collection":[{"href":"https:\/\/nsf.pt\/index.php\/wp-json\/wp\/v2\/posts"}],"about":[{"href":"https:\/\/nsf.pt\/index.php\/wp-json\/wp\/v2\/types\/post"}],"author":[{"embeddable":true,"href":"https:\/\/nsf.pt\/index.php\/wp-json\/wp\/v2\/users\/2"}],"replies":[{"embeddable":true,"href":"https:\/\/nsf.pt\/index.php\/wp-json\/wp\/v2\/comments?post=17624"}],"version-history":[{"count":2,"href":"https:\/\/nsf.pt\/index.php\/wp-json\/wp\/v2\/posts\/17624\/revisions"}],"predecessor-version":[{"id":17627,"href":"https:\/\/nsf.pt\/index.php\/wp-json\/wp\/v2\/posts\/17624\/revisions\/17627"}],"wp:featuredmedia":[{"embeddable":true,"href":"https:\/\/nsf.pt\/index.php\/wp-json\/wp\/v2\/media\/17626"}],"wp:attachment":[{"href":"https:\/\/nsf.pt\/index.php\/wp-json\/wp\/v2\/media?parent=17624"}],"wp:term":[{"taxonomy":"category","embeddable":true,"href":"https:\/\/nsf.pt\/index.php\/wp-json\/wp\/v2\/categories?post=17624"},{"taxonomy":"post_tag","embeddable":true,"href":"https:\/\/nsf.pt\/index.php\/wp-json\/wp\/v2\/tags?post=17624"},{"taxonomy":"post_badge","embeddable":true,"href":"https:\/\/nsf.pt\/index.php\/wp-json\/wp\/v2\/post_badge?post=17624"}],"curies":[{"name":"wp","href":"https:\/\/api.w.org\/{rel}","templated":true}]}}