{"id":17629,"date":"2026-09-06T08:16:30","date_gmt":"2026-09-06T08:16:30","guid":{"rendered":"https:\/\/nsf.pt\/?p=17629"},"modified":"2026-09-06T08:16:34","modified_gmt":"2026-09-06T08:16:34","slug":"a-importancia-de-varrer","status":"publish","type":"post","link":"https:\/\/nsf.pt\/index.php\/2026\/09\/06\/a-importancia-de-varrer\/","title":{"rendered":"A import\u00e2ncia de VARRER"},"content":{"rendered":"\n<h2 class=\"wp-block-heading\">CONTADORES DE HIST\u00d3RIAS &#8211; Vai ser lindo, o inverno, vai vai<\/h2>\n\n\n\n<p class=\"\"><\/p>\n\n\n\n<figure class=\"wp-block-image size-full is-resized\"><img decoding=\"async\" loading=\"lazy\" width=\"621\" height=\"564\" src=\"https:\/\/nsf.pt\/wp-content\/uploads\/2026\/05\/manuela-matos-Monteiro.jpg\" alt=\"\" class=\"wp-image-16894\" style=\"aspect-ratio:1.101063829787234;width:152px;height:auto\" srcset=\"https:\/\/nsf.pt\/wp-content\/uploads\/2026\/05\/manuela-matos-Monteiro.jpg 621w, https:\/\/nsf.pt\/wp-content\/uploads\/2026\/05\/manuela-matos-Monteiro-300x272.jpg 300w\" sizes=\"(max-width: 621px) 100vw, 621px\" \/><\/figure>\n\n\n\n<h3 class=\"wp-block-heading\">Manuela Matos Monteiro<\/h3>\n\n\n\n<p class=\"\">Gosto de varrer. Varrer desanuvia-me a cabe\u00e7a. H\u00e1 textos que se resolvem enquanto agito a vassoura em movimentos pendulares a empurrar o p\u00f3 para a frente. N\u00e3o penso em nada de especial mas, quando volto ao texto emperrado est\u00e1 mais solto.<\/p>\n\n\n\n<p class=\"\">Hoje fui varrer a rua porque era preciso: as f\u00e9rias acumularam mais lixo do que o que deviam e l\u00e1 fui eu. Parei 3 vezes: com a D. J\u00falia a perguntar como foram as f\u00e9rias, e a queixar-se que agora os joelhos a massacravam, mesmo no ver\u00e3o \u201cVai ser lindo, o inverno, vai vai\u201d e as patroas querem \u00e9 o servi\u00e7o feito!<\/p>\n\n\n\n<p class=\"\">Pouco depois, passou o Bu (av\u00f4, para a gente da rua) a ver cada vez pior com os 80 a pesar cada vez mais. \u201cMas vi que o MIRA estava de f\u00e9rias! Faz diferen\u00e7a ver estas portas fechadas!\u201d E l\u00e1 foi ele Miraflor acima depois de me dar as habituais palmadinhas nas bochechas.<\/p>\n\n\n\n<p class=\"\">A Bininha tamb\u00e9m parou e foi direta ao que lhe moia a alma \u201cA minha prima anda aflita; o marido tem dois tumores no c\u00e9rebro. Foi operado mas est\u00e1 desenganado. E n\u00e3o deixa ningu\u00e9m dormir, sempre a chamar, a chamar\u201d. Fica-se sem palavras para al\u00e9m do meu mantra \u201cTemos de apreciar o bem que temos, enquanto temos\u201d. A Bininha encolheu os ombros e pouco convencida desceu o passeio e foi para casa algumas portas abaixo com um \u201dSa\u00fadinha, porque sem ela mais nada importa na vida\u201d Pois \u00e9 &#8230; \u00e9 o que fica para dizer.<\/p>\n\n\n\n<p class=\"\">Quando perguntam porque raz\u00e3o a rua aceitou e acarinhou tanto o MIRA, enumero: reabilita\u00e7\u00e3o dos armaz\u00e9ns em ru\u00edna, mais movimento na rua, mais alegria mas o passaporte para a aceita\u00e7\u00e3o come\u00e7ou com o varrer a rua. Era o que nos irmanava porque necess\u00e1rio, comum, dom\u00e9stico, porque todos varremos de maneira parecida. Todas as conversas come\u00e7avam pela \u201cvassoura\u201d depois escalavam para o tempo e a seguir para a sa\u00fade. Depois as conversas especializavam-se para a vida de cada um (sobretudo cada uma porque as mulheres s\u00e3o as que mais falam, as que mais abrem a caixa das dores e dos desabafos!).<\/p>\n\n\n\n<p class=\"\">Olhei para vassoura enquanto trazia o apanhador e ao v\u00ea-la junto \u00e0 porta entreaberta, pareceu-me que figurava uma pequena met\u00e1fora da hist\u00f3ria do MIRA.<\/p>\n\n\n\n<p class=\"\"><\/p>\n\n\n\n<figure class=\"wp-block-gallery has-nested-images columns-default is-cropped wp-block-gallery-1 is-layout-flex wp-block-gallery-is-layout-flex\">\n<figure class=\"wp-block-image size-large\"><img decoding=\"async\" loading=\"lazy\" width=\"1024\" height=\"635\" data-id=\"17630\" src=\"https:\/\/nsf.pt\/wp-content\/uploads\/2026\/09\/arrer-1024x635.jpg\" alt=\"\" class=\"wp-image-17630\" srcset=\"https:\/\/nsf.pt\/wp-content\/uploads\/2026\/09\/arrer-1024x635.jpg 1024w, https:\/\/nsf.pt\/wp-content\/uploads\/2026\/09\/arrer-300x186.jpg 300w, https:\/\/nsf.pt\/wp-content\/uploads\/2026\/09\/arrer-768x476.jpg 768w, https:\/\/nsf.pt\/wp-content\/uploads\/2026\/09\/arrer.jpg 1456w\" sizes=\"(max-width: 1024px) 100vw, 1024px\" \/><\/figure>\n<\/figure>\n\n\n\n<p class=\"\">\u00a9 Manuela matos Monteiro<\/p>\n","protected":false},"excerpt":{"rendered":"<p>CONTADORES DE HIST\u00d3RIAS &#8211; Vai ser lindo, o inverno, vai vai Manuela Matos Monteiro Gosto&#8230;<\/p>\n","protected":false},"author":2,"featured_media":17630,"comment_status":"open","ping_status":"open","sticky":true,"template":"","format":"standard","meta":{"sfsi_plus_gutenberg_text_before_share":"","sfsi_plus_gutenberg_show_text_before_share":"","sfsi_plus_gutenberg_icon_type":"","sfsi_plus_gutenberg_icon_alignemt":"","sfsi_plus_gutenburg_max_per_row":"","footnotes":""},"categories":[452,238],"tags":[632],"post_badge":[],"featured_image_urls":{"full":["https:\/\/nsf.pt\/wp-content\/uploads\/2026\/09\/arrer.jpg",1456,903,false],"thumbnail":["https:\/\/nsf.pt\/wp-content\/uploads\/2026\/09\/arrer-150x150.jpg",150,150,true],"medium":["https:\/\/nsf.pt\/wp-content\/uploads\/2026\/09\/arrer-300x186.jpg",300,186,true],"medium_large":["https:\/\/nsf.pt\/wp-content\/uploads\/2026\/09\/arrer-768x476.jpg",640,397,true],"large":["https:\/\/nsf.pt\/wp-content\/uploads\/2026\/09\/arrer-1024x635.jpg",640,397,true],"1536x1536":["https:\/\/nsf.pt\/wp-content\/uploads\/2026\/09\/arrer.jpg",1456,903,false],"2048x2048":["https:\/\/nsf.pt\/wp-content\/uploads\/2026\/09\/arrer.jpg",1456,903,false],"covernews-slider-full":["https:\/\/nsf.pt\/wp-content\/uploads\/2026\/09\/arrer-1115x715.jpg",1115,715,true],"covernews-slider-center":["https:\/\/nsf.pt\/wp-content\/uploads\/2026\/09\/arrer-800x500.jpg",800,500,true],"covernews-featured":["https:\/\/nsf.pt\/wp-content\/uploads\/2026\/09\/arrer-1024x635.jpg",1024,635,true],"covernews-medium":["https:\/\/nsf.pt\/wp-content\/uploads\/2026\/09\/arrer-540x340.jpg",540,340,true],"covernews-medium-square":["https:\/\/nsf.pt\/wp-content\/uploads\/2026\/09\/arrer-400x250.jpg",400,250,true]},"author_info":{"info":["Carlos Ribeiro"]},"category_info":"<a href=\"https:\/\/nsf.pt\/index.php\/category\/contadores-de-historias\/\" rel=\"category tag\">CONTADORES DE HIST\u00d3RIAS<\/a> <a href=\"https:\/\/nsf.pt\/index.php\/category\/destaque\/\" rel=\"category tag\">DESTAQUE<\/a>","tag_info":"DESTAQUE","comment_count":"0","post_mailing_queue_ids":[],"_links":{"self":[{"href":"https:\/\/nsf.pt\/index.php\/wp-json\/wp\/v2\/posts\/17629"}],"collection":[{"href":"https:\/\/nsf.pt\/index.php\/wp-json\/wp\/v2\/posts"}],"about":[{"href":"https:\/\/nsf.pt\/index.php\/wp-json\/wp\/v2\/types\/post"}],"author":[{"embeddable":true,"href":"https:\/\/nsf.pt\/index.php\/wp-json\/wp\/v2\/users\/2"}],"replies":[{"embeddable":true,"href":"https:\/\/nsf.pt\/index.php\/wp-json\/wp\/v2\/comments?post=17629"}],"version-history":[{"count":1,"href":"https:\/\/nsf.pt\/index.php\/wp-json\/wp\/v2\/posts\/17629\/revisions"}],"predecessor-version":[{"id":17631,"href":"https:\/\/nsf.pt\/index.php\/wp-json\/wp\/v2\/posts\/17629\/revisions\/17631"}],"wp:featuredmedia":[{"embeddable":true,"href":"https:\/\/nsf.pt\/index.php\/wp-json\/wp\/v2\/media\/17630"}],"wp:attachment":[{"href":"https:\/\/nsf.pt\/index.php\/wp-json\/wp\/v2\/media?parent=17629"}],"wp:term":[{"taxonomy":"category","embeddable":true,"href":"https:\/\/nsf.pt\/index.php\/wp-json\/wp\/v2\/categories?post=17629"},{"taxonomy":"post_tag","embeddable":true,"href":"https:\/\/nsf.pt\/index.php\/wp-json\/wp\/v2\/tags?post=17629"},{"taxonomy":"post_badge","embeddable":true,"href":"https:\/\/nsf.pt\/index.php\/wp-json\/wp\/v2\/post_badge?post=17629"}],"curies":[{"name":"wp","href":"https:\/\/api.w.org\/{rel}","templated":true}]}}