{"id":1888,"date":"2020-08-21T10:36:59","date_gmt":"2020-08-21T10:36:59","guid":{"rendered":"http:\/\/aep61-74.org\/?p=1888"},"modified":"2020-12-29T00:19:52","modified_gmt":"2020-12-29T00:19:52","slug":"cultura-cancao-de-protesto-em-grandola-em-meados-de-setembro","status":"publish","type":"post","link":"https:\/\/nsf.pt\/index.php\/2020\/08\/21\/cultura-cancao-de-protesto-em-grandola-em-meados-de-setembro\/","title":{"rendered":"CULTURA |Can\u00e7\u00e3o de protesto em Gr\u00e2ndola em meados de setembro"},"content":{"rendered":"\n<p><strong>Jos\u00e9 M\u00e1rio Branco e o ex\u00edlio v\u00e3o estar no centro do Encontro da Can\u00e7\u00e3o de Protesto que se realiza em Gr\u00e2ndola entre 17 e 20 de setembro 2020.<\/strong><\/p>\n\n\n\n<p>SF | 21-08-2020 | A AEP vai dar o seu modesto contributo nesta importante iniciativa do <a href=\"https:\/\/ocprotesto.org\/\">Observat\u00f3rio da Can\u00e7\u00e3o de Protesto <\/a>organiza\u00e7\u00e3o que a AJA &#8211; Associa\u00e7\u00e3o Jos\u00e9 Afonso integra a par de outras entidades como o Munic\u00edpio de Gr\u00e2ndola, entidade promotora, a Sociedade Musical Fraternidade Oper\u00e1ria Grandolense, e os institutos da Faculdade de Ci\u00eancias Sociais e Humanas da Universidade Nova de Lisboa Centro de Estudos de Sociologia e Est\u00e9tica Musical (CESEM), Instituto de Etnomusicologia \u2013 Centro de Estudos em M\u00fasica e Dan\u00e7a (INET-md), e Instituto de Hist\u00f3ria Contempor\u00e2nea (IHC). Foi precisamente a Associa\u00e7\u00e3o Jos\u00e9 Afonso que nos solicitou para contribuirmos de forma pontual com os nossos materiais relacionados com o ex\u00edlio.<\/p>\n\n\n\n<p>O <a href=\"https:\/\/www.radiocampanario.com\/\">Di\u00e1rio Campan\u00e1rio<\/a> divulgou a iniciativa de forma exaustiva tendo por base um comunicado do Munic\u00edpio de Gr\u00e2ndola com o seguinte conte\u00fado:<\/p>\n\n\n\n<p>&#8220;O Munic\u00edpio de Gr\u00e2ndola divulgou que, no \u00e2mbito da atividade do OCP &#8211; Observat\u00f3rio da Can\u00e7\u00e3o de Protesto ir\u00e1 realizar-se em Gr\u00e2ndola, entre os dias 17 e 20 de Setembro de 2020, uma nova edi\u00e7\u00e3o do Encontro da Can\u00e7\u00e3o de Protesto, com espet\u00e1culos musicais, exposi\u00e7\u00f5es e document\u00e1rios dedicados \u00e0 tem\u00e1tica do ex\u00edlio, e col\u00f3quios, sess\u00f5es testemunhais e de canto livre em que estar\u00e3o presentes figuras relacionadas com os universos de Jos\u00e9 M\u00e1rio Branco e com a can\u00e7\u00e3o de protesto.<\/p>\n\n\n\n<p>O Encontro iniciar\u00e1 em 17 de setembro \u00e0s 21h no Cine Granadeiro com a inaugura\u00e7\u00e3o da exposi\u00e7\u00e3o organizada pelo OCP e idealizada para itiner\u00e2ncia \u201cEmigra\u00e7\u00e3o, ex\u00edlio e can\u00e7\u00e3o de protesto\u201d, seguindo-se, \u00e0s 21h30m, no mesmo local, o espet\u00e1culo de leituras encenadas da Associa\u00e7\u00e3o Art\u00edstica Andante (Pr\u00e9mio LER+ em 2019) \u00c0 MARGEM (de uma certa maneira) \u2014 O canto do ex\u00edlio.<\/p>\n\n\n\n<p>Na sexta-feira, dia 18 de Setembro \u00e0s 21h30&nbsp;S\u00e9rgio Godinho e os Assessores ir\u00e3o promover em Gr\u00e2ndola, no parque de feiras e exposi\u00e7\u00f5es, uma viagem musical pela profusa carreira do cantor, compositor, escritor, ator de teatro e cinema, com a recria\u00e7\u00e3o de algumas can\u00e7\u00f5es que marcaram os discos Os sobreviventes e Pr\u00e9-Hist\u00f3rias \u2014 gravados em 1972 e 1973, respetivamente, quando este se encontrava no ex\u00edlio em Fran\u00e7a \u2013 e a interpreta\u00e7\u00e3o de outras, mais ou menos recentes, poeticamente associadas ao conceito de ex\u00edlio.<\/p>\n\n\n\n<p>S\u00e1bado, dia 19 de Setembro, o Cine Granadeiro acolher\u00e1, entre as 10h e as 13h30m, e as 15h e as 18h, um conjunto de sess\u00f5es testemunhais dedicadas aos universos de Jos\u00e9 M\u00e1rio Branco \u2014 protagonizadas por Agn\u00e8s Pellerin, Alexandre Alves Costa, Ant\u00f3nio Branco, Ana Matos Fernandes (Capicua), Carlos Fragateiro, Domingos Morais, Fl\u00e1vio Almada (LBC Soldjah), Francisco Fanhais, H\u00e9lder Costa, Jo\u00e3o Madeira, Lu\u00eds C\u00edlia, Manuel Deniz Silva, Manuel Pedro Ferreira, M\u00e1rio Vieira de Carvalho, Nuno Santos (Pr\u00e9tu Chullage), Rita Azevedo Gomes, Rui Cidra, S\u00e9rgio Godinho e Tino Flores.<\/p>\n\n\n\n<p>Durante a noite, no mesmo espa\u00e7o, \u00e0s 21h30m, decorrer\u00e1 a apresenta\u00e7\u00e3o de um espet\u00e1culo in\u00e9dito intitulado \u201cUma m\u00e3o cheia de vozes na luta\u201d, com a atua\u00e7\u00e3o de membros do Grupo de Ac\u00e7\u00e3o Cultural \u2013 Afonso Dias, Ant\u00f3nio Duarte, Carlos Guerreiro, Tino Flores e Jo\u00e3o L\u00f3io.<\/p>\n\n\n\n<p>O Encontro da Can\u00e7\u00e3o de Protesto de 2020 encerrar-se-\u00e1 no domingo, dia 20 de Setembro, no Cine Granadeiro, com o encontro-col\u00f3quio \u201cContra as ditaduras erguer a voz e cantar\u201d, com a participa\u00e7\u00e3o de alguns membros do Conselho Consultivo do Observat\u00f3rio da Can\u00e7\u00e3o de Protesto \u2014 Adelino Gomes*, Ana Matos Fernandes (Capicua), Nuno Santos (Pr\u00e9tu Chullage)*, Jo\u00e3o Carlos Callixto*, Jos\u00e9 Fortes, Joaquim Vieira, Manuel Freire, Salwa Castelo-Branco*, Viriato Teles*, Soraia Sim\u00f5es de Andrade e Rui Vieira Nery* \u2014 e o convidado Alberto Carrillo Linares, a exibi\u00e7\u00e3o do document\u00e1rio Les Printemps de L\u2019 Exil \u2014 legendado para o prop\u00f3sito \u2014&nbsp; e a actua\u00e7\u00e3o do Coro da Casa da Achada \u2013 Centro M\u00e1rio Dion\u00edsio.<\/p>\n\n\n\n<p>O Observat\u00f3rio da Can\u00e7\u00e3o de Protesto (OCP) \u00e9 um organismo resultante da parceria entre o Munic\u00edpio de Gr\u00e2ndola, entidade promotora, a Associa\u00e7\u00e3o Jos\u00e9 Afonso, a Sociedade Musical Fraternidade Oper\u00e1ria Grandolense, e os institutos da Faculdade de Ci\u00eancias Sociais e Humanas da Universidade Nova de Lisboa Centro de Estudos de Sociologia e Est\u00e9tica Musical (CESEM), Instituto de Etnomusicologia \u2013 Centro de Estudos em M\u00fasica e Dan\u00e7a (INET-md), e Instituto de Hist\u00f3ria Contempor\u00e2nea (IHC).<\/p>\n\n\n\n<p>Os seus objetivos s\u00e3o o estudo, a salvaguarda e a divulga\u00e7\u00e3o do patrim\u00f3nio musical tang\u00edvel e intang\u00edvel da can\u00e7\u00e3o de protesto produzido durante os s\u00e9culos XX e XXI, atrav\u00e9s da realiza\u00e7\u00e3o de iniciativas culturais diversas. A entrada em todas as iniciativas \u00e9 gratuita mediante reserva antecipada de lugar atrav\u00e9s do n\u00famero 269 448 030 e sujeita \u00e0 lota\u00e7\u00e3o da sala&#8221;.<\/p>\n\n\n\n<figure class=\"wp-block-image size-large\"><img decoding=\"async\" loading=\"lazy\" width=\"724\" height=\"1024\" src=\"http:\/\/aep61-74.org\/wp-content\/uploads\/2020\/08\/Programa17a20setembro-724x1024.jpg\" alt=\"\" class=\"wp-image-1889\" srcset=\"https:\/\/nsf.pt\/wp-content\/uploads\/2020\/08\/Programa17a20setembro-724x1024.jpg 724w, https:\/\/nsf.pt\/wp-content\/uploads\/2020\/08\/Programa17a20setembro-212x300.jpg 212w, https:\/\/nsf.pt\/wp-content\/uploads\/2020\/08\/Programa17a20setembro-768x1086.jpg 768w, https:\/\/nsf.pt\/wp-content\/uploads\/2020\/08\/Programa17a20setembro-1086x1536.jpg 1086w, https:\/\/nsf.pt\/wp-content\/uploads\/2020\/08\/Programa17a20setembro-1448x2048.jpg 1448w, https:\/\/nsf.pt\/wp-content\/uploads\/2020\/08\/Programa17a20setembro-scaled.jpg 1810w\" sizes=\"(max-width: 724px) 100vw, 724px\" \/><\/figure>\n\n\n\n<p>@foto JMB <em>Foto: ARQUIVO GESCO\/Blitz<\/em><\/p>\n","protected":false},"excerpt":{"rendered":"<p>Jos\u00e9 M\u00e1rio Branco e o ex\u00edlio v\u00e3o estar no centro do Encontro da Can\u00e7\u00e3o de&#8230;<\/p>\n","protected":false},"author":2,"featured_media":1890,"comment_status":"closed","ping_status":"closed","sticky":false,"template":"","format":"standard","meta":{"sfsi_plus_gutenberg_text_before_share":"","sfsi_plus_gutenberg_show_text_before_share":"","sfsi_plus_gutenberg_icon_type":"","sfsi_plus_gutenberg_icon_alignemt":"","sfsi_plus_gutenburg_max_per_row":"","ngg_post_thumbnail":0,"footnotes":""},"categories":[3],"tags":[34,37,36,35],"featured_image_urls":{"full":["https:\/\/nsf.pt\/wp-content\/uploads\/2020\/08\/ze-mario.jpg",750,520,false],"thumbnail":["https:\/\/nsf.pt\/wp-content\/uploads\/2020\/08\/ze-mario-150x150.jpg",150,150,true],"medium":["https:\/\/nsf.pt\/wp-content\/uploads\/2020\/08\/ze-mario-300x208.jpg",300,208,true],"medium_large":["https:\/\/nsf.pt\/wp-content\/uploads\/2020\/08\/ze-mario.jpg",640,444,false],"large":["https:\/\/nsf.pt\/wp-content\/uploads\/2020\/08\/ze-mario.jpg",640,444,false],"1536x1536":["https:\/\/nsf.pt\/wp-content\/uploads\/2020\/08\/ze-mario.jpg",750,520,false],"2048x2048":["https:\/\/nsf.pt\/wp-content\/uploads\/2020\/08\/ze-mario.jpg",750,520,false],"covernews-slider-full":["https:\/\/nsf.pt\/wp-content\/uploads\/2020\/08\/ze-mario.jpg",750,520,false],"covernews-slider-center":["https:\/\/nsf.pt\/wp-content\/uploads\/2020\/08\/ze-mario.jpg",721,500,false],"covernews-featured":["https:\/\/nsf.pt\/wp-content\/uploads\/2020\/08\/ze-mario.jpg",750,520,false],"covernews-medium":["https:\/\/nsf.pt\/wp-content\/uploads\/2020\/08\/ze-mario.jpg",490,340,false],"covernews-medium-square":["https:\/\/nsf.pt\/wp-content\/uploads\/2020\/08\/ze-mario.jpg",361,250,false]},"author_info":{"info":["Carlos Ribeiro"]},"category_info":"<a href=\"https:\/\/nsf.pt\/index.php\/category\/cooperacao\/\" rel=\"category tag\">COOPERA\u00c7\u00c3O<\/a>","tag_info":"COOPERA\u00c7\u00c3O","comment_count":"0","_links":{"self":[{"href":"https:\/\/nsf.pt\/index.php\/wp-json\/wp\/v2\/posts\/1888"}],"collection":[{"href":"https:\/\/nsf.pt\/index.php\/wp-json\/wp\/v2\/posts"}],"about":[{"href":"https:\/\/nsf.pt\/index.php\/wp-json\/wp\/v2\/types\/post"}],"author":[{"embeddable":true,"href":"https:\/\/nsf.pt\/index.php\/wp-json\/wp\/v2\/users\/2"}],"replies":[{"embeddable":true,"href":"https:\/\/nsf.pt\/index.php\/wp-json\/wp\/v2\/comments?post=1888"}],"version-history":[{"count":3,"href":"https:\/\/nsf.pt\/index.php\/wp-json\/wp\/v2\/posts\/1888\/revisions"}],"predecessor-version":[{"id":1893,"href":"https:\/\/nsf.pt\/index.php\/wp-json\/wp\/v2\/posts\/1888\/revisions\/1893"}],"wp:featuredmedia":[{"embeddable":true,"href":"https:\/\/nsf.pt\/index.php\/wp-json\/wp\/v2\/media\/1890"}],"wp:attachment":[{"href":"https:\/\/nsf.pt\/index.php\/wp-json\/wp\/v2\/media?parent=1888"}],"wp:term":[{"taxonomy":"category","embeddable":true,"href":"https:\/\/nsf.pt\/index.php\/wp-json\/wp\/v2\/categories?post=1888"},{"taxonomy":"post_tag","embeddable":true,"href":"https:\/\/nsf.pt\/index.php\/wp-json\/wp\/v2\/tags?post=1888"}],"curies":[{"name":"wp","href":"https:\/\/api.w.org\/{rel}","templated":true}]}}