{"id":1934,"date":"2020-09-12T21:45:34","date_gmt":"2020-09-12T21:45:34","guid":{"rendered":"http:\/\/aep61-74.org\/?p=1934"},"modified":"2020-12-29T00:18:55","modified_gmt":"2020-12-29T00:18:55","slug":"historia-a-resistencia-final-de-salvador-allende","status":"publish","type":"post","link":"https:\/\/nsf.pt\/index.php\/2020\/09\/12\/historia-a-resistencia-final-de-salvador-allende\/","title":{"rendered":"HIST\u00d3RIA |A resist\u00eancia final de Salvador Allende"},"content":{"rendered":"\n<p><strong>SF | 12 setembro 2020 | Por ocasi\u00e3o de mais um anivers\u00e1rio do &#8220;Golpe de Pinochet, no Chile 11 de setembro de 1973&#8221; divulgamos um dos muitos registos ou document\u00e1rios sobre os acontecimentos, no caso uma produ\u00e7\u00e3o da T\u00e9l\u00e9-Quebec e da France 3.<\/strong><\/p>\n\n\n\n<p>Na madrugada de 11 de setembro de 1973, o telefone tocou na resid\u00eancia presidencial do Chile trazendo uma not\u00edcia que mudaria para sempre a hist\u00f3ria de um povo: as for\u00e7as navais chilenas tinham se levantado em Valpara\u00edso. <\/p>\n\n\n\n<p>Poucas horas mais tarde, todo o poderio militar exigiria que o presidente deixasse o cargo. O golpe era um fato. Tr\u00eas anos antes, Salvador Allende, o candidato da Uni\u00e3o do Povo, ganhou a elei\u00e7\u00e3o do primeiro regime socialista da Am\u00e9rica Latina eleito democraticamente \u00e0 presid\u00eancia. Mas nem toda a sociedade chilena comemorou a vit\u00f3ria. As associa\u00e7\u00f5es de extrema-direita, alinhadas com as principais pot\u00eancias mundiais e apoiadas principalmente pelos EUA, se uniram para derrubar o governo Allende. <\/p>\n\n\n\n<p>As \u00faltimas palavras de Salvador Allende dedicadas ao seu povo, as imagens angustiantes do bombardeio militar, as ordens severas dadas pelo ditador Augusto Pinochet e o depoimento de sobreviventes que acompanharam o presidente at\u00e9 o \u00faltimo minuto de sua vida, mostram vividamente os acontecimentos daquele 11 de setembro de 1973, dia em que o povo chileno come\u00e7ou a viver uma ditadura longa e sangrenta. <\/p>\n\n\n\n<p>O document\u00e1rio foi produzido pela produtora canadense T\u00e9l\u00e9-Qu\u00e9bec e francesa France 3 e descreve o que aconteceu no Pal\u00e1cio de La Moneda durante as longas horas de resist\u00eancia. .<\/p>\n\n\n\n<p> T\u00edtulo Original: El \u00faltimo combate de Salvador Allende . Director: Patricio Henr\u00edquez . Ano de produ\u00e7\u00e3o: 1998<\/p>\n\n\n\n<figure class=\"wp-block-embed-youtube wp-block-embed is-type-video is-provider-youtube wp-embed-aspect-4-3 wp-has-aspect-ratio\"><div class=\"wp-block-embed__wrapper\">\n<iframe loading=\"lazy\" title=\"A resist\u00eancia final de Salvador Allende (Legendado PT)\" width=\"640\" height=\"480\" src=\"https:\/\/www.youtube.com\/embed\/PHaXSUVPRw0?feature=oembed\" frameborder=\"0\" allow=\"accelerometer; autoplay; clipboard-write; encrypted-media; gyroscope; picture-in-picture\" allowfullscreen><\/iframe>\n<\/div><\/figure>\n","protected":false},"excerpt":{"rendered":"<p>SF | 12 setembro 2020 | Por ocasi\u00e3o de mais um anivers\u00e1rio do &#8220;Golpe de&#8230;<\/p>\n","protected":false},"author":2,"featured_media":1935,"comment_status":"closed","ping_status":"closed","sticky":false,"template":"","format":"standard","meta":{"sfsi_plus_gutenberg_text_before_share":"","sfsi_plus_gutenberg_show_text_before_share":"","sfsi_plus_gutenberg_icon_type":"","sfsi_plus_gutenberg_icon_alignemt":"","sfsi_plus_gutenburg_max_per_row":"","ngg_post_thumbnail":0,"footnotes":""},"categories":[5],"tags":[52,53],"featured_image_urls":{"full":["https:\/\/nsf.pt\/wp-content\/uploads\/2020\/09\/allende.png",1050,578,false],"thumbnail":["https:\/\/nsf.pt\/wp-content\/uploads\/2020\/09\/allende-150x150.png",150,150,true],"medium":["https:\/\/nsf.pt\/wp-content\/uploads\/2020\/09\/allende-300x165.png",300,165,true],"medium_large":["https:\/\/nsf.pt\/wp-content\/uploads\/2020\/09\/allende-768x423.png",640,353,true],"large":["https:\/\/nsf.pt\/wp-content\/uploads\/2020\/09\/allende-1024x564.png",640,353,true],"1536x1536":["https:\/\/nsf.pt\/wp-content\/uploads\/2020\/09\/allende.png",1050,578,false],"2048x2048":["https:\/\/nsf.pt\/wp-content\/uploads\/2020\/09\/allende.png",1050,578,false],"covernews-slider-full":["https:\/\/nsf.pt\/wp-content\/uploads\/2020\/09\/allende.png",1050,578,false],"covernews-slider-center":["https:\/\/nsf.pt\/wp-content\/uploads\/2020\/09\/allende.png",800,440,false],"covernews-featured":["https:\/\/nsf.pt\/wp-content\/uploads\/2020\/09\/allende.png",1024,564,false],"covernews-medium":["https:\/\/nsf.pt\/wp-content\/uploads\/2020\/09\/allende.png",540,297,false],"covernews-medium-square":["https:\/\/nsf.pt\/wp-content\/uploads\/2020\/09\/allende.png",400,220,false]},"author_info":{"info":["Carlos Ribeiro"]},"category_info":"<a href=\"https:\/\/nsf.pt\/index.php\/category\/memorias-vivas\/centro-documentacao\/\" rel=\"category tag\">CENTRO DOCUMENTA\u00c7\u00c3O<\/a>","tag_info":"CENTRO DOCUMENTA\u00c7\u00c3O","comment_count":"0","_links":{"self":[{"href":"https:\/\/nsf.pt\/index.php\/wp-json\/wp\/v2\/posts\/1934"}],"collection":[{"href":"https:\/\/nsf.pt\/index.php\/wp-json\/wp\/v2\/posts"}],"about":[{"href":"https:\/\/nsf.pt\/index.php\/wp-json\/wp\/v2\/types\/post"}],"author":[{"embeddable":true,"href":"https:\/\/nsf.pt\/index.php\/wp-json\/wp\/v2\/users\/2"}],"replies":[{"embeddable":true,"href":"https:\/\/nsf.pt\/index.php\/wp-json\/wp\/v2\/comments?post=1934"}],"version-history":[{"count":1,"href":"https:\/\/nsf.pt\/index.php\/wp-json\/wp\/v2\/posts\/1934\/revisions"}],"predecessor-version":[{"id":1936,"href":"https:\/\/nsf.pt\/index.php\/wp-json\/wp\/v2\/posts\/1934\/revisions\/1936"}],"wp:featuredmedia":[{"embeddable":true,"href":"https:\/\/nsf.pt\/index.php\/wp-json\/wp\/v2\/media\/1935"}],"wp:attachment":[{"href":"https:\/\/nsf.pt\/index.php\/wp-json\/wp\/v2\/media?parent=1934"}],"wp:term":[{"taxonomy":"category","embeddable":true,"href":"https:\/\/nsf.pt\/index.php\/wp-json\/wp\/v2\/categories?post=1934"},{"taxonomy":"post_tag","embeddable":true,"href":"https:\/\/nsf.pt\/index.php\/wp-json\/wp\/v2\/tags?post=1934"}],"curies":[{"name":"wp","href":"https:\/\/api.w.org\/{rel}","templated":true}]}}